{"id":7816,"date":"2021-04-14T11:09:01","date_gmt":"2021-04-14T09:09:01","guid":{"rendered":"https:\/\/www.cgt-lkn.org\/bizkaia\/gestamp\/?p=7816"},"modified":"2021-04-19T08:32:16","modified_gmt":"2021-04-19T06:32:16","slug":"los-sindicatos-rechazan-que-la-crisis-de-componentes-de-renault-recaiga-unicamente-sobre-los-trabajadores","status":"publish","type":"post","link":"https:\/\/www.cgt-lkn.org\/bizkaia-gestamp\/2021\/04\/14\/los-sindicatos-rechazan-que-la-crisis-de-componentes-de-renault-recaiga-unicamente-sobre-los-trabajadores\/","title":{"rendered":"Los sindicatos rechazan que la crisis de componentes de Renault recaiga \u00fanicamente sobre los trabajadores"},"content":{"rendered":"<p>Fuente: <a href=\"https:\/\/cadenaser.com\/emisora\/2021\/04\/13\/radio_palencia\/1618333939_212260.html?ssm=fb\">https:\/\/cadenaser.com\/emisora\/2021\/04\/13\/radio_palencia\/1618333939_212260.html?ssm=fb<\/a><\/p>\n<p><img loading=\"lazy\" decoding=\"async\" class=\"aligncenter\" src=\"https:\/\/cadenaser00.epimg.net\/ser\/imagenes\/2021\/04\/13\/radio_palencia\/1618333939_212260_1618337162_noticia_normal.jpg\" alt=\"Los sindicatos rechazan que la crisis de componentes de Renault recaiga \u00fanicamente sobre los trabajadores | Radio Palencia | Actualidad | Cadena SER\" width=\"506\" height=\"334\" \/>Los sindicatos\u00a0<strong><span style=\"color: #ff0000\">UGT,<\/span> CCOO y CGT\u00a0<\/strong><span style=\"color: #ff0000\"><strong>rechaza<\/strong>n<\/span> que toda <strong><span style=\"color: #ff0000\">la crisis de\u00a0Renault\u00a0motivada por la falta de componentes electr\u00f3nicos<\/span><\/strong> recaiga de forma directa y exclusiva sobre\u00a0<strong>los trabajadores<\/strong>\u00a0mediante la aplicaci\u00f3n de un\u00a0<strong>Erte<\/strong>\u00a0que se extender\u00eda hasta el 30 de septiembre. Aunque a los trabajadores de la\u00a0<strong>factor\u00eda de Villamuriel de Cerrato<\/strong>\u00a0no les ha pillado de sorpresa, lo cierto que hay temor entre los\u00a0<strong>algo m\u00e1s de 2.600 trabajadores<\/strong>\u00a0que conforman la plantilla actualmente. A pocas horas de celebrar la primera reuni\u00f3n para abordar el futuro los sindicatos se afanan en estudiar la documentaci\u00f3n remitida por la empresa y estudian\u00a0<strong>medidas alternativas<\/strong>\u00a0a la aplicaci\u00f3n de un erte que tendr\u00e1\u00a0<strong>consecuencias muy negativas<\/strong> sobre la situaci\u00f3n econ\u00f3mica de los trabajadores.<\/p>\n<ul>\n<li><strong>\u00bfporque UGT en Gestamp Bizkaia no lo rechaza?<\/strong><\/li>\n<\/ul>\n<p>La compa\u00f1\u00eda va a solicitar 39 d\u00edas para la factor\u00eda de Palencia, desde UGT destacan que, adem\u00e1s de presentar otras alternativas por las repercusiones que esta medida puede tener entre los trabajadores, se muestra tranquilo ya que entienden que el futuro de Renault est\u00e1 asegurado tras la presentaci\u00f3n p\u00fablica del nuevo plan industrial y la adjudicaci\u00f3n de 3 nuevos modelos para Palencia. Desde CCOO entienden que se trata de una medida adoptada por la falta de previsi\u00f3n de la empresa y que va a tener un impacto directo muy negativo para los trabajadores y de manera indirecta para las empresas afines. Aunque se trata de una situaci\u00f3n arrastrada ya desde 2020 no esperaban que fuera a ser tan tajante la respuesta y exigir\u00e1n a Renault que busque otras soluciones para que no recaiga todo el peso sobre los trabajadores. CGT se muestra m\u00e1s contundente y acusa a la empresa de dar por seguro el Erte antes de sentarse a negociar y acusa a Renault de irresponsabilidad y de ser la responsable de esta situaci\u00f3n por trasladar la producci\u00f3n de estos componentes a lugares muy lejanos y de bajo coste. Califican la situaci\u00f3n de muy dif\u00edcil y dura para los trabajadores.not<\/p>\n","protected":false},"excerpt":{"rendered":"<p>A la espera de la primera reuni\u00f3n este mi\u00e9rcoles, UGT, CCOO y CGT anuncian que exigir\u00e1n a la empresa otras alternativas. <strong><span style=\"color: #ff0000\">UGT<\/span>, CCOO Y CGT<span style=\"color: #ff0000\"> rechaza<\/span>n el <span style=\"color: #ff0000\">erte planteado por Renault y exigen un plan alternativo.<\/span><\/strong><\/p>\n<p><strong>\u00bfporque en Gestamp Bizkaia no lo rechaza?<\/strong><\/p>\n","protected":false},"author":72,"featured_media":1802,"comment_status":"closed","ping_status":"open","sticky":false,"template":"","format":"standard","meta":{"footnotes":"","_links_to":"","_links_to_target":""},"categories":[5,22,27],"tags":[86,143,219],"class_list":["post-7816","post","type-post","status-publish","format-standard","has-post-thumbnail","hentry","category-automocion","category-en-la-prensa","category-sindical","tag-erte","tag-noticias","tag-semiconductores"],"publishpress_future_action":{"enabled":false,"date":"2026-05-04 14:10:40","action":"change-status","newStatus":"draft","terms":[],"taxonomy":"category","extraData":[]},"publishpress_future_workflow_manual_trigger":{"enabledWorkflows":[]},"_links":{"self":[{"href":"https:\/\/www.cgt-lkn.org\/bizkaia-gestamp\/wp-json\/wp\/v2\/posts\/7816","targetHints":{"allow":["GET"]}}],"collection":[{"href":"https:\/\/www.cgt-lkn.org\/bizkaia-gestamp\/wp-json\/wp\/v2\/posts"}],"about":[{"href":"https:\/\/www.cgt-lkn.org\/bizkaia-gestamp\/wp-json\/wp\/v2\/types\/post"}],"author":[{"embeddable":true,"href":"https:\/\/www.cgt-lkn.org\/bizkaia-gestamp\/wp-json\/wp\/v2\/users\/72"}],"replies":[{"embeddable":true,"href":"https:\/\/www.cgt-lkn.org\/bizkaia-gestamp\/wp-json\/wp\/v2\/comments?post=7816"}],"version-history":[{"count":2,"href":"https:\/\/www.cgt-lkn.org\/bizkaia-gestamp\/wp-json\/wp\/v2\/posts\/7816\/revisions"}],"predecessor-version":[{"id":7819,"href":"https:\/\/www.cgt-lkn.org\/bizkaia-gestamp\/wp-json\/wp\/v2\/posts\/7816\/revisions\/7819"}],"wp:featuredmedia":[{"embeddable":true,"href":"https:\/\/www.cgt-lkn.org\/bizkaia-gestamp\/wp-json\/wp\/v2\/media\/1802"}],"wp:attachment":[{"href":"https:\/\/www.cgt-lkn.org\/bizkaia-gestamp\/wp-json\/wp\/v2\/media?parent=7816"}],"wp:term":[{"taxonomy":"category","embeddable":true,"href":"https:\/\/www.cgt-lkn.org\/bizkaia-gestamp\/wp-json\/wp\/v2\/categories?post=7816"},{"taxonomy":"post_tag","embeddable":true,"href":"https:\/\/www.cgt-lkn.org\/bizkaia-gestamp\/wp-json\/wp\/v2\/tags?post=7816"}],"curies":[{"name":"wp","href":"https:\/\/api.w.org\/{rel}","templated":true}]}}