{"id":7774,"date":"2021-03-26T14:42:49","date_gmt":"2021-03-26T13:42:49","guid":{"rendered":"https:\/\/www.cgt-lkn.org\/bizkaia\/gestamp\/?p=7774"},"modified":"2021-03-26T14:44:06","modified_gmt":"2021-03-26T13:44:06","slug":"herido-grave-por-un-accidente-laboral-en-mercedes","status":"publish","type":"post","link":"https:\/\/www.cgt-lkn.org\/bizkaia-gestamp\/2021\/03\/26\/herido-grave-por-un-accidente-laboral-en-mercedes\/","title":{"rendered":"Herido grave por un accidente laboral en Mercedes"},"content":{"rendered":"<p>fuente; https:\/\/www.gasteizhoy.com\/herido-grave-por-un-accidente-laboral-en-mercedes\/<\/p>\n<p>&nbsp;<\/p>\n<p><strong>Un trabajador de Mercedes sufri\u00f3 un accidente laboral durante la madrugada del mi\u00e9rcoles<\/strong>. Este percance ha dejado al herido en una situaci\u00f3n muy grave, y permanece ingresado. El trabajador se encontraba en la l\u00ednea 9 de montaje final. Sufri\u00f3 un atrapamiento y tuvo que pasar por el quir\u00f3fano.<\/p>\n<p>El comit\u00e9 de empresa de Mercedes ha convocado a todos sus trabajadores a una<strong>\u00a0concentraci\u00f3n ma\u00f1ana 26 de marzo de 13:30 a 14:30<\/strong>\u00a0en la entrada del parking Sur (Calle Las Arenas).<\/p>\n<p>El comit\u00e9 denuncia \u201cla<strong>\u00a0reducci\u00f3n de los servicios m\u00e9dicos<\/strong>\u00a0en la f\u00e1brica. La empresa debe disponer los medios necesarios que garanticen la seguridad de todos los trabajadores\u201d. Por otro lado, culpan a la empresa de \u201cla alta exigencia en la producci\u00f3n que puede ser un elemento que genere este u otro tipo de accidentes, como han ocurrido en el pasado\u201d. Eso s\u00ed, el comit\u00e9 no entra a valorar a\u00fan las circunstancias de este accidente, que analizan los delegados de prevenci\u00f3n y riesgos laborales.<\/p>\n<p>&nbsp;<\/p>\n<h3 style=\"text-align: center\">Operado de urgencia y en estado grave en la UCI un trabajador de Mercedes atrapado por una m\u00e1quina<\/h3>\n<p>El accidente tuvo lugar la pasada noche, a escasos minutos de finalizar el turno. Una estructura met\u00e1lica de grandes dimensiones aprision\u00f3 por el pecho al operario<\/p>\n<p>&nbsp;<\/p>\n","protected":false},"excerpt":{"rendered":"<p>Sufri\u00f3 un atrapamiento y tuvo que pasar por el quir\u00f3fano.<\/p>\n<p>&nbsp;<\/p>\n","protected":false},"author":72,"featured_media":7775,"comment_status":"closed","ping_status":"open","sticky":false,"template":"","format":"standard","meta":{"footnotes":"","_links_to":"","_links_to_target":""},"categories":[16,22],"tags":[45,161,143,228],"class_list":["post-7774","post","type-post","status-publish","format-standard","has-post-thumbnail","hentry","category-mercedes","category-en-la-prensa","tag-accidentes-laborales","tag-mercedes","tag-noticias","tag-vitoria"],"publishpress_future_action":{"enabled":false,"date":"2026-05-04 03:40:06","action":"change-status","newStatus":"draft","terms":[],"taxonomy":"category","extraData":[]},"publishpress_future_workflow_manual_trigger":{"enabledWorkflows":[]},"_links":{"self":[{"href":"https:\/\/www.cgt-lkn.org\/bizkaia-gestamp\/wp-json\/wp\/v2\/posts\/7774","targetHints":{"allow":["GET"]}}],"collection":[{"href":"https:\/\/www.cgt-lkn.org\/bizkaia-gestamp\/wp-json\/wp\/v2\/posts"}],"about":[{"href":"https:\/\/www.cgt-lkn.org\/bizkaia-gestamp\/wp-json\/wp\/v2\/types\/post"}],"author":[{"embeddable":true,"href":"https:\/\/www.cgt-lkn.org\/bizkaia-gestamp\/wp-json\/wp\/v2\/users\/72"}],"replies":[{"embeddable":true,"href":"https:\/\/www.cgt-lkn.org\/bizkaia-gestamp\/wp-json\/wp\/v2\/comments?post=7774"}],"version-history":[{"count":1,"href":"https:\/\/www.cgt-lkn.org\/bizkaia-gestamp\/wp-json\/wp\/v2\/posts\/7774\/revisions"}],"predecessor-version":[{"id":7778,"href":"https:\/\/www.cgt-lkn.org\/bizkaia-gestamp\/wp-json\/wp\/v2\/posts\/7774\/revisions\/7778"}],"wp:featuredmedia":[{"embeddable":true,"href":"https:\/\/www.cgt-lkn.org\/bizkaia-gestamp\/wp-json\/wp\/v2\/media\/7775"}],"wp:attachment":[{"href":"https:\/\/www.cgt-lkn.org\/bizkaia-gestamp\/wp-json\/wp\/v2\/media?parent=7774"}],"wp:term":[{"taxonomy":"category","embeddable":true,"href":"https:\/\/www.cgt-lkn.org\/bizkaia-gestamp\/wp-json\/wp\/v2\/categories?post=7774"},{"taxonomy":"post_tag","embeddable":true,"href":"https:\/\/www.cgt-lkn.org\/bizkaia-gestamp\/wp-json\/wp\/v2\/tags?post=7774"}],"curies":[{"name":"wp","href":"https:\/\/api.w.org\/{rel}","templated":true}]}}