{"id":7767,"date":"2021-03-22T18:23:13","date_gmt":"2021-03-22T17:23:13","guid":{"rendered":"https:\/\/www.cgt-lkn.org\/bizkaia\/gestamp\/?p=7767"},"modified":"2021-04-10T20:06:20","modified_gmt":"2021-04-10T18:06:20","slug":"comunicados","status":"publish","type":"post","link":"https:\/\/www.cgt-lkn.org\/bizkaia-gestamp\/2021\/03\/22\/comunicados\/","title":{"rendered":"Reuni\u00f3n Comit\u00e9 empresa: Microchips"},"content":{"rendered":"<p>Kaixo,<\/p>\n<p>Hoy la direcci\u00f3n de empresa nos ha reunido al comit\u00e9 para informa de la situaci\u00f3n de nuestros clientes ante sus previsibles paradas por la falta de chips o semiconductores.<\/p>\n<p>Por ahora no van a parar ya que tienen suministros para esta semana y la que viene. Aunque no est\u00e1 garantizado al 100\u2105.<\/p>\n<p>Mercedes usar\u00eda la Bolsa de horas y har\u00eda paradas de d\u00edas completos en forma de d\u00edas sueltos y en la cantidad que se vaya determinando seg\u00fan dispongan de chips.<\/p>\n<p>Respecto a las vacaciones la direcci\u00f3n dice que al haber tanta incertidumbre no se puede asegurar que sean en agosto como ahora est\u00e1 establecido. Todo depende de las paradas y de si Mercedes quiere recuperar la producci\u00f3n en agosto. Hasta el 31 de Mayo Mercedes no dir\u00e1 nada seguro sobre sus vacaciones.<\/p>\n<p>La empresa nos ha hablado de presentar un ERTE por causas organizativas (EPOC) como herramienta de flexibilidad ante los posibles d\u00edas de paro que tengamos en Gestamp y seg\u00fan instalaciones&#8230;<\/p>\n<p>Este pr\u00f3ximo viernes tenemos otra reuni\u00f3n en la que se concretar\u00e1 con m\u00e1s detalle los posibles paros en funci\u00f3n de la informaci\u00f3n recibida de nuestros clientes en esa fecha.<\/p>\n<p>Seguiremos informando.<\/p>\n<p>Salud.<\/p>\n<p>&nbsp;<\/p>\n","protected":false},"excerpt":{"rendered":"<p>Este pr\u00f3ximo viernes tenemos otra reuni\u00f3n en la que se concretar\u00e1 con m\u00e1s detalle los posibles paros en funci\u00f3n de la informaci\u00f3n recibida de nuestros clientes en esa fecha.<\/p>\n","protected":false},"author":72,"featured_media":4774,"comment_status":"closed","ping_status":"open","sticky":false,"template":"","format":"standard","meta":{"footnotes":"","_links_to":"","_links_to_target":""},"categories":[7,13,79],"tags":[90,87],"class_list":["post-7767","post","type-post","status-publish","format-standard","has-post-thumbnail","hentry","category-comunicados","category-gestamp","category-gestamp-bizkaia","tag-cgt-lkn-informa","tag-comunicado"],"publishpress_future_action":{"enabled":false,"date":"2026-05-07 09:27:53","action":"change-status","newStatus":"draft","terms":[],"taxonomy":"category","extraData":[]},"publishpress_future_workflow_manual_trigger":{"enabledWorkflows":[]},"_links":{"self":[{"href":"https:\/\/www.cgt-lkn.org\/bizkaia-gestamp\/wp-json\/wp\/v2\/posts\/7767","targetHints":{"allow":["GET"]}}],"collection":[{"href":"https:\/\/www.cgt-lkn.org\/bizkaia-gestamp\/wp-json\/wp\/v2\/posts"}],"about":[{"href":"https:\/\/www.cgt-lkn.org\/bizkaia-gestamp\/wp-json\/wp\/v2\/types\/post"}],"author":[{"embeddable":true,"href":"https:\/\/www.cgt-lkn.org\/bizkaia-gestamp\/wp-json\/wp\/v2\/users\/72"}],"replies":[{"embeddable":true,"href":"https:\/\/www.cgt-lkn.org\/bizkaia-gestamp\/wp-json\/wp\/v2\/comments?post=7767"}],"version-history":[{"count":4,"href":"https:\/\/www.cgt-lkn.org\/bizkaia-gestamp\/wp-json\/wp\/v2\/posts\/7767\/revisions"}],"predecessor-version":[{"id":7772,"href":"https:\/\/www.cgt-lkn.org\/bizkaia-gestamp\/wp-json\/wp\/v2\/posts\/7767\/revisions\/7772"}],"wp:featuredmedia":[{"embeddable":true,"href":"https:\/\/www.cgt-lkn.org\/bizkaia-gestamp\/wp-json\/wp\/v2\/media\/4774"}],"wp:attachment":[{"href":"https:\/\/www.cgt-lkn.org\/bizkaia-gestamp\/wp-json\/wp\/v2\/media?parent=7767"}],"wp:term":[{"taxonomy":"category","embeddable":true,"href":"https:\/\/www.cgt-lkn.org\/bizkaia-gestamp\/wp-json\/wp\/v2\/categories?post=7767"},{"taxonomy":"post_tag","embeddable":true,"href":"https:\/\/www.cgt-lkn.org\/bizkaia-gestamp\/wp-json\/wp\/v2\/tags?post=7767"}],"curies":[{"name":"wp","href":"https:\/\/api.w.org\/{rel}","templated":true}]}}