{"id":7715,"date":"2021-03-10T20:22:09","date_gmt":"2021-03-10T19:22:09","guid":{"rendered":"https:\/\/www.cgt-lkn.org\/bizkaia\/gestamp\/?p=7715"},"modified":"2021-03-18T08:32:11","modified_gmt":"2021-03-18T07:32:11","slug":"mercedes-quiere-contratar-a-800-operarios-para-crear-un-nuevo-turno-de-fin-de-semana","status":"publish","type":"post","link":"https:\/\/www.cgt-lkn.org\/bizkaia-gestamp\/2021\/03\/10\/mercedes-quiere-contratar-a-800-operarios-para-crear-un-nuevo-turno-de-fin-de-semana\/","title":{"rendered":"Mercedes quiere contratar a 800 operarios para crear un nuevo turno de fin de semana"},"content":{"rendered":"<h2><a href=\"https:\/\/www.cgt-lkn.org\/wp-content\/uploads\/sites\/20\/2021\/03\/mercedes-vitoria-eventuales.jpg\"><img loading=\"lazy\" decoding=\"async\" class=\"aligncenter wp-image-7717 size-full\" src=\"https:\/\/www.cgt-lkn.org\/wp-content\/uploads\/sites\/20\/2021\/03\/mercedes-vitoria-eventuales.jpg\" alt=\"\" width=\"340\" height=\"311\" srcset=\"https:\/\/www.cgt-lkn.org\/bizkaia-gestamp\/wp-content\/uploads\/sites\/20\/2021\/03\/mercedes-vitoria-eventuales.jpg 340w, https:\/\/www.cgt-lkn.org\/bizkaia-gestamp\/wp-content\/uploads\/sites\/20\/2021\/03\/mercedes-vitoria-eventuales-300x274.jpg 300w\" sizes=\"auto, (max-width: 340px) 100vw, 340px\" \/><\/a>Traslada a la plantilla su intenci\u00f3n de \u00abfortalecer\u00bb la flexibilidad para optar con m\u00e1s garant\u00edas a la fabricaci\u00f3n en Vitoria del nuevo modelo<\/h2>\n<p>&nbsp;<\/p>\n<p>Fuente: https:\/\/www.elcorreo.com\/alava\/araba\/mercedes-plantea-cuarto-20210310212055-nt.html<\/p>\n","protected":false},"excerpt":{"rendered":"<p>Traslada a la plantilla su intenci\u00f3n de \u00abfortalecer\u00bb la flexibilidad para optar con m\u00e1s garant\u00edas a la fabricaci\u00f3n en Vitoria del nuevo modelo<\/p>\n","protected":false},"author":72,"featured_media":7718,"comment_status":"closed","ping_status":"open","sticky":false,"template":"","format":"standard","meta":{"footnotes":"","_links_to":"","_links_to_target":""},"categories":[5,16,22],"tags":[161,143],"class_list":["post-7715","post","type-post","status-publish","format-standard","has-post-thumbnail","hentry","category-automocion","category-mercedes","category-en-la-prensa","tag-mercedes","tag-noticias"],"publishpress_future_action":{"enabled":false,"date":"2026-05-09 10:57:57","action":"change-status","newStatus":"draft","terms":[],"taxonomy":"category","extraData":[]},"publishpress_future_workflow_manual_trigger":{"enabledWorkflows":[]},"_links":{"self":[{"href":"https:\/\/www.cgt-lkn.org\/bizkaia-gestamp\/wp-json\/wp\/v2\/posts\/7715","targetHints":{"allow":["GET"]}}],"collection":[{"href":"https:\/\/www.cgt-lkn.org\/bizkaia-gestamp\/wp-json\/wp\/v2\/posts"}],"about":[{"href":"https:\/\/www.cgt-lkn.org\/bizkaia-gestamp\/wp-json\/wp\/v2\/types\/post"}],"author":[{"embeddable":true,"href":"https:\/\/www.cgt-lkn.org\/bizkaia-gestamp\/wp-json\/wp\/v2\/users\/72"}],"replies":[{"embeddable":true,"href":"https:\/\/www.cgt-lkn.org\/bizkaia-gestamp\/wp-json\/wp\/v2\/comments?post=7715"}],"version-history":[{"count":2,"href":"https:\/\/www.cgt-lkn.org\/bizkaia-gestamp\/wp-json\/wp\/v2\/posts\/7715\/revisions"}],"predecessor-version":[{"id":7764,"href":"https:\/\/www.cgt-lkn.org\/bizkaia-gestamp\/wp-json\/wp\/v2\/posts\/7715\/revisions\/7764"}],"wp:featuredmedia":[{"embeddable":true,"href":"https:\/\/www.cgt-lkn.org\/bizkaia-gestamp\/wp-json\/wp\/v2\/media\/7718"}],"wp:attachment":[{"href":"https:\/\/www.cgt-lkn.org\/bizkaia-gestamp\/wp-json\/wp\/v2\/media?parent=7715"}],"wp:term":[{"taxonomy":"category","embeddable":true,"href":"https:\/\/www.cgt-lkn.org\/bizkaia-gestamp\/wp-json\/wp\/v2\/categories?post=7715"},{"taxonomy":"post_tag","embeddable":true,"href":"https:\/\/www.cgt-lkn.org\/bizkaia-gestamp\/wp-json\/wp\/v2\/tags?post=7715"}],"curies":[{"name":"wp","href":"https:\/\/api.w.org\/{rel}","templated":true}]}}