{"id":7677,"date":"2021-03-02T12:44:36","date_gmt":"2021-03-02T11:44:36","guid":{"rendered":"https:\/\/www.cgt-lkn.org\/bizkaia\/gestamp\/?p=7677"},"modified":"2021-03-18T08:32:54","modified_gmt":"2021-03-18T07:32:54","slug":"comunicado-de-cgt-sobre-el-8-de-marzo-el-miedo-paraliza-el-anarcofeminismo-moviliza","status":"publish","type":"post","link":"https:\/\/www.cgt-lkn.org\/bizkaia-gestamp\/2021\/03\/02\/comunicado-de-cgt-sobre-el-8-de-marzo-el-miedo-paraliza-el-anarcofeminismo-moviliza\/","title":{"rendered":"Comunicado de CGT sobre el 8 de Marzo: \u00a1El Miedo Paraliza, El Anarcofeminismo Moviliza!"},"content":{"rendered":"<p>na vez m\u00e1s, la patronal, la clase pol\u00edtica y los sindicatos verticales se han unido para atentar contra la clase trabajadora, invisibilizando y silenciando a\u00fan m\u00e1s las desigualdades que sufrimos las mujeres. <span class=\"r-18u37iz\">#8M<\/span><\/p>\n<p><img loading=\"lazy\" decoding=\"async\" class=\"wp-image-10415 aligncenter\" src=\"https:\/\/www.cgt-lkn.org\/wp-content\/uploads\/2021\/03\/Imagen-1-213x300.jpg\" alt=\"\" width=\"350\" height=\"494\" \/>La reanudaci\u00f3n paulatina de la actividad en los servicios no esenciales, la estafa del permiso retribuido recuperable, el teletrabajo reconocido como medida de conciliaci\u00f3n y no como medida preventiva para evitar la exposi\u00f3n al contagio del covid 19, la omisi\u00f3n de permisos retribuidos para conciliar, las escasas medidas de protecci\u00f3n en los centros de trabajo y la p\u00e9rdida de empleo que ha derivado en muchos casos en la perdida de la vivienda, han azotado con mayor intensidad en los sectores feminizados y en consecuencia sobre las mujeres y las familias monomarentales, someti\u00e9ndonos al aumento de todas las brechas que sufrimos por el hecho de ser mujer y clase trabajadora.<\/p>\n<p>Aprovechando la pandemia el estado ha creado unas medidas m\u00e1s represivas para nosotras. Mientras nos encarcelan dentro de nuestras casas, conden\u00e1ndonos a la sobrecarga que supone asumir todos los cuidados y paralizan nuestras vidas, nos obligan a mantener activo el sistema capitalista a trav\u00e9s del teletrabajo. Vulneran nuestros derechos conquistados (implantando ERTE, flexibilizaci\u00f3n total de horarios\u2026) dando as\u00ed, continuidad a la aspiraci\u00f3n eterna de la patronal que poco a poco va consiguiendo su prop\u00f3sito: trabajadoras disponibles en un breve espacio de tiempo, sin derechos y sin protestas.<\/p>\n<p>Nombrar y visibilizar las desigualdades que sufrimos es imprescindible para tomar consciencia hacia esa transformaci\u00f3n por un mundo libre e igual.<\/p>\n<p>Una vez m\u00e1s, las mujeres nos hemos autoorganizado para cubrir todas esas carencias que la clase pol\u00edtica no ha querido resarcir. Nosotras mismas hemos creado redes de apoyo para ayudar a las personas vulneradas, a las mujeres que han sido encerradas con su maltratador y a todo ese gran sector feminizado que forma parte de la econom\u00eda sumergida y son olvidadas por los medios de comunicaci\u00f3n y los estados.<\/p>\n<p>La educaci\u00f3n feminista y la autoorganizaci\u00f3n de las mujeres son nuestras principales herramientas.<br \/>\nSomos anarcofeministas, queremos un mundo nuevo, pero no esta nueva normalidad.<\/p>\n<p>Por ello, llamamos a la revoluci\u00f3n, para juntas, destruir la sociedad machista y heteropatriarcal que nos asfixia y que busca la desintegraci\u00f3n de nuestra fuerza feminista.<br \/>\nPor un mundo en el que la igualdad no sea una utop\u00eda, sino esa realidad que las mujeres libres luchamos por construir.<\/p>\n<p><em><strong>Confederaci\u00f3n General del Trabajo<\/strong><\/em><\/p>\n","protected":false},"excerpt":{"rendered":"<p>La reanudaci\u00f3n paulatina de la actividad en los servicios no esenciales, la estafa del permiso retribuido recuperable, el teletrabajo reconocido como medida de conciliaci\u00f3n y no como medida preventiva para evitar la exposi\u00f3n al contagio del covid 19, la omisi\u00f3n de permisos retribuidos para conciliar, las escasas medidas de protecci\u00f3n en los centros de trabajo y la p\u00e9rdida de empleo que ha derivado en muchos casos en la perdida de la vivienda, han azotado con mayor intensidad en los sectores feminizados\u2026\u2026.<\/p>\n","protected":false},"author":72,"featured_media":7678,"comment_status":"closed","ping_status":"open","sticky":false,"template":"","format":"standard","meta":{"footnotes":"","_links_to":"","_links_to_target":""},"categories":[30,7,163,68,28],"tags":[212,87,213,116,214],"class_list":["post-7677","post","type-post","status-publish","format-standard","has-post-thumbnail","hentry","category-accion-directa","category-comunicados","category-movilizaciones-2","category-noticias-igualdad","category-social","tag-8m","tag-comunicado","tag-hemkume","tag-movilizaciones","tag-mujer"],"publishpress_future_action":{"enabled":false,"date":"2026-05-02 09:41:54","action":"change-status","newStatus":"draft","terms":[],"taxonomy":"category","extraData":[]},"publishpress_future_workflow_manual_trigger":{"enabledWorkflows":[]},"_links":{"self":[{"href":"https:\/\/www.cgt-lkn.org\/bizkaia-gestamp\/wp-json\/wp\/v2\/posts\/7677","targetHints":{"allow":["GET"]}}],"collection":[{"href":"https:\/\/www.cgt-lkn.org\/bizkaia-gestamp\/wp-json\/wp\/v2\/posts"}],"about":[{"href":"https:\/\/www.cgt-lkn.org\/bizkaia-gestamp\/wp-json\/wp\/v2\/types\/post"}],"author":[{"embeddable":true,"href":"https:\/\/www.cgt-lkn.org\/bizkaia-gestamp\/wp-json\/wp\/v2\/users\/72"}],"replies":[{"embeddable":true,"href":"https:\/\/www.cgt-lkn.org\/bizkaia-gestamp\/wp-json\/wp\/v2\/comments?post=7677"}],"version-history":[{"count":2,"href":"https:\/\/www.cgt-lkn.org\/bizkaia-gestamp\/wp-json\/wp\/v2\/posts\/7677\/revisions"}],"predecessor-version":[{"id":7680,"href":"https:\/\/www.cgt-lkn.org\/bizkaia-gestamp\/wp-json\/wp\/v2\/posts\/7677\/revisions\/7680"}],"wp:featuredmedia":[{"embeddable":true,"href":"https:\/\/www.cgt-lkn.org\/bizkaia-gestamp\/wp-json\/wp\/v2\/media\/7678"}],"wp:attachment":[{"href":"https:\/\/www.cgt-lkn.org\/bizkaia-gestamp\/wp-json\/wp\/v2\/media?parent=7677"}],"wp:term":[{"taxonomy":"category","embeddable":true,"href":"https:\/\/www.cgt-lkn.org\/bizkaia-gestamp\/wp-json\/wp\/v2\/categories?post=7677"},{"taxonomy":"post_tag","embeddable":true,"href":"https:\/\/www.cgt-lkn.org\/bizkaia-gestamp\/wp-json\/wp\/v2\/tags?post=7677"}],"curies":[{"name":"wp","href":"https:\/\/api.w.org\/{rel}","templated":true}]}}