{"id":7651,"date":"2024-04-03T09:22:45","date_gmt":"2024-04-03T07:22:45","guid":{"rendered":"https:\/\/www.cgt-lkn.org\/bizkaia\/gestamp\/?p=7651"},"modified":"2024-04-03T21:29:49","modified_gmt":"2024-04-03T19:29:49","slug":"convenio-gestamp-bizkaia-2023-2026","status":"publish","type":"post","link":"https:\/\/www.cgt-lkn.org\/bizkaia-gestamp\/2024\/04\/03\/convenio-gestamp-bizkaia-2023-2026\/","title":{"rendered":"Convenio Gestamp Bizkaia 2023-2026"},"content":{"rendered":"<div class=\"addtoany_share_save_container addtoany_content addtoany_content_bottom\">\n<div class=\"a2a_kit a2a_kit_size_16 addtoany_list\" data-a2a-url=\"https:\/\/www.cgt-lkn.org\/bizkaia-gestamp\/2021\/01\/07\/comunicado-cobro-loteria\/\" data-a2a-title=\"COMUNICADO COBRO LOTERIA\">\n<p>&nbsp;<\/p>\n<p><strong>Para recibir las noticias <\/strong><strong>\u00a0<a href=\"mailto:gestamp@cgt-lkn.eus\">gestamp@cgt-lkn.eus<\/a>\u00a0<\/strong>escribenos y te a\u00f1adimos a la lista oculta de correos<\/p>\n<div class=\"post-headline\">\n<p><a href=\"https:\/\/www.cgt-lkn.org\/bizkaia-gestamp\/contacto\/gestamp@cgt-lkn.eus\"><img loading=\"lazy\" decoding=\"async\" class=\"wp-image-9174 aligncenter\" src=\"https:\/\/www.cgt-lkn.org\/wp-content\/uploads\/sites\/20\/2023\/09\/correo-email.jpg\" alt=\"\" width=\"189\" height=\"170\" \/><\/a><\/p>\n<\/div>\n<p style=\"text-align: center;\">\n<\/div>\n<\/div>\n<h1 style=\"text-align: center;\">CONVENIO COLECTIVO DE GESTAMP BIZKAIA, S.A. PARA EL A\u00d1O 2023-2026<\/h1>\n<p>En Abadi\u00f1o a 24 de Octubre de 2023 se re\u00fanen de una parte la Direcci\u00f3n de la empresa<br \/>\nGestamp Bizkaia, S.A., representada por el I. S. y A. A. y de la otra los sindicatos<br \/>\nLAB y UGT representados en el Comit\u00e9 de Empresa, ambas partes acuerdan el presente<br \/>\nConvenio Colectivo.<\/p>\n<h3 style=\"text-align: center;\"><strong>CAP\u00cdTULO I<\/strong><br \/>\n<strong>\u00abDISPOSICIONES GENERALES\u00bb<\/strong><\/h3>\n<p style=\"text-align: justify;\">El presente acuerdo de Convenio se alcanza para dar respuesta a la necesidad de<br \/>\nGestamp Bizkaia de ser m\u00e1s competitiva, todo ello vinculado a realizar en la planta de<br \/>\nGestamp Bizkaia las inversiones econ\u00f3micas y de personal, necesarias que aseguren la<br \/>\nproducci\u00f3n dentro de las instalaciones de Gestamp Bizkaia en Abadi\u00f1o del nuevo proyecto VAN EA de Mercedes Vitoria, que sustituye al actual VS20. Inversiones necesarias para garantizar la carga de trabajo y los puestos de trabajo.<\/p>\n<p style=\"text-align: justify;\">La no realizaci\u00f3n de dichas inversiones incumplir\u00eda el marco de negociaci\u00f3n sobre el que se ha desarrollado este convenio, y por tanto dar\u00e1 derecho a los firmantes del presente a solicitar la denuncia de la finalizaci\u00f3n del presente convenio; salvo que dicho incumplimiento se debiera a circunstancias no imputables directamente a Gestamp y fueran debidamente acreditadas.<\/p>\n<p style=\"text-align: justify;\"><strong>Art\u00edculo 1.\u2014 \u00c1mbito Territorial y Funcional<\/strong><br \/>\nEl presente convenio contempla las normas que regulan las relaciones de trabajo entre la empresa Gestamp Bizkaia, S.A., y las personas de la plantilla que la integran. Este convenio ser\u00e1 de aplicaci\u00f3n en el centro de trabajo que Gestamp Bizkaia, S.A. tiene instalado en el t\u00e9rmino municipal de Abadi\u00f1o.<\/p>\n<p><a href=\"https:\/\/t.me\/CGTGestampBizkaia\" target=\"_blank\" rel=\"noopener\"><img loading=\"lazy\" decoding=\"async\" class=\"aligncenter wp-image-7155 size-medium\" src=\"https:\/\/www.cgt-lkn.org\/wp-content\/uploads\/sites\/20\/2020\/08\/canal-telegram-300x169.jpg\" alt=\"\" width=\"300\" height=\"169\" srcset=\"https:\/\/www.cgt-lkn.org\/bizkaia-gestamp\/wp-content\/uploads\/sites\/20\/2020\/08\/canal-telegram-300x169.jpg 300w, https:\/\/www.cgt-lkn.org\/bizkaia-gestamp\/wp-content\/uploads\/sites\/20\/2020\/08\/canal-telegram-150x85.jpg 150w, https:\/\/www.cgt-lkn.org\/bizkaia-gestamp\/wp-content\/uploads\/sites\/20\/2020\/08\/canal-telegram-400x225.jpg 400w, https:\/\/www.cgt-lkn.org\/bizkaia-gestamp\/wp-content\/uploads\/sites\/20\/2020\/08\/canal-telegram.jpg 600w\" sizes=\"auto, (max-width: 300px) 100vw, 300px\" \/><\/a><\/p>\n<p style=\"text-align: justify;\"><strong>Art\u00edculo 2.\u2014 \u00c1mbito Personal<\/strong><br \/>\nLo regulado en el presente convenio afectar\u00e1 a la totalidad de la plantilla con excepci\u00f3n de los cargos directivos que forman el Comit\u00e9 de Direcci\u00f3n de acuerdo al R.D. 1382\/1985 art\u00edculo 1 y 2.<\/p>\n<p style=\"text-align: justify;\"><strong>Art\u00edculo 3.\u2014 \u00c1mbito Temporal<\/strong><br \/>\nEste convenio tendr\u00e1 una vigencia de cuatro a\u00f1os, desde el 1 de enero de 2023<br \/>\nhasta el 31 de diciembre de 2026.\u00a0 El convenio estar\u00e1 vigente y ser\u00e1 de aplicaci\u00f3n hasta la firma del siguiente convenio. El convenio ser\u00e1 prorrogable por sucesivas anualidades, salvo denuncia escrita en el transcurso de los \u00faltimos tres meses de vigencia, debi\u00e9ndose iniciar en este caso las deliberaciones, como m\u00e1ximo, un mes antes de antes de su finalizaci\u00f3n. Hasta alcanzar un nuevo acuerdo se mantendr\u00e1 la vigencia de este convenio, estando en vigor todo su contenido normativo.<\/p>\n<p style=\"text-align: justify;\"><strong>Art\u00edculo 4.\u2014 Acuerdos complementarios<\/strong><br \/>\nSi durante la vigencia de este convenio ambas representaciones llegasen a futuros acuerdos sobre correcciones de forma no previstas en general, sobre temas que se pactan, se conviene expresamente la incorporaci\u00f3n de los mismos como anexos al convenio.<\/p>\n<p style=\"text-align: justify;\"><strong>Art\u00edculo 5.\u2014 Inaplicaci\u00f3n (descuelgue) de las condiciones de trabajo pactadas en<\/strong><br \/>\n<strong>el presente convenio<\/strong><br \/>\nLa empresa se compromete a la aplicaci\u00f3n del presente convenio en el periodo de su vigencia, no descolg\u00e1ndose de las condiciones pactadas. La inaplicaci\u00f3n del convenio solo ser\u00e1 posible con acuerdo entre las partes.<\/p>\n<p style=\"text-align: justify;\"><strong>Art\u00edculo 6.\u2014 Vinculaci\u00f3n a la totalidad<\/strong><br \/>\nLas condiciones pactadas en este convenio forman un todo \u00fanico e indivisible, a efectos de su aplicaci\u00f3n pr\u00e1ctica ser\u00e1n considerados globalmente en su c\u00f3mputo anual, no pudi\u00e9ndose aplicar parcialmente.<\/p>\n<p style=\"text-align: justify;\">Los acuerdos adoptados se aplicar\u00e1n con car\u00e1cter retroactivo al 1 de enero de 2023, salvo los recogidos expresamente en otras fechas.<\/p>\n<p><strong>Para recibir las noticias <\/strong><strong>\u00a0<a href=\"mailto:gestamp@cgt-lkn.eus\">gestamp@cgt-lkn.eus<\/a>\u00a0<\/strong>escribenos y te a\u00f1adimos a la lista oculta de correos<\/p>\n<div class=\"post-headline\">\n<p><a href=\"https:\/\/www.cgt-lkn.org\/bizkaia-gestamp\/contacto\/gestamp@cgt-lkn.eus\"><img loading=\"lazy\" decoding=\"async\" class=\"wp-image-9174 aligncenter\" src=\"https:\/\/www.cgt-lkn.org\/wp-content\/uploads\/sites\/20\/2023\/09\/correo-email.jpg\" alt=\"\" width=\"189\" height=\"170\" \/><\/a><\/p>\n<p><strong>Art\u00edculo 7.\u2014 Vigilancia del Convenio e Interpretaci\u00f3n<\/strong><br \/>\nSe constituir\u00e1 una comisi\u00f3n mixta de ocho personas, de car\u00e1cter paritario, como \u00f3rgano de vigilancia e interpretaci\u00f3n de este convenio.<\/p>\n<p style=\"text-align: justify;\">La representaci\u00f3n de la parte social estar\u00e1 compuesta por todos los sindicatos firmantes del convenio de empresa. El n\u00famero de personas en la Comisi\u00f3n estar\u00e1 determinado y ser\u00e1 proporcional a su representaci\u00f3n en el Comit\u00e9 de Empresa. Dicha Comisi\u00f3n tendr\u00e1 que actuar con car\u00e1cter previo al planteamiento de reclamaciones ante las jurisdicciones legales que le correspondan dentro del plazo de 15 d\u00edas naturales siguientes a partir de la fecha en que se efect\u00fae la reclamaci\u00f3n a la empresa.<\/p>\n<p style=\"text-align: justify;\">Las partes firmantes del presente convenio asumen el acuerdo interprofesional sobre procedimientos voluntarios (mediaci\u00f3n y conciliaci\u00f3n) para la resoluci\u00f3n de conflictos laborales (PRECO) publicado en el \u00abBOE\u00bb de 4 de abril de 2000. Este acuerdo ser\u00e1 de aplicaci\u00f3n en el \u00e1mbito del presente Convenio en lo referente a los conflictos colectivos derivados de su aplicaci\u00f3n e interpretaci\u00f3n<\/p>\n<\/div>\n<p><a href=\"https:\/\/www.cgt-lkn.org\/bizkaia-gestamp\/2016\/03\/02\/whatsapp\/\"><img loading=\"lazy\" decoding=\"async\" class=\"aligncenter wp-image-4284 size-full\" src=\"https:\/\/www.cgt-lkn.org\/wp-content\/uploads\/sites\/20\/2016\/03\/WASAP-CGT-GESTAMP.jpg\" alt=\"\" width=\"283\" height=\"121\" srcset=\"https:\/\/www.cgt-lkn.org\/bizkaia-gestamp\/wp-content\/uploads\/sites\/20\/2016\/03\/WASAP-CGT-GESTAMP.jpg 283w, https:\/\/www.cgt-lkn.org\/bizkaia-gestamp\/wp-content\/uploads\/sites\/20\/2016\/03\/WASAP-CGT-GESTAMP-150x64.jpg 150w\" sizes=\"auto, (max-width: 283px) 100vw, 283px\" \/><\/a><\/p>\n<h3 style=\"text-align: center;\">CAP\u00cdTULO II<br \/>\n\u00abORGANIZACI\u00d3N EN EL TRABAJO\u00bb<\/h3>\n<p style=\"text-align: justify;\"><strong>Art\u00edculo 8.\u2014 Organizaci\u00f3n del trabajo<\/strong><br \/>\nLa facultad de la organizaci\u00f3n del trabajo corresponde exclusivamente a la Direcci\u00f3n de la Empresa.<br \/>\n<strong>Art\u00edculo 9.\u2014 Autoridad y jerarqu\u00eda<\/strong><br \/>\nLa Gerencia de la f\u00e1brica o persona que haga las funciones de la misma, tendr\u00e1 la m\u00e1xima autoridad y responsabilidad en la f\u00e1brica o en cualquier centro de trabajo de la<br \/>\nmisma. Como norma en la empresa la autoridad llegar\u00e1 por delegaci\u00f3n a cada persona trabajadora a trav\u00e9s de la l\u00ednea jer\u00e1rquica.<\/p>\n<p style=\"text-align: justify;\"><strong>Art\u00edculo 10.\u2014 Control del tiempo trabajado<\/strong><br \/>\nToda persona trabajadora deber\u00e1 fichar en los relojes marcadores correspondientes, vestida con ropa de trabajo y as\u00ed puedan comenzar o terminar la jornada a la hora que corresponda.<\/p>\n<p style=\"text-align: justify;\">Para los trabajadores y las trabajadoras a jornada partida o turno central, existir\u00e1 la posibilidad de flexibilizar retrasando el horario de entrada y salida como m\u00e1ximo en una hora.<\/p>\n<p style=\"text-align: justify;\">El personal a relevos permanecer\u00e1 en su puesto de trabajo hasta que sea relevado por el compa\u00f1ero o compa\u00f1era entrante, realiz\u00e1ndose el cambio de relevo en el puesto de trabajo, transmitir\u00e1 a su compa\u00f1ero o compa\u00f1era cuantas indicaciones considere necesarias para el correcto cumplimiento de su actividad.<\/p>\n<p style=\"text-align: justify;\">El cambio de relevo se puede realizar con una flexibilidad de +\/- 15 minutos sobre los horarios establecidos. En ning\u00fan caso, el cambio de relevo debe suponer un aumento del tiempo de trabajo.<\/p>\n<p style=\"text-align: justify;\">Toda trabajadora y trabajador que por razones particulares u oficiales solicitase un permiso dentro de la jornada, y fuese concedido, deber\u00e1 fichar al ausentarse y si volviese a la f\u00e1brica fichar\u00e1 su entrada. Lo anterior con el fin de poder controlar su tiempo por el servicio de personal, no s\u00f3lo con miras a su retribuci\u00f3n, si no por razones administrativas para afectaci\u00f3n de esas horas a las cuentas correspondientes.<\/p>\n<p><strong>Art\u00edculo 11.\u2014 Saturaci\u00f3n de las instalaciones<\/strong><\/p>\n<p style=\"text-align: justify;\">Cualquier propuesta de la direcci\u00f3n de la empresa de incrementar el grado de saturaci\u00f3n de las instalaciones, que implique la modificaci\u00f3n sustancial de las condiciones de trabajo diferentes a las pactadas en el convenio, deber\u00e1 negociarse con car\u00e1cter previo con los representantes de los trabajadores y las trabajadoras.<\/p>\n<p style=\"text-align: justify;\"><span style=\"font-size: 1.0625rem;\">La empresa facilitar\u00e1, al menos, la siguiente informaci\u00f3n:<\/span><\/p>\n<p style=\"text-align: justify;\">\u2014 Causas en que las mismas se apoyan.<br \/>\n\u2014 Medidas concretas que se proponen.<br \/>\n\u2014 Personal afectado.<\/p>\n<p style=\"text-align: justify;\">El acuerdo entre ambas partes se comunicar\u00e1 al personal afectado con 15 d\u00edas de antelaci\u00f3n.<\/p>\n<p style=\"text-align: justify;\">En caso de desacuerdo se seguir\u00e1 el procedimiento de resoluci\u00f3n de conflictos colectivos previsto en este convenio.<\/p>\n<p style=\"text-align: justify;\"><strong>Art\u00edculo 12.\u2014 Clasificaci\u00f3n Profesional<\/strong><br \/>\nLa clasificaci\u00f3n profesional y el procedimiento de promoci\u00f3n se regir\u00e1n por el sistema Hay existente o aprobado entre las partes.<\/p>\n<p style=\"text-align: justify;\"><strong>Art\u00edculo 13.\u2014 Movilidad funcional<\/strong><br \/>\nLa movilidad funcional del personal, considerada esta como la posibilidad real de que la persona trabajadora sea destinada, con independencia de su puesto o funci\u00f3n habitual, a funciones o labores varias dentro de la empresa y seg\u00fan lo demande las necesidades de la organizaci\u00f3n se realizar\u00e1 de conformidad con lo que se concreta en el siguiente articulado y en el sistema Hay aprobado entre las partes.<\/p>\n<p style=\"text-align: justify;\">Dicha movilidad deber\u00e1 respetar los derechos econ\u00f3micos y profesionales de la trabajadora y del trabajador y que no le cause perjuicio por ineptitud o en la formaci\u00f3n profesional o ascensos.<\/p>\n<p style=\"text-align: justify;\">Se garantiza al trabajador y a la trabajadora el mantenimiento de los conceptos salariales fijos y variables.<\/p>\n<p style=\"text-align: justify;\">Ser\u00e1 necesaria la formaci\u00f3n y adiestramiento previo a la movilidad, no consolidada en el tiempo que garantice no s\u00f3lo rendimiento y calidad sino tambi\u00e9n la seguridad laboral.<\/p>\n<p style=\"text-align: justify;\">Cuando se trate de la realizaci\u00f3n de trabajos de nivel superior, este cambio no podr\u00e1 ser de duraci\u00f3n superior a 8 meses en dos a\u00f1os, o 6 en un a\u00f1o, salvo los casos de enfermedad, accidente de trabajo, vacaciones, licencias, excedencia y otras causas que conlleven reserva de puesto de trabajo, en cuyo caso la situaci\u00f3n se prolongar\u00e1 mientras subsistan las circunstancias que lo hayan motivado. Transcurrido el tiempo indicado, con las excepciones apuntadas, se convocar\u00e1 concurso oposici\u00f3n que tomar\u00e1 como referencia, entre otras, estas circunstancias: titulaci\u00f3n adecuada, valoraci\u00f3n acad\u00e9mica, conocimiento del puesto de trabajo, historial profesional, desempe\u00f1o de las funciones del grupo en cuesti\u00f3n, pruebas a ejecutar, etc. No obstante lo anterior aquellas trabajadoras y trabajadores que dentro de las excepciones contempladas ocupen un puesto de trabajo de car\u00e1cter superior durante cuatro a\u00f1os ininterrumpidos, consolidar\u00e1n el nivel profesional correspondiente a dicho puesto.<\/p>\n<p style=\"text-align: justify;\">Si un trabajador o una trabajadora desempe\u00f1a trabajo de nivel superior que sea por sustituci\u00f3n y no promoci\u00f3n (en dicho caso se estar\u00e1 en lo dispuesto en el sistema Hay) tendr\u00e1 derecho a la percepci\u00f3n de la retribuci\u00f3n de los conceptos fijos y variables de dicho nivel superior todos los d\u00edas del a\u00f1o efectivos que haya desempe\u00f1ado funciones de nivel superior desde el primer d\u00eda. Todo ello deber\u00e1 estar previamente y debidamente justificado y documentado.<\/p>\n<p style=\"text-align: justify;\">Los puestos que seg\u00fan el Manual de Funciones Hay tengan asignadas de base funciones de un nivel superior, ver\u00e1n tambi\u00e9n retribuido ese mayor desempe\u00f1o con un espec\u00edfico y superior nivel salarial que incluye en su cuant\u00eda la realizaci\u00f3n total o parcial de funciones de superior nivel desde el primer d\u00eda.<\/p>\n<p><a href=\"https:\/\/www.cgt-lkn.org\/afiliar\/public\/#!\/\"><img loading=\"lazy\" decoding=\"async\" class=\"aligncenter wp-image-7505 \" src=\"https:\/\/www.cgt-lkn.org\/wp-content\/uploads\/sites\/20\/2021\/01\/afiliate-CGT-204x300.jpg\" alt=\"\" width=\"169\" height=\"249\" srcset=\"https:\/\/www.cgt-lkn.org\/bizkaia-gestamp\/wp-content\/uploads\/sites\/20\/2021\/01\/afiliate-CGT-204x300.jpg 204w, https:\/\/www.cgt-lkn.org\/bizkaia-gestamp\/wp-content\/uploads\/sites\/20\/2021\/01\/afiliate-CGT.jpg 544w\" sizes=\"auto, (max-width: 169px) 100vw, 169px\" \/><\/a><\/p>\n<p style=\"text-align: justify;\">En el caso de que ese desempe\u00f1o se produjera durante m\u00e1s de 30 d\u00edas de trabajo efectivo anuales, se compensar\u00e1 entonces esta concreta circunstancia abonando desde el inicio la retribuci\u00f3n del nivel correspondiente cobrando con retroactividad dentro del a\u00f1o natural.<\/p>\n<p style=\"text-align: justify;\"><strong>La f\u00f3rmula de pago de dichos d\u00edas efectivos<\/strong> ser\u00e1 de acuerdo a la siguiente: Pago\u00a0 diferencia Categor\u00eda.<\/p>\n<p style=\"text-align: justify;\">A) N.\u00ba de d\u00edas efectivos + n\u00ba de d\u00edas de Paga Extra generados por cada d\u00eda efectivo + n.\u00ba de d\u00edas de vacaciones generados por cada d\u00eda efectivo + n.\u00ba de d\u00edas de fin de semana generados por cada d\u00eda efectivo.<\/p>\n<p style=\"text-align: justify;\">B) Total D\u00edas calculados en A * la diferencia del precio en Salario Base.<\/p>\n<p style=\"text-align: justify;\">Total D\u00edas calculados en A * la diferencia del precio en Carencia de Incentivo.<\/p>\n<p style=\"text-align: justify;\">Total D\u00edas calculados en A * la diferencia del precio en Antig\u00fcedad.<\/p>\n<p style=\"text-align: justify;\">C) Total D\u00edas trabajados de Noche * la diferencia de Precio de la Nocturnidad (solo para 2023. A partir de 2024 no hay diferencia de precio en la Noche).<\/p>\n<p style=\"text-align: justify;\">Total d\u00edas trabajados al 4\/5 turno por 8 horas * la diferencia de Precio del 4\/5 turno.<\/p>\n<p style=\"text-align: justify;\">Diferencia de Categor\u00eda= B + C.<\/p>\n<p style=\"text-align: justify;\">Cuando se trate de nivel inferior, esta situaci\u00f3n no podr\u00e1 prolongarse por un per\u00edodo superior a dos meses ininterrumpidos, conservando en todo caso la retribuci\u00f3n correspondiente al nivel de origen. En ning\u00fan caso el cambio podr\u00e1 implicar menoscabo de la dignidad humana, en tal sentido, la empresa evitar\u00e1 reiterar el trabajo de inferior nivel con el mismo trabajador y con la misma trabajadora.<\/p>\n<p style=\"text-align: justify;\">Si el cambio se produjera por petici\u00f3n del trabajador y de la trabajadora su salario se condicionar\u00e1 seg\u00fan el nuevo nivel profesional. La empresa s\u00f3lo podr\u00e1 cambiar de puesto de trabajo para el desarrollo indefinido de tareas de cualificaci\u00f3n inferior cuando el trabajador y la trabajadora afectada lo aceptaran voluntariamente.<\/p>\n<p style=\"text-align: justify;\">Este art\u00edculo podr\u00e1 verse modificado con el acuerdo de ambas partes, en el desarrollo del Sistema Hay.<\/p>\n<p><strong>Art\u00edculo 14.\u2014 Reuniones de trabajo<\/strong><\/p>\n<p style=\"text-align: justify;\">Las personas trabajadoras que sean convocadas a reuniones de trabajo fuera de su jornada habitual tendr\u00e1n derecho a disfrutar del mismo n\u00famero de horas como descanso, que el dedicado a las reuniones. En el caso de las personas trabajadoras citadas a reuniones durante el tiempo de la semana libre o cuando est\u00e9 en el relevo de noche se acuerda adem\u00e1s establecer el abono del kilometraje, siendo el valor de \u00e9ste de 0,4195 euros para el a\u00f1o 2023. A este importe le ser\u00e1n de aplicaci\u00f3n las subidas pactadas para el resto de los a\u00f1os.<\/p>\n<p style=\"text-align: justify;\">La persona convocante se responsabilizar\u00e1 de notificar al Dpto. de Personal por medio del formulario correspondiente los nombres de los y las asistentes y el n\u00famero de horas realizadas, especificando si lo han sido dentro o fuera de la jornada laboral, para su c\u00f3mputo a efectos de disfrute de horas y\/o abono del kilometraje a quien correspondiera. (Seg\u00fan hoja de asistencia del sistema de Gesti\u00f3n)<\/p>\n<blockquote class=\"wp-embedded-content\" data-secret=\"t9Sq8nBint\"><p><a href=\"https:\/\/www.cgt-lkn.org\/bizkaia-gestamp\/hemeroteca\/\">HEMEROTECA<\/a><\/p><\/blockquote>\n<p><iframe loading=\"lazy\" class=\"wp-embedded-content\" sandbox=\"allow-scripts\" security=\"restricted\" style=\"position: absolute; visibility: hidden;\" title=\"\u00abHEMEROTECA\u00bb \u2014 CGT-LKN Gestamp Bizkaia\" src=\"https:\/\/www.cgt-lkn.org\/bizkaia-gestamp\/hemeroteca\/embed\/#?secret=XCR1AjRfRW#?secret=t9Sq8nBint\" data-secret=\"t9Sq8nBint\" width=\"600\" height=\"338\" frameborder=\"0\" marginwidth=\"0\" marginheight=\"0\" scrolling=\"no\"><\/iframe><\/p>\n<h3 style=\"text-align: center;\">CAP\u00cdTULO III<br \/>\n\u00abCONDICIONES DE TRABAJO\u00bb<\/h3>\n<p style=\"text-align: justify;\"><strong>Art\u00edculo 15.\u2014 Jornada Laboral<\/strong><br \/>\nPara los a\u00f1os 2023 a 2026, la Jornada normal o turno central, son 1692 horas anuales efectivas de trabajo.<\/p>\n<p style=\"text-align: justify;\">Para los a\u00f1os 2023 a 2026 la Jornada <strong>a turnos<\/strong>, es de <strong>1672 horas anuales<\/strong> efectivas de trabajo.<\/p>\n<p style=\"text-align: justify;\">Jornada de trabajo a <strong>4.\u00ba turno<\/strong>, para los a\u00f1os 2023 a 2026 queda establecida en <strong>1660<\/strong> horas.<\/p>\n<p style=\"text-align: justify;\">Jornada de trabajo a<strong> 5.\u00ba turno<\/strong>, para los a\u00f1os 2023 a 2024 queda establecida en <strong>1648<\/strong> horas. Y para los a\u00f1os <strong>2025 a 2026 en 1644 horas.<\/strong><\/p>\n<p style=\"text-align: justify;\">El turno central se llevar\u00e1 a cabo de la siguiente forma:<\/p>\n<p style=\"text-align: justify;\">1. Todo el a\u00f1o de 7:30 a 16:00 con media hora de parada para comer.<\/p>\n<p style=\"text-align: justify;\">2. Los viernes y el mes de junio y en v\u00edsperas de festivo de 7:00 a 15:00 sin parada para comer.<\/p>\n<p style=\"text-align: justify;\">3. Julio de 7:00 a 14:00 sin parada para comer.<\/p>\n<p style=\"text-align: justify;\">La jornada a turnos ser\u00e1:<br \/>\n\u2014 De 10 turnos semanales, de lunes a viernes, divididos en dos turnos diarios, de 6 de la ma\u00f1ana a las 14 del mediod\u00eda y desde las 14 a las 22 de la noche, en funci\u00f3n de las rotaciones que se establezcan.<\/p>\n<p style=\"text-align: justify;\">\u2014 De 15 turnos semanales, de lunes a viernes, divididos en tres turnos diarios, de 6 de la ma\u00f1ana a las 14 del mediod\u00eda, desde las 14 hasta las 22 de la noche y desde las 22 hasta las 6 de la ma\u00f1ana, en funci\u00f3n de las rotaciones que se establezcan.<\/p>\n<p style=\"text-align: justify;\">\u2014 De 19 turnos semanales 4.\u00ba relevo que trabajar\u00e1n, de lunes a domingo, divididos en tres turnos diarios, de 6 de la ma\u00f1ana a las 14 del mediod\u00eda, desde las 14 hasta las 22 de la noche y desde las 22 hasta las 6 de la ma\u00f1ana, en funci\u00f3n de las rotaciones que se establezcan.<\/p>\n<p style=\"text-align: justify;\">\u2014 De 21 turnos semanales 5.\u00ba relevo que trabajar\u00e1n de lunes a domingo, divididos en tres turnos diarios, de 6 de la ma\u00f1ana a las 14 del mediod\u00eda, desde las 14 hasta las 22 de la noche y desde las 22 hasta las 6 de la ma\u00f1ana, en funci\u00f3n de las rotaciones que se establezcan.<\/p>\n<p style=\"text-align: justify;\">A los efectos de lo se\u00f1alado en el art.34.2 ET, se acuerda que el 100% de la jornada ser\u00e1 distribuida de manera regular, no habiendo lugar a distribuciones irregulares salvo pacto contrario entre las partes.<\/p>\n<p style=\"text-align: center;\"><strong><a href=\"https:\/\/www.cgt-lkn.org\/afiliar\/public\/#!\/\">AF\u00cdLIATE!!<\/a><\/strong><\/p>\n<p style=\"text-align: center;\"><a href=\"https:\/\/www.cgt-lkn.org\/afiliar\/public\/#!\/\"><img loading=\"lazy\" decoding=\"async\" class=\"alignnone size-full wp-image-9026\" src=\"https:\/\/www.cgt-lkn.org\/wp-content\/uploads\/sites\/20\/3021\/01\/ni-te-vende-ni-se-vende-cgt.jpg\" alt=\"\" width=\"142\" height=\"155\" \/><\/a><\/p>\n<p style=\"text-align: justify;\"><strong>Art\u00edculo 16.\u2014 Calendario labora<\/strong>l<\/p>\n<p style=\"text-align: justify;\">Anualmente y de mutuo acuerdo se proceder\u00e1 a la elaboraci\u00f3n de un calendario laboral para los diferentes horarios de trabajo.<\/p>\n<p style=\"text-align: justify;\">En los mismos se reflejar\u00e1n los per\u00edodos vacacionales y fiestas oficiales que anualmente se establezcan en la empresa.<\/p>\n<p style=\"text-align: justify;\">En caso de cambio de calendario, las horas se calcular\u00e1n de forma proporcional al tiempo de trabajo en cada uno de los calendarios. Para ello se tomar\u00e1n en consideraci\u00f3n los d\u00edas naturales que se ha estado en cada calendario.<\/p>\n<p style=\"text-align: justify;\">Para las personas que se hayan incorporado una vez iniciado el a\u00f1o el c\u00e1lculo de los d\u00edas de libre disposici\u00f3n que les corresponda se realizar\u00e1 en funci\u00f3n de los d\u00edas de trabajo efectivo establecido en el calendario.<\/p>\n<p style=\"text-align: justify;\">Cualquier modificaci\u00f3n sobre el calendario laboral tendr\u00e1 que ser pactado entre comit\u00e9 y empresa y \u00e9sta tendr\u00e1 que facilitar, como m\u00ednimo, con 15 d\u00edas de antelaci\u00f3n la siguiente informaci\u00f3n:<\/p>\n<p style=\"text-align: justify;\">\u2014 Causas que lo justifiquen.<br \/>\n\u2014 Medidas concretas que se proponen.<br \/>\n\u2014 Tiempo de duraci\u00f3n.<br \/>\n\u2014 Personal afectado.<\/p>\n<p style=\"text-align: justify;\">A todo trabajador y toda trabajadora que se le modifique el calendario laboral, se le notificar\u00e1 con un m\u00ednimo de 15 d\u00edas de antelaci\u00f3n la siguiente informaci\u00f3n :<\/p>\n<p style=\"text-align: justify;\">\u2014 El nuevo calendario hasta fin de a\u00f1o.<\/p>\n<p style=\"text-align: justify;\">\u2014 N\u00famero del relevo al que pertenece la trabajadora o el trabajador en su nuevo calendario.<\/p>\n<p style=\"text-align: justify;\">Desde RR.HH. se har\u00e1 entrega tras el cierre de n\u00f3mina de los saldos a cada persona trabajadora, en la segunda semana del mes.<\/p>\n<p style=\"text-align: justify;\">Una vez establecidos los calendarios definitivos acordados o no, entre empresa y representaci\u00f3n social, la modificaci\u00f3n de los mismos debido a un <strong>cambio de calendario<\/strong> de referencia o bien debido a un cambio de equipo, respetando los plazos de preaviso e informaci\u00f3n, as\u00ed como de necesidad de su realizaci\u00f3n conllevar\u00e1 el abono de <strong>100 euros brutos desde el primer cambio por cada uno de ellos<\/strong>, para el personal afectado. <strong>Siendo abonado el mes siguiente.<\/strong><\/p>\n<p style=\"text-align: justify;\">En caso de no acuerdo se seguir\u00e1 el procedimiento de resoluci\u00f3n de conflictos colectivos previsto en el convenio.<\/p>\n<p style=\"text-align: justify;\"><strong>Para recibir las noticias \u00fanete a nuestro\u00a0<\/strong><strong>canal de <a href=\"https:\/\/t.me\/CGTGestampBizkaia\">Telegram\u00a0<\/a> <a href=\"https:\/\/t.me\/CGTGestampBizkaia\">Berriak CGT-LKN Gestamp Bizkaia\u00a0<\/a><\/strong><\/p>\n<p><a href=\"https:\/\/t.me\/CGTGestampBizkaia\" target=\"_blank\" rel=\"noopener\"><img loading=\"lazy\" decoding=\"async\" class=\"aligncenter wp-image-7155 size-medium\" src=\"https:\/\/www.cgt-lkn.org\/wp-content\/uploads\/sites\/20\/2020\/08\/canal-telegram-300x169.jpg\" alt=\"\" width=\"300\" height=\"169\" srcset=\"https:\/\/www.cgt-lkn.org\/bizkaia-gestamp\/wp-content\/uploads\/sites\/20\/2020\/08\/canal-telegram-300x169.jpg 300w, https:\/\/www.cgt-lkn.org\/bizkaia-gestamp\/wp-content\/uploads\/sites\/20\/2020\/08\/canal-telegram-150x85.jpg 150w, https:\/\/www.cgt-lkn.org\/bizkaia-gestamp\/wp-content\/uploads\/sites\/20\/2020\/08\/canal-telegram-400x225.jpg 400w, https:\/\/www.cgt-lkn.org\/bizkaia-gestamp\/wp-content\/uploads\/sites\/20\/2020\/08\/canal-telegram.jpg 600w\" sizes=\"auto, (max-width: 300px) 100vw, 300px\" \/><\/a><\/p>\n<p style=\"text-align: justify;\"><strong>Art\u00edculo 17.\u2014 D\u00edas festivos<\/strong><br \/>\nTomando como referencia el decreto anual correspondiente del Gobierno Vasco que aprueba el calendario laboral, ser\u00e1n considerados d\u00edas festivos los domingos y los que anualmente, de com\u00fan acuerdo entre Empresa y Comit\u00e9, se establezcan en los calendarios laborales de la empresa.<\/p>\n<p style=\"text-align: justify;\"><strong>Art\u00edculo 18.\u2014 Horas extras<\/strong><\/p>\n<p style=\"text-align: justify;\">Con objetivo de fomentar una pol\u00edtica solidaria que favorezca la creaci\u00f3n de empleo, se acuerda la supresi\u00f3n de las horas extraordinarias Con car\u00e1cter excepcional, podr\u00e1 prolongarse la jornada ordinaria de trabajo cuando concurra alguno de los siguientes casos:<\/p>\n<p style=\"text-align: justify;\">\u2014 Fuerza mayor.<br \/>\n\u2014 Reparar siniestros.<br \/>\n\u2014 Otros da\u00f1os extraordinarios y urgentes<\/p>\n<p><iframe loading=\"lazy\" title=\"TIEMPO DE VIDA  ORDU EXTRARIK EZ\" width=\"700\" height=\"394\" src=\"https:\/\/www.youtube.com\/embed\/EbMfWgKDpCw?feature=oembed\" frameborder=\"0\" allow=\"accelerometer; autoplay; clipboard-write; encrypted-media; gyroscope; picture-in-picture; web-share\" referrerpolicy=\"strict-origin-when-cross-origin\" allowfullscreen><\/iframe><\/p>\n<p style=\"text-align: justify;\">Todas las horas extraordinarias realizadas al amparo de las situaciones excepcionales, ser\u00e1n compensadas por descanso superior al trabajo extraordinario realizado (por 1,75 de lunes a s\u00e1bado y por 2 domingos y festivos). En el caso de horas extras nocturnas se abonar\u00e1 el plus de nocturnidad correspondiente de forma proporcional al tiempo de trabajo.<\/p>\n<p style=\"text-align: justify;\">En caso de que las horas extras sean derivadas de la necesidad de captaci\u00f3n de carga de trabajo, el trabajador y la trabajadora podr\u00e1n optar porque dichas horas extras se le abonen, hasta un m\u00e1ximo de 24 horas anuales.<\/p>\n<p style=\"text-align: justify;\">La empresa y la representaci\u00f3n legal de la plantilla firmantes del presente convenio, analizar\u00e1n, mensualmente el n\u00ba de horas extraordinarias realizadas, para ver si procede la contrataci\u00f3n de nuevo personal, para resolver dichas carencias horarias, para lo que se constituir\u00e1 una comisi\u00f3n mixta de ocho personas, de car\u00e1cter paritario.<\/p>\n<p style=\"text-align: justify;\">La informaci\u00f3n presentada por la empresa deber\u00e1 contener relaci\u00f3n nominal de trabajadores y trabajadoras, especificando en la misma el n\u00famero de horas extraordinarias realizadas por cada persona.<\/p>\n<p style=\"text-align: justify;\">El plazo para el disfrute de las horas acumuladas por horas extras, ser\u00e1 dentro de los seis meses siguientes con car\u00e1cter general.<\/p>\n<p><strong>Art\u00edculo 19.\u2014 Disfrute de horas<\/strong><\/p>\n<p style=\"text-align: justify;\">Con car\u00e1cter general el trabajador y la trabajadora que disponga horas de libre disposici\u00f3n definidas as\u00ed en el calendario laboral anual, horas generadas por cambio de calendario cursos formativos o reuniones de trabajo; podr\u00e1n disfrutarlas siempre que lo comunique a su responsable con suficiente antelaci\u00f3n para poder realizar la planificaci\u00f3n la respuesta se dar\u00e1 dentro de la misma jornada de trabajo y por escrito y una vez concedido el permiso \u00e9ste no podr\u00e1 revocarse salvo que concurran causas justificadas aceptadas por el Departamento de Personal. En aquellos calendarios donde el exceso de horas de libre disposici\u00f3n sea un n\u00famero elevado (por ejemplo Log\u00edstica), no ser\u00e1 obligatorio disfrutarlo en semanas completas.<\/p>\n<p style=\"text-align: justify;\">En caso de que no se comunique con suficiente antelaci\u00f3n podr\u00e1n ser denegadas.<\/p>\n<p style=\"text-align: justify;\">Horas a deber por cambio de calendario: ser\u00e1 la persona trabajadora y su responsable quienes decidan los d\u00edas en los que se deben recuperar esas horas.<\/p>\n<p style=\"text-align: justify;\"><strong>Para recibir INFOTMACI\u00d6N <\/strong><strong>\u00a0<a href=\"mailto:gestamp@cgt-lkn.eus\">gestamp@cgt-lkn.eus<\/a>\u00a0<\/strong>escribenos y te a\u00f1adimos a la lista oculta de correos<\/p>\n<div class=\"post-headline\">\n<p><a href=\"https:\/\/www.cgt-lkn.org\/bizkaia-gestamp\/contacto\/gestamp@cgt-lkn.eus\"><img loading=\"lazy\" decoding=\"async\" class=\"wp-image-9174 aligncenter\" src=\"https:\/\/www.cgt-lkn.org\/wp-content\/uploads\/sites\/20\/2023\/09\/correo-email.jpg\" alt=\"\" width=\"189\" height=\"170\" \/><\/a><\/p>\n<\/div>\n<p style=\"text-align: justify;\"><strong>Art\u00edculo 20.\u2014 Flexibilidad<\/strong><\/p>\n<p style=\"text-align: justify;\">Se acuerda un mecanismo de flexibilidad para atender las paradas no programadas de nuestros principales clientes.<\/p>\n<p style=\"text-align: justify;\">Y ser\u00e1 de aplicaci\u00f3n tambi\u00e9n la herramienta para la desactivaci\u00f3n de jornadas en casos excepcionales asimilables a Fuerza Mayor previo tratamiento en la Comisi\u00f3n de seguimiento.<\/p>\n<p style=\"text-align: justify;\">Se acuerdan los siguientes <strong>d\u00edas de Flexibilidad<\/strong>, con objeto de poder paralizar la actividad en los supuestos arriba recogidos:<\/p>\n<p style=\"text-align: justify;\">1. Para los calendarios de <strong>Jornada Partida <span style=\"background-color: #ffffff; color: #ff6600;\">5 <\/span>d\u00edas.<\/strong><br \/>\n2. Para los calendarios de <strong>2 y 3 Turnos <span style=\"color: #ff6600;\">7<\/span> d\u00edas.<\/strong><br \/>\n3. Para los calendarios de <strong>4 Turno <span style=\"color: #ff6600;\">6<\/span> d\u00edas.<\/strong><\/p>\n<p style=\"text-align: justify;\">En el caso del calendario del 5 Turno no ser\u00e1 de aplicaci\u00f3n la herramienta de la Flexibilidad por entender que son \u00e1reas donde es necesario las paradas para trabajos que no son programables en plena actividad. En los casos en los que una persona pase del calendario del 5 turno a 2\/3 o 4 turno, se le aplicar\u00e1 la parte proporcional de los d\u00edas posibles a afectarle por la herramienta de Flexibilidad.<\/p>\n<p style=\"text-align: center;\"><a href=\"https:\/\/www.cgt-lkn.org\/wp-content\/uploads\/sites\/20\/2021\/02\/flexibilidad-gestamp.jpg\"><img loading=\"lazy\" decoding=\"async\" class=\"alignnone wp-image-9474\" src=\"https:\/\/www.cgt-lkn.org\/wp-content\/uploads\/sites\/20\/2021\/02\/flexibilidad-gestamp-300x210.jpg\" alt=\"\" width=\"898\" height=\"628\" srcset=\"https:\/\/www.cgt-lkn.org\/bizkaia-gestamp\/wp-content\/uploads\/sites\/20\/2021\/02\/flexibilidad-gestamp-300x210.jpg 300w, https:\/\/www.cgt-lkn.org\/bizkaia-gestamp\/wp-content\/uploads\/sites\/20\/2021\/02\/flexibilidad-gestamp.jpg 600w\" sizes=\"auto, (max-width: 898px) 100vw, 898px\" \/><\/a><\/p>\n<p style=\"text-align: justify;\"><strong>El d\u00e9bito de horas que se produzca fruto de las paradas<\/strong> de actividad no programadas, y por tanto por activaci\u00f3n de la flexibilidad, se ajustar\u00e1 con el exceso de horas de calendario del a\u00f1o siguiente. Para ello en la elaboraci\u00f3n de los calendarios del a\u00f1o siguiente se tendr\u00e1n en consideraci\u00f3n las siguientes premisas:<\/p>\n<p style=\"text-align: justify;\">\u2014 Se <span style=\"text-decoration: underline;\">procurar\u00e1<\/span> que los calendarios tengan el m\u00e1ximo d\u00edas de libre disposici\u00f3n posible atendiendo a los calendarios de cliente.<br \/>\n\u2014 <span style=\"text-decoration: underline;\">M\u00ednimo<\/span> todos los equipos tendr\u00e1n <span style=\"text-decoration: underline;\">3 d\u00edas de libre disposici\u00f3n<\/span> anuales, salvo el calendario de Jornada Partida que contara con 2 d\u00edas de libre disposici\u00f3n.<br \/>\n\u2014 A la hora de realizar los calendarios se tendr\u00e1 en cuenta el d\u00e9bito que haya generado cada equipo el a\u00f1o anterior, para darle prioridad al e<span style=\"text-decoration: underline;\">quipo que tenga la situaci\u00f3n m\u00e1s desfavorable<\/span> a la hora de asignarle una <span style=\"text-decoration: underline;\">rotaci\u00f3n que le permita tener m\u00e1s d\u00edas<\/span> de exceso de calendario para compensar el d\u00e9bito.<br \/>\n\u2014 Siempre que el a\u00f1o anterior se haya activado la flexibilidad y fruto de esa activaci\u00f3n exista un d\u00e9bito, si por calendario de cliente no fuera posible comenzar desde el inicio de Enero (d\u00eda 2 o primer d\u00eda laborable), los d\u00edas a m\u00e1s de parada hasta los l\u00edmites antes recogidos ser\u00e1n d\u00edas de parada por activaci\u00f3n del mecanismo de flexibilidad.<\/p>\n<p style=\"text-align: justify;\">Para la <strong>Recuperaci\u00f3n del d\u00e9bito,<\/strong> la principal herramienta siguiendo los criterios anteriores ser\u00e1 recuperarlo con el exceso de calendario del a\u00f1o siguiente. De no ser posible debidamente justificado, se recuperar\u00e1 seg\u00fan los siguientes criterios:<\/p>\n<p style=\"text-align: justify;\">\u2014 La recuperaci\u00f3n <strong>ser\u00e1 obligatoria<\/strong> realizarla a lo largo del <strong>a\u00f1o siguiente<\/strong> a la aplicaci\u00f3n de la flexibilidad.<br \/>\n\u2014 La recuperaci\u00f3n podr\u00e1 llevarse a cabo mediante el <strong>descuento en n\u00f3mina<\/strong>, para ello debe ser solicitado por la persona trabajadora.<br \/>\n\u2014 La empresa dar\u00e1 a conocer las necesidades de personal que tenga <strong>de Lunes a Viernes<\/strong>, para que las personas que deban recuperar horas por aplicaci\u00f3n de la Flexibilidad previa, puedan de forma voluntaria apuntarse para cubrir las necesidades.\u2014 En caso de que las necesidades de <strong>recuperaci\u00f3n<\/strong> de forma voluntaria igualmente se den <strong>en s\u00e1bados o domingos<\/strong> o festivos estas se compensar\u00e1n de la siguiente manera:<\/p>\n<p style=\"text-align: justify;\">\u2022 En <strong>s\u00e1bado:<\/strong> hora por hora y abono del plus (1,304 por el salario base). O bien 1 hora por <strong>1,75 horas.<\/strong><br \/>\n\u2022 En <strong>domingo o festivo:<\/strong> hora por hora y abono del plus (1,552 por el salario base). O bien <strong>1 hora por 2 horas.<\/strong> En las horas trabajadas en horario nocturno se abonar\u00e1 el plus de nocturnidad correspondiente de forma proporcional al tiempo trabajado.<\/p>\n<p style=\"text-align: justify;\">El <strong>saldo individual<\/strong> de horas de cada persona que puede traspasar al a\u00f1o siguiente se regir\u00e1 por los siguientes l\u00edmites:<\/p>\n<p style=\"text-align: justify;\">\u2014 Las personas podr\u00e1n <strong>pasar al a\u00f1o siguiente<\/strong> un <strong>m\u00e1ximo de 56 horas<\/strong>.<br \/>\n\u2014 Las personas que en su saldo de horas no caducables tengan un saldo superior a 56 horas no podr\u00e1n pasar ninguna hora de libre disposici\u00f3n al a\u00f1o siguiente.<br \/>\n\u2014 En el supuesto de que en las horas no caducables el c\u00f3mputo sea inferior a 56 podr\u00e1 sumarse <strong>hasta un m\u00e1ximo de 56 horas sumando las no caducables y las de libre disposici\u00f3n.<\/strong><\/p>\n<p style=\"text-align: justify;\">Las horas no caducables podr\u00e1n pasar al a\u00f1o siguiente, sin que opere el l\u00edmite de las 56 horas.<\/p>\n<p style=\"text-align: justify;\">El abono de salario de los d\u00edas desactivados por la flexibilidad se cobrar\u00e1 de la misma manera que se cobran los d\u00edas de libre disposici\u00f3n, es decir 100% del S.B, ( salario base) C.I\u00a0 (carencia incentivo) y antig\u00fcedad y no los pluses de d\u00edas laborables: nocturno, relevo y prima.<\/p>\n<p style=\"text-align: justify;\">Si una persona hubiera acordado unos d\u00edas de disfrute a futuro, y la empresa suspende jornadas de forma colectiva a posteriori del acuerdo, prevalecer\u00e1 el disfrute acordado.<\/p>\n<p style=\"text-align: justify;\">Antes de la aplicaci\u00f3n de la herramienta se reunir\u00e1 la Comisi\u00f3n de Seguimiento. Y en el seno de la misma se revisar\u00e1n las diferentes casu\u00edsticas que surjan fruto de la aplicaci\u00f3n.<\/p>\n<h2 style=\"text-align: center;\">CAP\u00cdTULO IV<br \/>\n\u00abVACACIONES\u00bb<\/h2>\n<p style=\"text-align: justify;\">Todos los trabajadores y todas las trabajadoras disfrutar\u00e1n de un per\u00edodo vacacional de 30 d\u00edas naturales que se iniciar\u00e1n en la medida que las posibilidades organizativas lo permitan, el primer d\u00eda de la semana.<\/p>\n<p style=\"text-align: justify;\">Las vacaciones quedar\u00e1n reflejadas, su fecha de inicio y de terminaci\u00f3n en el calendario laboral acordado entre la empresa y la representaci\u00f3n legal de la plantilla. Para las vacaciones del 5.\u00ba relevo se elaborar\u00e1 un calendario que como m\u00ednimo comprenda 3 semanas consecutivas de vacaciones.<\/p>\n<p style=\"text-align: justify;\">El per\u00edodo vacacional se disfrutar\u00e1 preferentemente entre los meses de julio y agosto, con la excepci\u00f3n de las trabajadoras y los trabajadores a 4 y 5 relevos para los que podr\u00e1 ampliarse su disfrute integro en el tiempo en dos meses m\u00e1s, junio y septiembre.<\/p>\n<p style=\"text-align: justify;\">Con <strong>2 meses de antelaci\u00f3n a la fecha del disfrute<\/strong>, se comunicar\u00e1 las fechas definitivas del per\u00edodo vacacional.<\/p>\n<p style=\"text-align: justify;\">Siempre que los calendarios de los clientes y las clientas lo permitan y sea posible su organizaci\u00f3n sin poner en riesgo el servicio, el disfrute de vacaciones deber\u00e1 tener car\u00e1cter continuado y no podr\u00e1 sufrir fraccionamiento a no ser por acuerdo entre la empresa y los trabajadores y las trabajadoras afectadas, este acuerdo se comunicar\u00e1 a la representaci\u00f3n legal de la plantilla.<\/p>\n<p style=\"text-align: justify;\">En el supuesto de que la persona trabajadora no haya podido iniciar el per\u00edodo vacacional estipulado por encontrarse en I.T. o descanso de maternidad, esta podr\u00e1 hacer uso de las mismas, en per\u00edodo integro, comenzando en primer d\u00eda de alta a disfrutar del per\u00edodo de vacaciones a que tenga derecho dentro del a\u00f1o natural.<\/p>\n<p style=\"text-align: justify;\">Si disfrutando el per\u00edodo vacacional se <strong>interrumpen por causas de enfermedad<\/strong>, accidente o maternidad, la persona afectada deber\u00e1 <strong>comunicar a la empresa<\/strong> dentro de las <strong>48 horas siguientes<\/strong> al hecho causante de forma inexcusable. Su per\u00edodo vacacional se corta en la fecha de baja y se continuar\u00e1 cuando coja el alta.<\/p>\n<p style=\"text-align: justify;\">Los equipos de Mantenimiento, Log\u00edstica y Mantenimiento de troqueles, acordar\u00e1n sus vacaciones con sus respectivas direcciones, comunicando su acuerdo al comit\u00e9 de empresa.<\/p>\n<p style=\"text-align: justify;\">Cuando el per\u00edodo de vacaciones fijado en el calendario de la empresa coincida en\u00a0 el tiempo con una incapacidad temporal por contingencias comunes o profesionales, la lactancia natural o con el per\u00edodo de suspensi\u00f3n del contrato de trabajo previsto en el art\u00edculo 48.4 del ET, se tendr\u00e1 derecho a disfrutar las vacaciones en fecha distinta a la de la incapacidad temporal, maternidad y paternidad o a la del disfrute del permiso que por aplicaci\u00f3n de dicho precepto le correspondiera, al finalizar el per\u00edodo de suspensi\u00f3n, aunque haya terminado el a\u00f1o natural a que correspondan.<\/p>\n<p style=\"text-align: center;\"><strong>Para recibir las noticias \u00fanete a nuestro <\/strong><\/p>\n<p style=\"text-align: center;\"><strong>canal de <a href=\"https:\/\/t.me\/CGTGestampBizkaia\">Telegram\u00a0<\/a> <a href=\"https:\/\/t.me\/CGTGestampBizkaia\">Berriak CGT-LKN Gestamp Bizkaia\u00a0<\/a><\/strong><\/p>\n<p><a href=\"https:\/\/t.me\/CGTGestampBizkaia\"><img loading=\"lazy\" decoding=\"async\" class=\"aligncenter wp-image-7155 size-medium\" src=\"https:\/\/www.cgt-lkn.org\/wp-content\/uploads\/sites\/20\/2020\/08\/canal-telegram-300x169.jpg\" alt=\"\" width=\"300\" height=\"169\" srcset=\"https:\/\/www.cgt-lkn.org\/bizkaia-gestamp\/wp-content\/uploads\/sites\/20\/2020\/08\/canal-telegram-300x169.jpg 300w, https:\/\/www.cgt-lkn.org\/bizkaia-gestamp\/wp-content\/uploads\/sites\/20\/2020\/08\/canal-telegram-150x85.jpg 150w, https:\/\/www.cgt-lkn.org\/bizkaia-gestamp\/wp-content\/uploads\/sites\/20\/2020\/08\/canal-telegram-400x225.jpg 400w, https:\/\/www.cgt-lkn.org\/bizkaia-gestamp\/wp-content\/uploads\/sites\/20\/2020\/08\/canal-telegram.jpg 600w\" sizes=\"auto, (max-width: 300px) 100vw, 300px\" \/><\/a><\/p>\n<h3><\/h3>\n<h3 style=\"text-align: center;\">CAP\u00cdTULO V<br \/>\n\u00abPERMISOS, EXCEDENCIA Y BAJAS\u00bb<\/h3>\n<blockquote class=\"wp-embedded-content\" data-secret=\"6G8RyxNw9W\"><p><a href=\"https:\/\/www.cgt-lkn.org\/bizkaia-gestamp\/2020\/11\/13\/hemeroteca-permisos-retribuidos\/\">HEMEROTECA: PERMISOS RETRIBUIDOS<\/a><\/p><\/blockquote>\n<p><iframe loading=\"lazy\" class=\"wp-embedded-content\" sandbox=\"allow-scripts\" security=\"restricted\" style=\"position: absolute; visibility: hidden;\" title=\"\u00abHEMEROTECA: PERMISOS RETRIBUIDOS\u00bb \u2014 CGT-LKN Gestamp Bizkaia\" src=\"https:\/\/www.cgt-lkn.org\/bizkaia-gestamp\/2020\/11\/13\/hemeroteca-permisos-retribuidos\/embed\/#?secret=LYKiOI7XM4#?secret=6G8RyxNw9W\" data-secret=\"6G8RyxNw9W\" width=\"600\" height=\"338\" frameborder=\"0\" marginwidth=\"0\" marginheight=\"0\" scrolling=\"no\"><\/iframe><\/p>\n<p style=\"text-align: justify;\"><strong>Art\u00edculo 22.\u2014 Permisos retribuidos<\/strong><\/p>\n<p style=\"text-align: justify;\">Se acuerda que el abono de los permisos retribuidos y licencias se realice sobre el salario \u00edntegro, entendi\u00e9ndose como la suma de los siguientes conceptos salariales: salario base, carencia de incentivo, plus profesional, plus de relevo, plus nocturno, plus calendario 4.\u00ba o 5.\u00ba turno, plus cambio d\u00edas calendario, plus penoso peligroso y prima de producci\u00f3n.<\/p>\n<p style=\"text-align: justify;\">Las trabajadoras y los trabajadores tendr\u00e1n derecho a permisos retribuidos, previo aviso y justificaci\u00f3n por las siguientes causas:<\/p>\n<p style=\"text-align: justify;\">A. Caso de f<strong>allecimiento:<\/strong><br \/>\nDe c\u00f3nyuge o pareja de hecho, hijos: 6 d\u00edas laborables.<br \/>\nDe padres, madres, hermanas hermanos, nietas, nietos o abuelas, abuelos naturales o pol\u00edticos: 4 d\u00edas laborables.<\/p>\n<p style=\"text-align: justify;\">B. Caso de <strong>enfermedad o accidente grave u hospitalizaci\u00f3n, o caso de hospitalizaci\u00f3n <\/strong>con intervenci\u00f3n quir\u00fargica que precise reposo domiciliario (excepto partos naturales y ces\u00e1reas respecto del c\u00f3nyuge que no dan lugar a la licencia contemplada en este apartado).<\/p>\n<p style=\"text-align: justify;\">O intervenci\u00f3n quir\u00fargica sin hospitalizaci\u00f3n que precise reposo domiciliario:<br \/>\n\u2014 Del c\u00f3nyuge o pareja de hecho, hijas hijos: 5 d\u00edas laborables.<br \/>\n\u2014 De padres, madres, hermanas, hermanos, abuelas, abuelos y nietas, nietos consangu\u00edneos o pol\u00edticos: 5 d\u00edas laborables.<br \/>\n\u2014 Persona que conviva con la persona trabajadora y requiera cuidado efectivo de esta: 5 d\u00edas laborables.<\/p>\n<p style=\"text-align: justify;\">Esta licencia podr\u00e1 escalonarse entre varios familiares mientras dure el hecho causante.<br \/>\nSi por tales motivos necesita hacer un desplazamiento superior a 200 Km. desde el l\u00edmite del t\u00e9rmino municipal donde se encuentra el puesto de trabajo, el plazo anterior se ampliar\u00e1 en 2 d\u00edas laborables m\u00e1s.<\/p>\n<p style=\"text-align: justify;\">C. <strong>Asistencia a urgencias<\/strong> del c\u00f3nyuge o pareja de hecho, hijas, hijos y madres o padres consangu\u00edneos, si la estancia fuera de horario laboral supera las 4 horas la trabajadora o el trabajador tendr\u00e1 derecho a disfrutar media jornada laboral al d\u00eda siguiente. Si es durante la jornada laboral cuando sucede, la licencia ser\u00e1 por el tiempo necesario.<\/p>\n<p style=\"text-align: justify;\">Acompa\u00f1amiento a intervenci\u00f3n quir\u00fargica que no precise reposo domiciliario cuyo ingreso sea inferior a 24 horas del c\u00f3nyuge o pareja de hecho, hijas, hijos y madres y padres consangu\u00edneos: si se produjera esta circunstancia durante la jornada laboral la licencia ser\u00e1 por el tiempo necesario.<\/p>\n<p style=\"text-align: justify;\">D. Caso de <strong>Matrimonio:<\/strong><br \/>\n\u2014 En caso de matrimonio de madres, padres, hijas, hijos, hermanas, hermanos naturales o pol\u00edticos: 1 d\u00eda laborable.<br \/>\n\u2014 En caso de matrimonio o inscripci\u00f3n en el registro de parejas de hecho: el trabajador y la trabajadora tendr\u00e1 derecho a 17 d\u00edas naturales comenzando estos el primer d\u00eda laborable, independientemente de las vacaciones. En el caso de acumularlos se deber\u00e1 avisar expresamente.<\/p>\n<p style=\"text-align: justify;\">En el caso de disfrutar este permiso al inscribirse en el registro de parejas de hecho, si posteriormente, la misma pareja se casa, no podr\u00e1 volver a disfrutar este permiso.<\/p>\n<p style=\"text-align: justify;\">E. Caso de <strong>Nacimiento<\/strong> de Hijas \/os:<br \/>\n\u2014 En caso de nacimiento de hijas\/os o adopci\u00f3n: 4 d\u00edas laborables. (en caso de parto por ces\u00e1rea 6 d\u00edas laborables) tras la finalizaci\u00f3n del permiso de maternidad \/paternidad o intercalado entre los diferentes periodos de disfrute de maternidad \/ paternidad,. para ambos progenitores.<\/p>\n<p style=\"text-align: justify;\">En caso de <strong>complicaciones<\/strong> posteriores al parto, que precise que \u00e9l o la reci\u00e9n nacido\/nacida, permanezca hospitalizado u hospitalizada durante un per\u00edodo superior al de la licencia correspondiente de nacimiento de hijas e hijos, y siempre que se justifique, se ampliar\u00e1 la licencia 3 d\u00edas laborables.<\/p>\n<p style=\"text-align: justify;\">Si la o el reci\u00e9n nacida\/nacido sigue hospitalizado u hospitalizada la madre o el padre tendr\u00e1n derecho a ausentarse del trabajo durante una hora al d\u00eda. Asimismo, tendr\u00e1n derecho a reducir su jornada de trabajo hasta un m\u00e1ximo de dos horas, con la disminuci\u00f3n proporcional del salario.<\/p>\n<p style=\"text-align: justify;\">En los casos de nacimientos de hijas e hijos prematuros o que, por cualquier causa, deban permanecer hospitalizados u hospitalizadas a continuaci\u00f3n del parto, tendr\u00e1n derecho a ausentarse del trabajo durante una hora al d\u00eda, no retribuidas.<br \/>\n\u2014 Caso de realizaci\u00f3n de ex\u00e1menes prenatales y t\u00e9cnicas de preparaci\u00f3n al parto que deban realizarse durante la jornada de trabajo, el tiempo indispensable.<br \/>\n\u2014 Caso de lactancia de una hija o hijo menor de 9 meses a elecci\u00f3n del trabajador y la trabajadora una hora de ausencia del trabajo al d\u00eda, que podr\u00e1 dividir en dos fracciones.<\/p>\n<p style=\"text-align: justify;\">La duraci\u00f3n del permiso se incrementar\u00e1 proporcionalmente en los casos de parto m\u00faltiple. El trabajador y la trabajadora por su voluntad, podr\u00e1 sustituir este derecho por una reducci\u00f3n de su jornada en una hora con la misma finalidad y acumularlo en jornadas completas. La acumulaci\u00f3n de la lactancia ser\u00e1 a raz\u00f3n de una hora diaria o bien de dos horas o m\u00e1s diarias (en caso de partos m\u00faltiples). Esta acumulaci\u00f3n se calcular\u00e1 a raz\u00f3n de los d\u00edas laborables seg\u00fan el calendario del trabajador y la trabajadora hasta que la hija o el hijo cumpla los 9 meses.<\/p>\n<p style=\"text-align: justify;\">La concreci\u00f3n horaria y la determinaci\u00f3n del per\u00edodo de disfrute del permiso de lactancia y de la reducci\u00f3n de jornada, corresponder\u00e1 al trabajador y trabajadora, dentro de su jornada ordinaria. El trabajador y la trabajadora deber\u00e1n preavisar el disfrute del permiso y su concreci\u00f3n a la empresa con quince d\u00edas de antelaci\u00f3n.<\/p>\n<p style=\"text-align: justify;\">F. <strong>Carnet de Identidad:<\/strong><br \/>\n\u2014 Documento Nacional de Identidad: se conceder\u00e1 el tiempo necesario en caso de coincidir la jornada laboral con el horario de apertura y cierre de los centros expendedores de documentos p\u00fablicos durante el per\u00edodo de coincidencia.<\/p>\n<p><a href=\"https:\/\/www.cgt-lkn.org\/afiliar\/public\/#!\/\"><img loading=\"lazy\" decoding=\"async\" class=\"size-full wp-image-9027 aligncenter\" src=\"https:\/\/www.cgt-lkn.org\/wp-content\/uploads\/sites\/20\/3021\/01\/afiliate-cgt-gato.jpg\" alt=\"\" width=\"225\" height=\"225\" srcset=\"https:\/\/www.cgt-lkn.org\/bizkaia-gestamp\/wp-content\/uploads\/sites\/20\/3021\/01\/afiliate-cgt-gato.jpg 225w, https:\/\/www.cgt-lkn.org\/bizkaia-gestamp\/wp-content\/uploads\/sites\/20\/3021\/01\/afiliate-cgt-gato-150x150.jpg 150w\" sizes=\"auto, (max-width: 225px) 100vw, 225px\" \/><\/a><\/p>\n<p style=\"text-align: justify;\">G. <strong>Consulta M\u00e9dica:<\/strong><br \/>\n\u2014 Consulta m\u00e9dica de cabecera y especialistas privadas: tiempo necesario para consulta m\u00e9dica (16 horas anuales incluyendo aqu\u00ed las horas de acompa\u00f1amiento familiar de madres, padres, hijas e hijos consangu\u00edneos\/afinidad, c\u00f3nyuge o pareja de hecho).<br \/>\n\u2014 Consulta m\u00e9dica especialista tiempo necesario para consulta m\u00e9dica con el especialista de la seguridad social.<br \/>\n\u2014 Permiso acompa\u00f1amiento a madres, padres, hijas e hijos consangu\u00edneos\/as, c\u00f3nyuge o pareja de hecho por enfermedad oncol\u00f3gica, tendr\u00e1 16 h por cada persona trabajadora anuales para acompa\u00f1amiento a consulta oncol\u00f3gica o tratamiento que se le prescriba y deba acudir a un centro.<\/p>\n<p style=\"text-align: justify;\">F. <strong>Traslado de Domicilio:<\/strong><br \/>\n\u2014 Traslado de domicilio: 1 d\u00eda laborable. La fecha de traslado ser\u00e1 la que determine el nuevo certificado de empadronamiento.<\/p>\n<p style=\"text-align: justify;\">G. <strong>Art\u00edculo 37.9 del E.T. <span style=\"color: #ff0000;\">Ausentarse del trabajo<\/span> por causa de <span style=\"text-decoration: underline;\">fuerza mayor<\/span><\/strong><\/p>\n<p style=\"text-align: justify;\">La persona trabajadora tendr\u00e1 derecho a ausentarse del trabajo por causa de fuerza mayor cuando sea necesario <strong>por motivos familiares urgentes<\/strong> relacionados con familiares o personas convivientes, en caso de enfermedad o accidente que hagan indispensable su presencia inmediata.<\/p>\n<p style=\"text-align: justify;\">Las personas trabajadoras tendr\u00e1n derecho a que sean <strong>retribuidas las horas de ausencia<\/strong> por las causas previstas en el presente apartado equivalentes a <strong>cuatro d\u00edas al a\u00f1o,<\/strong> conforme a lo establecido en convenio colectivo o, en su defecto, en acuerdo entre la empresa y la representaci\u00f3n legal de las personas trabajadoras aportando las personas trabajadoras, en su caso, <strong>acreditaci\u00f3n del motivo de ausencia<\/strong>.<\/p>\n<p style=\"text-align: justify;\">Para los dem\u00e1s casos de licencias retribuidas, estaremos a lo dispuesto en el art\u00edculo correspondiente del Convenio del Metal de Bizkaia. En tanto y en cuanto, no se firme otro convenio provincial del Metal de Bizkaia, el convenio de referencia ser\u00e1 el \u00faltimo de eficacia general.<\/p>\n<p style=\"text-align: justify;\"><strong>Si<\/strong> el hecho causante <strong>ocurre durante la jornada<\/strong> de trabajo, el trabajador y la trabajadora podr\u00e1n ausentarse una vez conocido el hecho y <strong>el d\u00eda ser\u00e1 considerado como d\u00eda de trabajo efectivo<\/strong>. La licencia correspondiente <span style=\"text-decoration: underline;\">comenzar\u00e1 a computar a partir del d\u00eda siguiente.<\/span><\/p>\n<p style=\"text-align: justify;\"><strong>Las Parejas de Hecho dispondr\u00e1n en esta Empresa de los mismos derechos laborales <\/strong><strong>que el resto de pareja<\/strong>s, siempre que se justifique mediante la inscripci\u00f3n en el registro civil de parejas de hecho.<\/p>\n<p style=\"text-align: justify;\">Se equipara Tutor Legal a padres y madres siempre que se justifique esta circunstancia.<\/p>\n<p style=\"text-align: justify;\">El t\u00e9rmino laborable en el art\u00edculo 21 hace referencia al d\u00eda de trabajo efectivo seg\u00fan calendario de cada trabajador y trabajadora. Y las licencias en d\u00edas laborables a las que hace referencia este art\u00edculo, cuando el hecho causante haya tenido lugar en d\u00eda festivo, s\u00e1bado o de descanso seg\u00fan calendario de la trabajadora y el trabajador, comenzar\u00e1 a contar el d\u00eda siguiente inmediato laborable.<\/p>\n<p style=\"text-align: center;\"><strong><a href=\"https:\/\/www.cgt-lkn.org\/afiliar\/public\/#!\/\">AF\u00cdLIATE!!<\/a><\/strong><\/p>\n<p><a href=\"https:\/\/www.cgt-lkn.org\/afiliar\/public\/#!\/\"><img loading=\"lazy\" decoding=\"async\" class=\"aligncenter wp-image-7505 size-medium\" src=\"https:\/\/www.cgt-lkn.org\/wp-content\/uploads\/sites\/20\/2021\/01\/afiliate-CGT-204x300.jpg\" alt=\"\" width=\"204\" height=\"300\" srcset=\"https:\/\/www.cgt-lkn.org\/bizkaia-gestamp\/wp-content\/uploads\/sites\/20\/2021\/01\/afiliate-CGT-204x300.jpg 204w, https:\/\/www.cgt-lkn.org\/bizkaia-gestamp\/wp-content\/uploads\/sites\/20\/2021\/01\/afiliate-CGT.jpg 544w\" sizes=\"auto, (max-width: 204px) 100vw, 204px\" \/><\/a><\/p>\n<p>Art\u00edculo 23.\u2014<strong> Permisos retribuidos por raz\u00f3n de cargos p\u00fablicos<\/strong><\/p>\n<p style=\"text-align: justify;\">La empresa de acuerdo con la legislaci\u00f3n vigente, conceder\u00e1 permiso retribuido por el tiempo preciso en el caso necesario de cumplimiento de funciones derivadas de cargos p\u00fablicos.<\/p>\n<p style=\"text-align: justify;\"><strong>Art\u00edculo 24.\u2014 Permisos retribuidos por raz\u00f3n de deberes inexcusables de car\u00e1cter<\/strong><br \/>\n<strong>p\u00fablico<\/strong><br \/>\nCuando, como consecuencia de deberes impuestos por disposiciones legales o determinados por las autoridades oficiales, haya de acudir la trabajadora y el trabajador de la empresa, a realizar un deber p\u00fablico, inexcusable y personal, caso de asistencia como testigos imputado o imputada, jurado o asuntos relacionados con la actividad laboral, el tiempo necesario.<\/p>\n<p style=\"text-align: justify;\"><strong>Art\u00edculo 25.\u2014 Permisos para ex\u00e1menes<\/strong><br \/>\nLos trabajadores y las trabajadoras que, por circunstancias acad\u00e9micas regladas, solicitando con suficiente antelaci\u00f3n, tendr\u00e1n derecho al tiempo necesario para concurrir a ex\u00e1menes, de forma no retribuida.<\/p>\n<p>Todo trabajador y trabajadora tiene derecho a solicitar permisos para la formaci\u00f3n, aunque suponga modificaciones en su calendario u horario laboral.<\/p>\n<p style=\"text-align: justify;\">La trabajadora y el trabajador deber\u00e1 presentar por escrito ante la Direcci\u00f3n de la empresa, la correspondiente solicitud de permiso con 30 d\u00edas de antelaci\u00f3n al disfrute del mismo En dicha solicitud se har\u00e1 constar el objetivo formativo que se persigue, calendario de ejecuci\u00f3n (horario lectivo, per\u00edodos de interrupci\u00f3n, duraci\u00f3n,) y lugar de impartici\u00f3n.<\/p>\n<p style=\"text-align: justify;\">Se informar\u00e1 de las solicitudes recibidas a la representaci\u00f3n legal de la plantilla.<br \/>\nLa empresa deber\u00e1 resolver en el plazo m\u00e1ximo de 15 d\u00edas, a partir de la recepci\u00f3n de la solicitud.<\/p>\n<p style=\"text-align: justify;\">A fin de valorar tal solicitud, la empresa podr\u00e1 tener en cuenta las necesidades productivas y organizativas de la misma, para lo que recabar\u00e1 la opini\u00f3n de la representaci\u00f3n legal de la plantilla, as\u00ed como que el disfrute de los permisos no afecte significativamente la realizaci\u00f3n del trabajo en la empresa.<\/p>\n<p style=\"text-align: justify;\"><strong>Art\u00edculo 26.\u2014 Justificaciones<\/strong><br \/>\nEn todos los casos de concesi\u00f3n de permisos retribuidos o no retribuidos, por las circunstancias regladas en los art\u00edculos anteriores. Deber\u00e1n ser justificados documentalmente por las personas que los soliciten ante la oficina de Personal.<\/p>\n<p style=\"text-align: justify;\">En el caso de documentos oficiales que sean necesarios para la correcta comunicaci\u00f3n a Seguridad Social o para la elaboraci\u00f3n de la n\u00f3mina mensual el plazo m\u00e1ximo de entrega en Personal ser\u00e1 de 3 d\u00edas.<\/p>\n<p style=\"text-align: justify;\">La persona trabajadora solicitante, debe enviar copia de la justificaci\u00f3n por medio de la APP \u00abSEDapp<\/p>\n<p style=\"text-align: justify;\">PORTAL DEL EMPLEAD\u24b6<\/p>\n<p>Puedes <strong>entrar o descargarte<\/strong> la aplicaci\u00f3n desde <strong><a href=\"https:\/\/www.cgt-lkn.org\/bizkaia-gestamp\/recursos-laborales\/portal-del-emplead%e2%93%90\/\">aqu\u00ed<\/a><\/strong><\/p>\n<p style=\"text-align: center;\"><a href=\"https:\/\/www.cgt-lkn.org\/bizkaia-gestamp\/recursos-laborales\/portal-del-emplead%e2%93%90\/\"><img loading=\"lazy\" decoding=\"async\" class=\"alignnone wp-image-9492\" src=\"https:\/\/www.cgt-lkn.org\/wp-content\/uploads\/sites\/20\/2021\/02\/APP-SEDapp-portal-empleado-gestamp-300x137.jpg\" alt=\"\" width=\"455\" height=\"208\" srcset=\"https:\/\/www.cgt-lkn.org\/bizkaia-gestamp\/wp-content\/uploads\/sites\/20\/2021\/02\/APP-SEDapp-portal-empleado-gestamp-300x137.jpg 300w, https:\/\/www.cgt-lkn.org\/bizkaia-gestamp\/wp-content\/uploads\/sites\/20\/2021\/02\/APP-SEDapp-portal-empleado-gestamp.jpg 600w\" sizes=\"auto, (max-width: 455px) 100vw, 455px\" \/><\/a><\/p>\n<p style=\"text-align: justify;\"><strong>Art\u00edculo 27.\u2014 Excedencia y otras suspensiones<\/strong><br \/>\nEn el caso de Excedencias se actuar\u00e1 seg\u00fan lo dispuesto en el art\u00edculo 46 del Estatuto de los Trabajadores, y en la Ley Org\u00e1nica de Libertad Sindical. Las peticiones de excedencias ser\u00e1n contestadas por la empresa en el plazo de 15 d\u00edas.<\/p>\n<p style=\"text-align: justify;\">Cada vez que haya una solicitud se comunicar\u00e1 al comit\u00e9 de empresa las excedencias presentadas y las resoluciones dadas por parte de la empresa a las excedencias solicitadas.<\/p>\n<p style=\"text-align: justify;\">Adem\u00e1s de las <strong>excedencia<\/strong>s legalmente establecidas, el trabajador y trabajadora de <strong>Gestamp Bizkaia,<\/strong> tendr\u00e1 derecho a una excedencia voluntaria con reserva de puesto de trabajo, siempre que tenga una antig\u00fcedad superior a un a\u00f1o en la empresa. La excedencia deber\u00e1 ser solicitada con un <span style=\"text-decoration: underline;\">preaviso de 50 d\u00edas naturales<\/span>.<\/p>\n<p style=\"text-align: justify;\">Dicha excedencia deber\u00e1 ser por un periodo <strong>m\u00ednimo de 1 mes<\/strong> y no podr\u00e1 ser superior <strong>a<\/strong> los <strong>6 meses<\/strong>. No se podr\u00e1 acoger a esta excedencia m\u00e1s del 5% de la plantilla de forma simult\u00e1nea, siempre que se mantenga un equilibrio organizativo entre los diferentes departamentos, por lo que la empresa podr\u00e1 denegar solicitudes aunque no se haya alcanzado ese 5% global si las solicitudes se concentran en un mismo \u00e1rea, l\u00ednea o departamento.<\/p>\n<p style=\"text-align: justify;\">Para generar un nuevo derecho tendr\u00e1n que transcurrir 3 a\u00f1os, siempre que no se haya alcanzado el 5% o bien no se d\u00e9 un problema de concurrencia en el \u00e1rea no se exigir\u00e1 este requisito.<\/p>\n<p style=\"text-align: justify;\">Para las excedencias menores de tres meses, previa solicitud del trabajador y trabajadora, no se realizar\u00e1 la liquidaci\u00f3n de vacaciones para su posterior disfrute.<\/p>\n<p style=\"text-align: justify;\">Art\u00edculo 48 bis del ET. 1. Las personas trabajadoras tendr\u00e1n derecho a un <strong>permiso <\/strong><strong>parental, para el cuidado de hijo<\/strong>, hija o menor acogido por tiempo superior a un a\u00f1o, hasta el momento en que el menor cumpla ocho a\u00f1os. Este permiso, que tendr\u00e1 una duraci\u00f3n no superior a ocho semanas, continuas o discontinuas, podr\u00e1 disfrutarse a tiempo completo, o en r\u00e9gimen de jornada a tiempo parcial conforme a lo establecido reglamentariamente. 2. Este permiso constituye un derecho individual de las personas trabajadoras, hombres o mujeres, sin que pueda transferirse su ejercicio.<\/p>\n<p style=\"text-align: justify;\">Corresponder\u00e1\u00a0 a la persona trabajadora especificar la fecha de inicio y fin del disfrute o, en su caso, de los per\u00edodos de disfrute, debiendo comunicarlo a la empresa con una antelaci\u00f3n de diez d\u00edas o la concretada por los convenios colectivos, salvo fuerza mayor, teniendo en cuenta la situaci\u00f3n de aquella y las necesidades organizativas de la empresa. En caso de que dos o m\u00e1s personas trabajadoras generasen este derecho por el mismo sujeto causante o en otros supuestos definidos por los convenios colectivos en los que el disfrute del permiso parental en el per\u00edodo solicitado altere seriamente el correcto funcionamiento de la empresa, \u00e9sta podr\u00e1 aplazar la concesi\u00f3n del permiso por un per\u00edodo razonable, justific\u00e1ndolo por escrito y despu\u00e9s de haber ofrecido una alternativa de disfrute igual de flexible.<\/p>\n<p style=\"text-align: center;\"><strong>Para recibir las noticias \u00fanete a nuestro <\/strong><\/p>\n<p style=\"text-align: center;\"><strong>canal de <a href=\"https:\/\/t.me\/CGTGestampBizkaia\">Telegram\u00a0<\/a> <a href=\"https:\/\/t.me\/CGTGestampBizkaia\">Berriak CGT-LKN Gestamp Bizkaia\u00a0<\/a><\/strong><\/p>\n<p style=\"text-align: justify;\"><a href=\"https:\/\/t.me\/CGTGestampBizkaia\"><img loading=\"lazy\" decoding=\"async\" class=\"aligncenter wp-image-7155 size-medium\" src=\"https:\/\/www.cgt-lkn.org\/wp-content\/uploads\/sites\/20\/2020\/08\/canal-telegram-300x169.jpg\" alt=\"\" width=\"300\" height=\"169\" srcset=\"https:\/\/www.cgt-lkn.org\/bizkaia-gestamp\/wp-content\/uploads\/sites\/20\/2020\/08\/canal-telegram-300x169.jpg 300w, https:\/\/www.cgt-lkn.org\/bizkaia-gestamp\/wp-content\/uploads\/sites\/20\/2020\/08\/canal-telegram-150x85.jpg 150w, https:\/\/www.cgt-lkn.org\/bizkaia-gestamp\/wp-content\/uploads\/sites\/20\/2020\/08\/canal-telegram-400x225.jpg 400w, https:\/\/www.cgt-lkn.org\/bizkaia-gestamp\/wp-content\/uploads\/sites\/20\/2020\/08\/canal-telegram.jpg 600w\" sizes=\"auto, (max-width: 300px) 100vw, 300px\" \/><\/a><\/p>\n<p style=\"text-align: justify;\"><strong>Art\u00edculo 28.\u2014 Devengos en caso de ausencia por enfermedad<\/strong><br \/>\nTodos aquellos trabajadores y trabajadoras que por Accidente de Trabajo o Enfermedad profesional, con reducci\u00f3n de sus facultades f\u00edsicas o intelectuales, sufran una disminuci\u00f3n, tendr\u00e1n preferencia para ocupar puestos m\u00e1s aptos a sus condiciones que existan en la empresa, siempre que tengan aptitud para el nuevo puesto.<\/p>\n<p style=\"text-align: justify;\">Las trabajadoras y los trabajadores que se encuentren en situaci\u00f3n de Incapacidad Transitoria por motivo de <strong>enfermedad profesional o accidente de trabajo<\/strong> y se justifique debidamente, percibir\u00e1n el <strong>100% de su salario real desde el primer d\u00eda.<\/strong><\/p>\n<p style=\"text-align: justify;\">Se acuerda que si la baja es por enfermedad se percibir\u00e1 un salario de acuerdo a la media acumulada de absentismo producido por enfermedad, seg\u00fan la siguiente escala:<br \/>\n\u2014 Absentismo menor o igual al 2% 100% de su salario.<br \/>\n\u2014 Absentismo entre el 2% y el 3% 90% de su salario.<br \/>\n\u2014 Absentismo entre el 3% y el 5% 80% de su salario.<br \/>\n\u2014 Absentismo superior al 5% seg\u00fan legislaci\u00f3n.<\/p>\n<p style=\"text-align: justify;\">La empresa se compromete a estudiar con car\u00e1cter excepcional e individualmente, el caso de aquellas personas trabajadoras, que por motivo de dos bajas por enfermedad dentro del mismo a\u00f1o, el abono de la baja no alcance el 80% de su salario.<\/p>\n<p><strong>Art\u00edculo 29.\u2014 Gesti\u00f3n de Incapacidades Temporales<\/strong><\/p>\n<p style=\"text-align: justify;\">La empresa acordar\u00e1 con la representaci\u00f3n legal de la plantilla la Mutua Colaboradora con la Seguridad Social que asumir\u00e1 la cobertura de las contingencias de accidentes de trabajo y enfermedades profesionales para el conjunto de los trabajadores y las trabajadoras de la empresa. La empresa mantendr\u00e1 la cobertura de la prestaci\u00f3n de las contingencias comunes (enfermedad com\u00fan y accidente no laboral), y el control sanitario de las altas y bajas por tales contingencias en el sistema p\u00fablico, sin que pueda optar por llevar a efecto tal cobertura a trav\u00e9s de entidades colaboradoras de la Seguridad Social (Mutuas de Accidentes de Trabajo y Enfermedades Profesionales Mutua Colaboradora con la Seguridad Social)<\/p>\n<h2 style=\"text-align: center;\">CAP\u00cdTULO VI<br \/>\n\u00abPOL\u00cdTICA SALARIAL\u00bb<\/h2>\n<p style=\"text-align: justify;\"><strong>Art\u00edculo 30.\u2014 Condiciones econ\u00f3micas<\/strong><br \/>\nLos valores de todos los conceptos retributivos que se establezcan en el presente convenio, son brutos y de ellos se deducir\u00e1n las cuotas cuyo pago, legalmente sean a cargo del trabajador y la trabajadora.<\/p>\n<p style=\"text-align: justify;\">La fecha de pago de la n\u00f3mina ser\u00e1 el quinto d\u00eda natural del mes siguiente, y en caso de ser festivo, el pago se efectuar\u00e1 el primer d\u00eda laborable inmediato anterior. En caso de la finalizaci\u00f3n de un contrato eventual el abono del finiquito se efectuar\u00e1 en el plazo m\u00e1ximo de 10 d\u00edas a la fecha de baja o finalizaci\u00f3n del contrato.<\/p>\n<p style=\"text-align: justify;\"><strong>Art\u00edculo 31.\u2014 Incentivo fijo<\/strong><br \/>\nToda la plantilla recibir\u00e1 un incentivo fijo mensual del 15% del salario base, seg\u00fan nivel durante la vigencia de \u00e9ste convenio.<\/p>\n<blockquote class=\"wp-embedded-content\" data-secret=\"77hI4JoWN8\"><p><a href=\"https:\/\/www.cgt-lkn.org\/bizkaia-gestamp\/subida-lineal\/\">Subida Lineal<\/a><\/p><\/blockquote>\n<p><iframe loading=\"lazy\" class=\"wp-embedded-content\" sandbox=\"allow-scripts\" security=\"restricted\" style=\"position: absolute; visibility: hidden;\" title=\"\u00abSubida Lineal\u00bb \u2014 CGT-LKN Gestamp Bizkaia\" src=\"https:\/\/www.cgt-lkn.org\/bizkaia-gestamp\/subida-lineal\/embed\/#?secret=lm7Auph7xR#?secret=77hI4JoWN8\" data-secret=\"77hI4JoWN8\" width=\"600\" height=\"338\" frameborder=\"0\" marginwidth=\"0\" marginheight=\"0\" scrolling=\"no\"><\/iframe><\/p>\n<p style=\"text-align: justify;\"><strong>Art\u00edculo 32.\u2014 Incremento salarial<\/strong><br \/>\nEl incremento salarial ser\u00e1 para el a\u00f1o:<br \/>\n\u2014 2023 ser\u00e1 del 5%.<br \/>\n\u2014 2024 ser\u00e1 del 3%.<br \/>\n\u2014 2025 ser\u00e1 del 2%.<br \/>\n\u2014 2026 ser\u00e1 del 2%.<br \/>\nAnual a aplicar en los conceptos salariales mencionados a continuaci\u00f3n:<br \/>\n\u2014 Salario Base.<br \/>\n\u2014 Plus de Relevos.<br \/>\n\u2014 Prima de Producci\u00f3n.<br \/>\n\u2014 Plus profesional.<br \/>\n\u2014 Antig\u00fcedad.<\/p>\n<p style=\"text-align: justify;\">La carencia de incentivo, el plus nocturno, el plus 4.\u00ba y 5.\u00ba relevo, y el plus de cambio de calendarios, son pluses relacionados con el salario base y se calcular\u00e1n en funci\u00f3n del mismo. A partir del 1 de enero de 2024 el plus nocturno pasar\u00e1 a ser un importe fijo para todos los niveles de la tabla HAY y su importe ser\u00e1 de 34,66 euros\/d\u00eda en horario de 22:00 a 6:00.<\/p>\n<p style=\"text-align: justify;\">\u2014 Plus Nocturno 4A 2022 =32,05 euros.<br \/>\n\u2014 Plus Nocturno 4A 2023 (+5%)= 33,65 euros.<br \/>\n\u2014 Plus Nocturno 4A 2024 (+3%)= 34,66 euros.<\/p>\n<p style=\"text-align: justify;\">Aquellas personas que a la firma del presente convenio tuvieran un precio superior, seguir\u00e1n percibiendo dicho precio ad personam nocturno como un derecho adquirido.<\/p>\n<p style=\"text-align: justify;\">Con fecha 1 de enero de 2027 se actualizar\u00e1n los importes, con la diferencia entre el sumatorio del IPC de los a\u00f1os 2022\/2023\/2024\/2025 y el 12% aplicado, de los conceptos de Salario Base, Plus de relevo, Prima de producci\u00f3n, plus profesional, antig\u00fcedad y plus nocturno (sobre salarios de 2026).<\/p>\n<p style=\"text-align: justify;\"><strong>Art\u00edculo 33.\u2014 Antig\u00fcedad<\/strong><br \/>\nEl personal de Gestamp Bizkaia S.A., percibir\u00e1 quinquenios en n\u00famero ilimitado, y el valor de quinquenio ser\u00e1 el establecido en tablas, seg\u00fan nivel.<\/p>\n<p style=\"text-align: justify;\">Todo trabajador y trabajadora que cumpla quinquenios comenzar\u00e1 a cobrar el complemento correspondiente a partir del mes siguiente de haberlo cumplido.<\/p>\n<p style=\"text-align: justify;\">Aquellos trabajadores y trabajadoras que superasen el valor anteriormente establecido, conservar\u00e1n el valor que tengan.<\/p>\n<p style=\"text-align: justify;\">Se adjunta como anexo la tabla y sus valores correspondientes.<\/p>\n<p style=\"text-align: justify;\"><strong>Art\u00edculo 34.\u2014 Gratificaciones extraordinarias<\/strong><br \/>\nTodos los trabajadores y trabajadoras afectados por el presente convenio percibir\u00e1n dos pagas extraordinarias.<\/p>\n<p style=\"text-align: justify;\">Estas pagas se har\u00e1n efectivas los d\u00edas 15 de julio y 20 de Diciembre por un importe de 30 d\u00edas de salario real sin que afecten los per\u00edodos de baja o ILT seg\u00fan la f\u00f3rmula siguiente:<\/p>\n<p style=\"text-align: justify;\">Para el personal que no trabaja a relevos:<br \/>\nPaga Extra = Salario Base + Car. Incen. + Plus Profesional+Antig. X 30 d\u00edas.<\/p>\n<p style=\"text-align: justify;\">Para el personal que trabaja <strong>a relevos:<\/strong><br \/>\nPaga Extra = Salario Base + Car. Incen.+ Plus Profesional+Antig. X 30 d\u00edas + Plus Relevo X 20 d\u00edas.<\/p>\n<p><strong>Explicaci\u00f3n de la n\u00f3mina:<\/strong><\/p>\n<blockquote class=\"wp-embedded-content\" data-secret=\"2GAvMpzeeM\"><p><a href=\"https:\/\/www.cgt-lkn.org\/bizkaia-gestamp\/recursos-laborales\/enlaces\/\">Nomina<\/a><\/p><\/blockquote>\n<p><iframe loading=\"lazy\" class=\"wp-embedded-content\" sandbox=\"allow-scripts\" security=\"restricted\" style=\"position: absolute; visibility: hidden;\" title=\"\u00abNomina\u00bb \u2014 CGT-LKN Gestamp Bizkaia\" src=\"https:\/\/www.cgt-lkn.org\/bizkaia-gestamp\/recursos-laborales\/enlaces\/embed\/#?secret=a9LyQzyzZP#?secret=2GAvMpzeeM\" data-secret=\"2GAvMpzeeM\" width=\"600\" height=\"338\" frameborder=\"0\" marginwidth=\"0\" marginheight=\"0\" scrolling=\"no\"><\/iframe><\/p>\n<p style=\"text-align: justify;\"><strong>Art\u00edculo 35.\u2014Remuneraci\u00f3n de vacaciones<\/strong><br \/>\nSeg\u00fan f\u00f3rmula actual.<br \/>\nPaga Vacaciones = Salario Base + Car.inc + Antig. + Plus Profesional + Media Anual Pluses de enero a julio.<\/p>\n<p style=\"text-align: justify;\"><strong>Art\u00edculo 36.\u2014Prima de Producci\u00f3n y su retribuci\u00f3n<\/strong><br \/>\nSe seguir\u00e1 percibiendo la prima de producci\u00f3n en los departamentos y puestos de trabajo que se percibe actualmente:<\/p>\n<p style=\"text-align: justify;\">\u2014 Calidad: controles volantes , metr\u00f3logos\/as, chapistas, ensayos destructivos.<br \/>\n\u2014 Mantenimiento: t\u00e9cnicos de mantenimiento, coordinador.<br \/>\n\u2014 Log\u00edstica: t\u00e9cnicos de almac\u00e9n y carretilleros.<br \/>\n\u2014 Producci\u00f3n: t\u00e9cnico especialista, carretillero, Jefe de Equipo, Coordinador T\u00e9cnico UN a relevos.<br \/>\n\u2014 Troqueleria: t\u00e9cnico\/a especialista, matricero\/a.<br \/>\n\u2014 Utillajes: t\u00e9cnico\/a utillajes, coordinador\/a.<\/p>\n<p style=\"text-align: justify;\">Su valor para el a\u00f1o <strong>2023 es 11,4556<\/strong> euros por d\u00eda trabajado.<\/p>\n<p style=\"text-align: justify;\"><strong>Art\u00edculo 37.\u2014Plus de relevo<\/strong><br \/>\nPlus de relevo de devengar\u00e1 <strong>4,5049 euros por d\u00eda trabajado<\/strong> para el a\u00f1o 2023.<\/p>\n<p style=\"text-align: justify;\">Tendr\u00e1n derecho a su cobro los trabajadores y las trabajadoras a turnos y los que se rijan por calendario de ocho horas continuas de trabajo diario s\u00f3lo en el caso de que sea solicitado por la Empresa.<\/p>\n<p style=\"text-align: justify;\"><strong>Art\u00edculo 38.\u2014 Plus nocturno<\/strong><br \/>\nPlus nocturno ser\u00e1 el <strong>42% del sueldo d\u00eda por noche trabajada<\/strong> para el a\u00f1o 2023, a partir del a\u00f1o 2024 ser\u00e1 el importe fijado en el art\u00edculo 32.<\/p>\n<p style=\"text-align: justify;\">El plus nocturno se percibir\u00e1 por trabajo realizado entre las 22 y las 6 horas.<\/p>\n<p><strong>Para recibir las noticias <\/strong><strong>\u00a0<a href=\"mailto:gestamp@cgt-lkn.eus\">gestamp@cgt-lkn.eus<\/a>\u00a0<\/strong>escribenos y te a\u00f1adimos a la lista oculta de correos<\/p>\n<div class=\"post-headline\">\n<p><a href=\"https:\/\/www.cgt-lkn.org\/bizkaia-gestamp\/contacto\/gestamp@cgt-lkn.eus\"><img loading=\"lazy\" decoding=\"async\" class=\"wp-image-9174 aligncenter\" src=\"https:\/\/www.cgt-lkn.org\/wp-content\/uploads\/sites\/20\/2023\/09\/correo-email.jpg\" alt=\"\" width=\"189\" height=\"170\" \/><\/a><\/p>\n<p style=\"text-align: justify;\"><strong>Art\u00edculo 39.\u2014 Plus Cambio calendario<\/strong><br \/>\nEn los Dptos. (Log\u00edstica, Almacenes) que ajusten sus d\u00edas de trabajo a los establecidos por las clientas y los clientes o empresa proveedoras, y sean d\u00edas considerados como laborables o festivos en el Calendario Laboral de E. Bizkaia, se abonar\u00e1 como cambio de calendario los siguientes pluses:<\/p>\n<p>\u2014 El plus del s\u00e1bado se abonar\u00e1 el 1,304 por el salario base.<br \/>\n\u2014 El plus del domingo y festivo se abonar\u00e1 el 1,552 por salario base.<br \/>\n\u2014 Se acuerda la posibilidad de en lugar de cobrar el plus, disfrutar las horas generadas con la misma f\u00f3rmula de c\u00e1lculo que la recogida en el Art.18 de Horas Extras.<\/p>\n<p>Siendo obligatorio dar Servicio, por tanto se debe asegurar la asistencia en estos d\u00edas. Se fijar\u00e1 una limitaci\u00f3n al periodo de disfrute de dichas horas, dentro del a\u00f1o natural; excepto que se generen en los tres \u00faltimos meses del a\u00f1o y por tanto este periodo se ampl\u00ede en tres meses m\u00e1s.<\/p>\n<p><strong>El calendario se establecer\u00e1 de mutuo <span style=\"color: #ff6600;\">acuerdo<\/span> entre Comit\u00e9 y Empresa.<\/strong><\/p>\n<h3 style=\"text-align: center;\"><a href=\"https:\/\/www.cgt-lkn.org\/bizkaia-gestamp\/egutegiak\/\">Descargate los Calendarios OFICIALES en pdf<\/a><\/h3>\n<p style=\"text-align: center;\"><a href=\"https:\/\/www.cgt-lkn.org\/bizkaia-gestamp\/recursos-laborales\/egutegiak\/\"><img loading=\"lazy\" decoding=\"async\" class=\"alignnone wp-image-1575\" src=\"https:\/\/www.cgt-lkn.org\/wp-content\/uploads\/sites\/20\/2012\/12\/calendario.jpg\" alt=\"\" width=\"172\" height=\"171\" srcset=\"https:\/\/www.cgt-lkn.org\/bizkaia-gestamp\/wp-content\/uploads\/sites\/20\/2012\/12\/calendario.jpg 225w, https:\/\/www.cgt-lkn.org\/bizkaia-gestamp\/wp-content\/uploads\/sites\/20\/2012\/12\/calendario-150x150.jpg 150w\" sizes=\"auto, (max-width: 172px) 100vw, 172px\" \/><\/a><\/p>\n<p style=\"text-align: justify;\"><strong>Art\u00edculo 40.\u2014 Plus calendario 4.\u00ba y 5.\u00ba turno<\/strong><br \/>\nEl Plus denominado Calendario 4.\u00ba y 5.\u00ba turno, se abonar\u00e1 los 365 d\u00edas del a\u00f1o al personal sujeto a 4.\u00ba turno y 5.\u00ba turno por d\u00eda trabajado, de la siguiente manera:<\/p>\n<p style=\"text-align: justify;\">\u2014 Plus calendario 4.\u00ba turno 20% del salario base.<br \/>\n\u2014 Plus calendario 5.\u00ba turno 30% del salario base.<\/p>\n<p style=\"text-align: justify;\">Si los relevos de 4.\u00ba y 5.\u00ba turnos finalizan antes del \u00faltimo d\u00eda del mes los trabajadores y las trabajadoras afectadas percibir\u00e1n el plus calendario 4.\u00ba y 5.\u00ba turno correspondiente al mes completo.<\/p>\n<p style=\"text-align: justify;\">Los trabajadores y las trabajadoras que est\u00e9n a 4 relevos no podr\u00e1n trabajar en l\u00edneas que est\u00e9n a 3 o menos relevos, en aquellas jornadas de trabajo exclusivas de este calendario salvo aver\u00edas u otras circunstancias que obliguen a no poder trabajar en la l\u00ednea a 4 turnos.<\/p>\n<p style=\"text-align: justify;\"><strong>Art\u00edculo 41.\u2014 Prima por objetivos<\/strong><br \/>\nSe acuerda establecer una prima por objetivos que se abonar\u00e1 el 15 de mayo a toda la plantilla.<\/p>\n<p style=\"text-align: justify;\">El importe de la prima para el a\u00f1o <strong>2023<\/strong> ser\u00e1 de <strong>1989,78 euros<\/strong> correspondiente al ejercicio 2022.<\/p>\n<p style=\"text-align: justify;\">El importe de la prima para el a\u00f1o <strong>2024<\/strong> ser\u00e1 de <strong>2039,78 euros<\/strong> correspondiente al ejercicio 2023.<\/p>\n<p style=\"text-align: justify;\">El importe de la prima para el a\u00f1o <strong>2025<\/strong> ser\u00e1 de <strong>2089,78 euros<\/strong> correspondiente al ejercicio 2024.<\/p>\n<p style=\"text-align: justify;\">El importe de la prima para el a\u00f1o <strong>2026<\/strong> ser\u00e1 de <strong>2139,78 euros<\/strong> correspondiente al ejercicio 2025.<\/p>\n<p style=\"text-align: justify;\">En tanto en cuanto no se negocie una nueva cantidad para los siguientes a\u00f1os, el importe de esta prima a aplicar ser\u00e1 de 2139,78 euros.<\/p>\n<p style=\"text-align: justify;\">Esta prima se abonar\u00e1 a todos los trabajadores y las trabajadoras en la parte proporcional al tiempo trabajado en el ejercicio al que corresponde la prima.<\/p>\n<p style=\"text-align: justify;\">Los trabajadores y las trabajadoras eventuales que finalicen contrato con anterioridad a la fecha de pago de esta prima recibir\u00e1n en el finiquito correspondiente la parte de esta prima generada en el tiempo referido.<\/p>\n<p style=\"text-align: justify;\"><strong>Art\u00edculo 42.\u2014 Viajes y dietas<\/strong><br \/>\nLas trabajadoras y los trabajadores que por necesidades de la empresa, tengan que viajar a distintas poblaciones a realizar alg\u00fan trabajo y que les impida comer o pernoctar en su domicilio, tendr\u00e1n derecho a percibir, independientemente del salario, los gastos que se originen por tal motivo, debidamente justificados.<\/p>\n<p style=\"text-align: justify;\">El tiempo de viaje entre Gestamp Bizkaia, S.A. y sus clientes y clientas, se considerar\u00e1 como tiempo de trabajo computado hora por hora para su disfrute en la misma cantidad que el empleado en el viaje, para el personal que entre las funciones de su puesto de trabajo no se contemple las salidas al exterior.<\/p>\n<p style=\"text-align: justify;\">El valor del <strong>kilometraje ser\u00e1 0,4195<\/strong> euros para el a\u00f1o<strong> 2023<\/strong>. A este importe le ser\u00e1n de aplicaci\u00f3n las subidas pactadas para el resto de los a\u00f1os<\/p>\n<p style=\"text-align: justify;\"><strong>Art\u00edculo 43.\u2014 Comedor<\/strong><br \/>\nLa direcci\u00f3n atender\u00e1 las sugerencias que le sean planteadas por la representaci\u00f3n legal de la plantilla, respecto a la calidad de la comida y servicio en general.<\/p>\n<p style=\"text-align: justify;\">La cuota aportada por cada persona usuaria ser\u00e1 el determinado por el Departamento de Personal. Para el a\u00f1o <strong>2023 ser\u00e1 3,3559 euros por comida.<\/strong><\/p>\n<p style=\"text-align: justify;\">El incremento del precio de men\u00fa ser\u00e1 con relaci\u00f3n al incremento salarial. Y los incrementos del precio del men\u00fa extraordinarios se repartir\u00e1n proporcionalmente entre Empresa y los trabajadores y las trabajadoras.<\/p>\n<p style=\"text-align: justify;\">El horario de comedor, salvo acuerdo con el Comit\u00e9 de Empresa quedar\u00e1 determinado de la siguiente forma:<\/p>\n<p style=\"text-align: justify;\">\u2014 Para las personas usuarias de turno de tarde a partir de las 12:45 horas.<br \/>\n\u2014 Para las personas usuarias de jornada partida a partir 13:15 horas.<br \/>\n\u2014 Para las personas usuarias de turno de ma\u00f1ana a partir de las 14:00 horas.<\/p>\n<p style=\"text-align: justify;\"><strong>Art\u00edculo 44.\u2014 Plus de Penosidad, Toxicidad o Peligrosidad<\/strong><br \/>\nLos trabajadores y las trabajadoras que realicen trabajos en lugares o puestos de trabajo considerados como excepcionalmente penosos, t\u00f3xicos o peligrosos, deber\u00e1n abon\u00e1rseles por estos conceptos el 25% del Salario Base si solo se diera una de las circunstancias se\u00f1aladas, 30% si concurriesen dos y el 35% si fuesen las tres.<\/p>\n<p style=\"text-align: justify;\">En el caso de que por acuerdo de ambas partes, se tuviera que abonar alguno de estos pluses, no se producir\u00eda en ning\u00fan caso la absorci\u00f3n de ning\u00fan otro concepto retributivo.<\/p>\n<p style=\"text-align: justify;\">Se seguir\u00e1n cobrando las 111 Ptas. (0,67 euros) que figuran por este concepto y que cobra parte de la plantilla por derecho adquirido anteriormente.<\/p>\n<\/div>\n<p><a href=\"https:\/\/t.me\/CGTGestampBizkaia\"><img loading=\"lazy\" decoding=\"async\" class=\"aligncenter wp-image-7155 size-medium\" src=\"https:\/\/www.cgt-lkn.org\/wp-content\/uploads\/sites\/20\/2020\/08\/canal-telegram-300x169.jpg\" alt=\"\" width=\"300\" height=\"169\" srcset=\"https:\/\/www.cgt-lkn.org\/bizkaia-gestamp\/wp-content\/uploads\/sites\/20\/2020\/08\/canal-telegram-300x169.jpg 300w, https:\/\/www.cgt-lkn.org\/bizkaia-gestamp\/wp-content\/uploads\/sites\/20\/2020\/08\/canal-telegram-150x85.jpg 150w, https:\/\/www.cgt-lkn.org\/bizkaia-gestamp\/wp-content\/uploads\/sites\/20\/2020\/08\/canal-telegram-400x225.jpg 400w, https:\/\/www.cgt-lkn.org\/bizkaia-gestamp\/wp-content\/uploads\/sites\/20\/2020\/08\/canal-telegram.jpg 600w\" sizes=\"auto, (max-width: 300px) 100vw, 300px\" \/><\/a><\/p>\n<h3 style=\"text-align: center;\">CAP\u00cdTULO VII<br \/>\n\u00abCONTRATACI\u00d3N PROMOCI\u00d3N Y FORMACI\u00d3N\u00bb<\/h3>\n<p style=\"text-align: justify;\"><strong>Art\u00edculo 45.\u2014 Ingresos<\/strong><br \/>\nLa Empresa notificar\u00e1 con suficiente antelaci\u00f3n al Comit\u00e9 de Empresa y a las Secciones Sindicales la necesidad de nuevas contrataciones, los puestos que van a ocupar, el perfil de las candidaturas, el tipo de contrato y el tiempo estimado del mismo.<\/p>\n<p style=\"text-align: justify;\">La admisi\u00f3n de personal para los diferentes grupos laborales se realizar\u00e1 mediante las oportunas pruebas, siguiendo criterios de capacidad y adecuaci\u00f3n.<\/p>\n<p style=\"text-align: justify;\">Ambas partes acuerdan, colaborar, para posibilitar que en el caso que los perfiles de los puestos de trabajo a ocupar mediante selecci\u00f3n externa lo permitan, promover la contrataci\u00f3n de los colectivos m\u00e1s desfavorecidos como son: Mujeres, personas con diversidad funcional, J\u00f3venes y mayores de 45 a\u00f1os.<\/p>\n<p style=\"text-align: justify;\">Fomento de la Igualdad de Oportunidades en la contrataci\u00f3n:<br \/>\nLos y las firmantes del presente convenio entienden que las acciones emprendidas con respecto a la igualdad de oportunidades en el trabajo, no dar\u00e1 origen por si solas, a una igualdad de oportunidades en la sociedad, pero contribuir\u00e1n positivamente a conseguir cambios en este sentido. En consecuencia se recomienda que la empresa tome las medidas necesarias para promover la igualdad de oportunidades que se traduzca en un incremento efectivo del empleo femenino, encomendando a la Comisi\u00f3n de Igualdad el seguimiento de esta recomendaci\u00f3n. Las partes firmantes de este convenio coinciden que son objetivos importantes para el logro de una igualdad de oportunidades sistem\u00e1tica y planificada los siguientes:<\/p>\n<p style=\"text-align: justify;\">\u2014 Que tanto las mujeres como los hombres gocen de igualdad de oportunidades en cuanto al empleo, la formaci\u00f3n, la promoci\u00f3n y el desarrollo de su trabajo.<br \/>\n\u2014 Que mujeres y hombres reciban igual salario a igual trabajo, as\u00ed como que haya igualdad en cuanto a sus condiciones de empleo en cualesquiera otros sentidos del mismo.<br \/>\n\u2014 Que los puestos de trabajo, las pr\u00e1cticas laborales, la organizaci\u00f3n del trabajo y las condiciones laborales se orienten de tal manera que sean adecuadas, tanto para las mujeres como para los hombres.<br \/>\n\u2014 Para apoyar de manera m\u00e1s apreciable lo anterior, la empresa se compromete a aplicar en igualdad de condiciones la discriminaci\u00f3n positiva hacia la mujer.<\/p>\n<p style=\"text-align: justify;\"><strong>Art\u00edculo 46.\u2014 Formulaci\u00f3n del contrato de trabajo e informaci\u00f3n al comit\u00e9 de empresa<\/strong><br \/>\nSi superado el tr\u00e1mite de selecci\u00f3n, la persona candidata fuera aceptada, sus condiciones laborales ser\u00e1n las que establecen este convenio, seg\u00fan el nivel profesional que se le encuadre dentro de la empresa. As\u00ed, ser\u00e1n recogidas en el contrato de trabajo las condiciones laborales por las cuales ha sido contratada.<\/p>\n<p style=\"text-align: justify;\">El comit\u00e9 de empresa recibir\u00e1 copia del contrato que se realice en todos los casos. Como derecho a la intimidad de la persona contratada, se reserva el derecho a no facilitar datos que considere confidenciales, pero siempre deber\u00e1 aparecer el tipo de contrato y el grupo profesional al que pertenece.<\/p>\n<p style=\"text-align: justify;\"><strong>Art\u00edculo 47.\u2014 Promociones y sistema HAY<\/strong><br \/>\nUna vez se seleccione al trabajador y la trabajadora para asumir la vacante en un puesto de nivel superior, \u00e9ste iniciar\u00e1 un proceso de capacitaci\u00f3n y adiestramiento durante un per\u00edodo de 6 meses y\/o 12 meses (para el nivel 6 Hay), manteniendo su Nivel anterior a efectos econ\u00f3micos.<\/p>\n<p style=\"text-align: justify;\">Durante el proceso de capacitaci\u00f3n y adiestramiento la persona ser\u00e1 formada en las funciones del nuevo Nivel.<\/p>\n<p style=\"text-align: justify;\">Al cumplir el per\u00edodo de capacitaci\u00f3n y adiestramiento, la persona trabajadora ser\u00e1 evaluada por su superior o superiora jer\u00e1rquica. Si su Evaluaci\u00f3n es favorable, la persona trabajadora ser\u00e1 promocionada al puesto de Nivel superior, percibiendo la retribuci\u00f3n correspondiente al nuevo Nivel asignado desde el mes siguiente a aquel en que haya superado dicha Evaluaci\u00f3n.<\/p>\n<p style=\"text-align: justify;\">Si la Evaluaci\u00f3n es desfavorable, la persona trabajadora no ser\u00e1 promocionada al puesto de Nivel superior al que optaba, si bien podr\u00e1 participar en los siguientes procesos de promoci\u00f3n promovidos por la Compa\u00f1\u00eda.<\/p>\n<p style=\"text-align: justify;\">El proceso de capacitaci\u00f3n y adiestramiento no ser\u00e1 entendido en ning\u00fan caso como movilidad funcional con independencia de que la persona trabajadora realice funciones de nivel superior para la adquisici\u00f3n de las competencias oportunas del nuevo puesto al que opta.\u00bb<\/p>\n<p style=\"text-align: justify;\">Toda persona de la plantilla que atesore una antig\u00fcedad m\u00ednima de 10 a\u00f1os en el puesto de trabajo con el nivel correspondiente al mismo, tendr\u00e1 derecho al paso autom\u00e1tico a la consolidaci\u00f3n del nivel (Niv. A), y al abono del salario correspondiente a dicha calificaci\u00f3n. Dicho periodo de antig\u00fcedad se computara desde el a\u00f1o 2010. (Dicho derecho generar\u00e1 el correspondiente abono a partir de esa fecha, sin efecto retroactivo).<\/p>\n<p style=\"text-align: justify;\">La empresa se compromete a convocar la Comisi\u00f3n de HAY en los t\u00e9rminos que recoge el actual Sistema Hay para tratar en el seno de la misma aquellos aspectos revisables del propio sistema (como ejemplo controles volantes). Se compromete a convocar la Comisi\u00f3n para desbloquear el desarrollo del departamento de Troqueleria y Utillajes.<\/p>\n<h3 style=\"text-align: center;\"><\/h3>\n<p><a href=\"https:\/\/www.cgt-lkn.org\/afiliar\/public\/#!\/\"><img loading=\"lazy\" decoding=\"async\" class=\"size-medium wp-image-7760 aligncenter\" src=\"https:\/\/www.cgt-lkn.org\/wp-content\/uploads\/sites\/20\/2021\/03\/AFILIATE-JUNTOS-SOMOS-FUERTES-CGT-216x300.jpg\" alt=\"\" width=\"216\" height=\"300\" srcset=\"https:\/\/www.cgt-lkn.org\/bizkaia-gestamp\/wp-content\/uploads\/sites\/20\/2021\/03\/AFILIATE-JUNTOS-SOMOS-FUERTES-CGT-216x300.jpg 216w, https:\/\/www.cgt-lkn.org\/bizkaia-gestamp\/wp-content\/uploads\/sites\/20\/2021\/03\/AFILIATE-JUNTOS-SOMOS-FUERTES-CGT.jpg 576w\" sizes=\"auto, (max-width: 216px) 100vw, 216px\" \/><\/a><\/p>\n<p style=\"text-align: justify;\"><strong>Art\u00edculo 48.\u2014 Resultados<\/strong><br \/>\nLos resultados de los concursos de promoci\u00f3n se har\u00e1n p\u00fablicos en un plazo m\u00e1ximo de 10 d\u00edas laborables desde el final de la promoci\u00f3n.<br \/>\nLas personas trabajadoras que soliciten la revisi\u00f3n de la calificaci\u00f3n otorgada, deber\u00e1n pedirlo en un plazo de 15 d\u00edas laborales a partir de la fecha de su publicaci\u00f3n.<\/p>\n<p style=\"text-align: justify;\"><strong>Art\u00edculo 49.\u2014 Informaci\u00f3n al Comit\u00e9<\/strong><br \/>\nTodas las promociones a que se hace referencia en los art\u00edculos anteriormente citados (46, 47, 48, 49), as\u00ed como, las pruebas de aptitud y conocimiento que se pudieran establecer, deber\u00e1n ser informadas previamente al Comit\u00e9 de Empresa y Secciones Sindicales.<\/p>\n<h3 style=\"text-align: center;\"><a href=\"https:\/\/www.cgt-lkn.org\/bizkaia-gestamp\/hemeroteca\/comite-2\/vergonzoso-reglamento-comite-de-empresa\/\">Vergonzoso Reglamento comit\u00e9 de empresa<\/a><\/h3>\n<p><a href=\"https:\/\/www.cgt-lkn.org\/bizkaia-gestamp\/hemeroteca\/comite-2\/vergonzoso-reglamento-comite-de-empresa\/\"><img loading=\"lazy\" decoding=\"async\" class=\"aligncenter wp-image-8474\" src=\"https:\/\/www.cgt-lkn.org\/wp-content\/uploads\/sites\/20\/2022\/02\/QR-REGLAMENTO-COMITE.jpg\" sizes=\"auto, (max-width: 294px) 100vw, 294px\" srcset=\"https:\/\/www.cgt-lkn.org\/wp-content\/uploads\/sites\/20\/2022\/02\/QR-REGLAMENTO-COMITE.jpg 294w, https:\/\/www.cgt-lkn.org\/wp-content\/uploads\/sites\/20\/2022\/02\/QR-REGLAMENTO-COMITE-276x300.jpg 276w\" alt=\"\" width=\"172\" height=\"187\" \/><\/a><\/p>\n<p style=\"text-align: justify;\"><strong>Art\u00edculo 50.\u2014 Contratos de duraci\u00f3n limitada<\/strong><br \/>\nEl contrato de trabajo que se realice por necesidades de empresa, ser\u00e1n contratos directos con la persona trabajadora, seg\u00fan la modalidad que determina la legislaci\u00f3n vigente y estar\u00e1 sujeto al convenio de empresa, y percibir\u00e1n desde el primer d\u00eda el salario correspondiente al nivel al que pertenezca.<\/p>\n<p style=\"text-align: justify;\"><strong>Art\u00edculo 51.\u2014 Contratos de trabajo eventuales a fijos<\/strong><br \/>\nSe acuerda que el porcentaje de contratos fijos ser\u00e1 como m\u00ednimo del 90% del total de la plantilla y que para ello la herramienta de medici\u00f3n de la plantilla fija necesaria ser\u00e1 el propio Plan de Gesti\u00f3n, herramienta con la que de forma habitual se dimensionan todos los recursos de la Empresa. Para ello la Empresa se compromete a realizar una reuni\u00f3n antes del 31 de enero de cada a\u00f1o con el objetivo de explicar al Comit\u00e9 de Empresa el Plan de Gesti\u00f3n y decidir la realizaci\u00f3n de contratos fijos en su caso. Y al finalizar el a\u00f1o se realizar\u00e1 una revisi\u00f3n de desarrollo del Plan de Gesti\u00f3n y de la aplicaci\u00f3n efectuada, con el Comit\u00e9 de Empresa.<\/p>\n<p style=\"text-align: justify;\">Los contratos se realizar\u00e1n de acuerdo a los modelos establecidos por la legislaci\u00f3n vigente.<br \/>\nLa conversi\u00f3n de un contrato eventual a uno fijo se realizar\u00e1 en base a la antig\u00fcedad en la empresa y a la evaluaci\u00f3n personal.<\/p>\n<h2 style=\"text-align: center;\"><a href=\"https:\/\/www.cgt-lkn.org\/bizkaia-gestamp\/2022\/12\/01\/eventuales\/\"><strong>EVENTUALES, CONTRTACION EN FRAUDE DE LEY<\/strong><\/a><\/h2>\n<p><a href=\"https:\/\/www.cgt-lkn.org\/bizkaia-gestamp\/2022\/12\/01\/eventuales\/\"><img loading=\"lazy\" decoding=\"async\" class=\" wp-image-8775 aligncenter\" src=\"https:\/\/www.cgt-lkn.org\/wp-content\/uploads\/sites\/20\/2022\/11\/portada-Fanzine-CGesTamp-N-66-ESPECIAL-eventuales-300x292.jpg\" sizes=\"auto, (max-width: 300px) 100vw, 300px\" srcset=\"https:\/\/www.cgt-lkn.org\/wp-content\/uploads\/sites\/20\/2022\/11\/portada-Fanzine-CGesTamp-N-66-ESPECIAL-eventuales-300x292.jpg 300w, https:\/\/www.cgt-lkn.org\/wp-content\/uploads\/sites\/20\/2022\/11\/portada-Fanzine-CGesTamp-N-66-ESPECIAL-eventuales.jpg 600w\" alt=\"\" width=\"711\" height=\"692\" \/><\/a><\/p>\n<p style=\"text-align: justify;\"><strong>Art\u00edculo 52.\u2014 Contrato de relevo<\/strong><br \/>\nSi el trabajador y la trabajadora solicitasen el contrato de relevo cumpliendo las condiciones necesarias, la empresa estar\u00e1 obligada a aplicarlo, y ser\u00e1 el trabajador y la trabajadora quien elija en qu\u00e9 porcentaje se jubila dentro de los l\u00edmites establecidos.<\/p>\n<p style=\"text-align: justify;\">El contrato de relevo tendr\u00e1 que realizarse con la fecha en la cual el trabajador y la trabajadora cumplan la edad correspondiente, sin esperar al mes siguiente.<\/p>\n<p style=\"text-align: justify;\">A la firma del contrato de relevo, al trabajador o a la trabajadora relevista se le realizar\u00e1 un contrato indefinido y a jornada completa.<\/p>\n<p style=\"text-align: justify;\"><strong>Art\u00edculo 53.\u2014 Extinci\u00f3n del contrato de trabajo<\/strong><br \/>\nLa empresa comunicar\u00e1 a la representaci\u00f3n legal de la plantilla y a las personas afectadas con suficiente antelaci\u00f3n, por lo menos con 15 d\u00edas, la extinci\u00f3n de contratos de trabajo que se vayan a dar. As\u00ed mismo, la empresa tendr\u00e1 que presentar los motivos que justifiquen la extinci\u00f3n.<\/p>\n<p style=\"text-align: justify;\"><strong>Art\u00edculo 54.\u2014 Subcontratas<\/strong><br \/>\nPara trabajos propios de la actividad productiva de la empresa en ning\u00fan caso se admitir\u00e1n subcontratas. Para casos extraordinarios se consensuar\u00e1 con el Comit\u00e9 de Empresa.<\/p>\n<p><a href=\"https:\/\/www.cgt-lkn.org\/wp-content\/uploads\/sites\/20\/2018\/11\/CGT-LKN-y-la-formaci%C3%B3n-en-Gestamp-Bizkaia-14-11-18.-1.pdf\" target=\"_blank\" rel=\"noopener\"><img loading=\"lazy\" decoding=\"async\" class=\"size-full wp-image-6416 aligncenter\" src=\"https:\/\/www.cgt-lkn.org\/wp-content\/uploads\/sites\/20\/2019\/04\/formacion-cgt.jpg\" sizes=\"auto, (max-width: 237px) 100vw, 237px\" srcset=\"https:\/\/www.cgt-lkn.org\/wp-content\/uploads\/sites\/20\/2019\/04\/formacion-cgt.jpg 237w, https:\/\/www.cgt-lkn.org\/wp-content\/uploads\/sites\/20\/2019\/04\/formacion-cgt-150x135.jpg 150w\" alt=\"\" width=\"237\" height=\"213\" \/><\/a><\/p>\n<p style=\"text-align: center;\"><strong><a href=\"https:\/\/www.cgt-lkn.org\/wp-content\/uploads\/sites\/20\/2018\/11\/CGT-LKN-y-la-formaci%C3%B3n-en-Gestamp-Bizkaia-14-11-18.-1.pdf\" target=\"_blank\" rel=\"noopener noreferrer\">FORMACI\u00d3N\u00a0EN GESTAMP BIZKAIA\u00a0PDF<\/a><\/strong><\/p>\n<p style=\"text-align: justify;\"><strong>Art\u00edculo 55.\u2014 Formaci\u00f3n<\/strong><br \/>\nConscientes de la importancia de la formaci\u00f3n dentro de las empresas y siendo esto, lo que permite mantener la capacidad competitiva de las mismas en el futuro, se facilitar\u00e1\u00a0 la realizaci\u00f3n de planes de formaci\u00f3n internos a todos los trabajadores y las trabajadoras.<\/p>\n<p style=\"text-align: justify;\">Estas acciones podr\u00e1n llevarse a t\u00e9rmino en la misma empresa o en todos los centros especializados que a tal efecto se designen. En cada caso, se determinar\u00e1 si la formaci\u00f3n se debe realizar en horas de trabajo o fuera del mismo.<\/p>\n<p style=\"text-align: justify;\">En caso de efectuarse dentro del horario habitual, las personas en formaci\u00f3n percibir\u00e1n la retribuci\u00f3n correspondiente a la jornada normal de trabajo. Si la formaci\u00f3n se lleva a cabo fuera de la jornada habitual de las horas de trabajo, las personas en formaci\u00f3n tendr\u00e1n derecho a disfrutar de las mismas horas de descanso que las dedicadas a formaci\u00f3n.<\/p>\n<p style=\"text-align: justify;\">Las personas de la plantilla que realicen formaci\u00f3n a requerimiento de la empresa en los dos supuestos anteriores, deber\u00e1n ser avisadas por la empresa con antelaci\u00f3n.<\/p>\n<p style=\"text-align: justify;\">En la planificaci\u00f3n de las acciones de formaci\u00f3n se respetar\u00e1 los d\u00edas de descanso que les corresponde de lunes a viernes al personal que su jornada sea a 4 o 5 turnos siempre que sea posible El comit\u00e9 de Empresa ser\u00e1 informado y se le entregar\u00e1 el Plan de Formaci\u00f3n Anual.<\/p>\n<p style=\"text-align: justify;\">Se acuerda la participaci\u00f3n del Comit\u00e9 de Empresa en la elaboraci\u00f3n del diagn\u00f3stico de necesidades de formaci\u00f3n que se realizar\u00e1 para los tres pr\u00f3ximos a\u00f1os.<\/p>\n<p style=\"text-align: justify;\">A lo largo del convenio se formar\u00e1 a toda la plantilla en ergonom\u00eda, prevenci\u00f3n y emergencias.<\/p>\n<h2 style=\"text-align: center;\">CAP\u00cdTULO VIII<br \/>\n\u00abSALUD LABORAL\u00bb<\/h2>\n<p>&nbsp;<\/p>\n<div class=\"widget-header\">\n<h3 class=\"widget-title\" style=\"text-align: center;\">DENUNCIAS INSPECCI\u00d3N de CGT-LKN<\/h3>\n<\/div>\n<div class=\"textwidget\" style=\"text-align: center;\"><strong><a href=\"https:\/\/www.cgt-lkn.org\/bizkaia-gestamp\/hemeroteca\/denuncias-a-inspeccion\/\" target=\"_blank\" rel=\"noopener\">HAZ CICK EN LA IMAGEN<\/a><\/strong><\/div>\n<div class=\"textwidget\"><a href=\"https:\/\/www.cgt-lkn.org\/bizkaia-gestamp\/hemeroteca\/denuncias-a-inspeccion\/\" target=\"_blank\" rel=\"noopener\"><img loading=\"lazy\" decoding=\"async\" class=\"aligncenter\" src=\"https:\/\/www.cgt-lkn.org\/wp-content\/uploads\/sites\/20\/2015\/09\/denuncia-a-inspeccion.jpg\" width=\"368\" height=\"159\" border=\"0\" \/><\/a><\/div>\n<div><\/div>\n<p style=\"text-align: justify;\"><strong>Art\u00edculo 56.\u2014 Seguridad y Salud Laboral<\/strong><br \/>\nEs responsabilidad de la Direcci\u00f3n de la Empresa, velar por la seguridad y por la salud de los trabajadores y las trabajadoras.<\/p>\n<p style=\"text-align: justify;\">La seguridad es labor de todas las personas y durante todos los d\u00edas del a\u00f1o, por ello, Empresa y los trabajadores y las trabajadoras deber\u00e1n cumplir cuantas disposiciones de car\u00e1cter particular sean dadas con relaci\u00f3n a su seguridad y salud.<\/p>\n<p style=\"text-align: justify;\">La Direcci\u00f3n de la Empresa crear\u00e1 el Servicio de Prevenci\u00f3n que desde el punto de vista legal mejor se adapte a las necesidades de Gestamp Bizkaia, S.A., teniendo en cuenta el n\u00famero de trabajadores y trabajadoras en la empresa. Su organizaci\u00f3n, responsabilidad y funci\u00f3n estar\u00e1n recogidas en el Manual de Prevenci\u00f3n existe en la empresa.<\/p>\n<p style=\"text-align: justify;\">En todo lo referido a la Prevenci\u00f3n de Riesgos, la Direcci\u00f3n de la Empresa dar\u00e1 respuesta por escrito de todas las cuestiones que sobre seguridad y salud laboral se planteen desde el Comit\u00e9 de Empresa o Comit\u00e9 de Seguridad, as\u00ed como de las medidas correctoras que se adopten con plazos de ejecuci\u00f3n, responsables, y recursos destinados incluidas las provenientes de las observaciones espont\u00e1neas e inspecciones planeadas.<\/p>\n<p style=\"text-align: justify;\">Con car\u00e1cter general se aceptan cada uno de los protocolos de la vigilancia de la salud aprobados por el Ministerio de Sanidad y Consumo espa\u00f1ol y las posibles matizaciones de la Consejer\u00eda de Sanidad del Gobierno Vasco.<\/p>\n<p style=\"text-align: justify;\">El tiempo empleado para los reconocimientos m\u00e9dicos oficiales, que se realizar\u00e1n obligatoriamente dentro de la jornada laboral de cada trabajador o trabajadora, ser\u00e1 considerado como tiempo de trabajo efectivo.<\/p>\n<p style=\"text-align: justify;\">Se entregar\u00e1 copia por escrito de los resultados de los reconocimientos al trabajador o trabajadora.<\/p>\n<p style=\"text-align: justify;\">La Direcci\u00f3n de la Empresa una vez aprobado, har\u00e1 entrega al Comit\u00e9 de empresa del Plan de Gesti\u00f3n del Servicio de Prevenci\u00f3n donde se recogen la actividad de este Servicio.<\/p>\n<p style=\"text-align: justify;\">Se acuerda un modelo de Medicina Asistencial en la enfermedad com\u00fan donde un Servicio Ajeno a trav\u00e9s de un m\u00e9dico preste este servicio durante 9 horas a la semana.<\/p>\n<p style=\"text-align: center;\"><span style=\"background-color: #ff6600; font-size: 14pt;\"><strong>LOS SINDICATOS LAB Y UGT HAN EXPULSADO A CGT-LKN <\/strong><\/span><\/p>\n<p style=\"text-align: center;\"><span style=\"background-color: #ff6600; font-size: 14pt;\"><strong>DEL COMIT\u00c9 DE SEGURIDAD Y SALUD. \u00bf SABES PORQUE ?<\/strong><\/span><\/p>\n<p style=\"text-align: justify;\"><strong>Art\u00edculo 57.\u2014 Comit\u00e9 de seguridad y salud laboral<\/strong><br \/>\nSe crear\u00e1 el comit\u00e9 de seguridad y salud de conformidad con lo establecido en la ley de prevenci\u00f3n de riesgos laborales<\/p>\n<p style=\"text-align: justify;\">El comit\u00e9 de Seguridad y Salud es el \u00f3rgano paritario y colegiado de consenso destinado a la consulta regular y peri\u00f3dica en las actuaciones de prevenci\u00f3n de riesgos laborales.<\/p>\n<p style=\"text-align: justify;\">Las personas integrantes del Comit\u00e9 de Seguridad y Salud Laboral ser\u00e1n personas trabajadoras designadas por los sindicatos que sean parte del comit\u00e9 de Empresa. La designaci\u00f3n de las mismas ser\u00e1 competencia exclusiva de los sindicatos, y podr\u00e1n ser sustituidas siempre que lo consideren oportuno, notific\u00e1ndolo a la empresa y a las instituciones pertinentes.<\/p>\n<p style=\"text-align: justify;\">El Comit\u00e9 estar\u00e1 formado por los Delegados o Delegadas de Prevenci\u00f3n de una parte y por la Direcci\u00f3n de la Empresa en igual n\u00famero de personas.<\/p>\n<p style=\"text-align: justify;\">Ambas partes se comprometen a desarrollar todos los aspectos contemplados en la Ley de Prevenci\u00f3n de Riesgos Laborales, los diversos reglamentos relacionados con esta \u00e1rea y el Manual de Prevenci\u00f3n existente en la empresa, y a cumplir y ejecutar los acuerdos adoptados en el seno de dicho Comit\u00e9 de Seguridad y Salud.<\/p>\n<p style=\"text-align: justify;\">En las reuniones del Comit\u00e9 de Seguridad y salud podr\u00e1n participar con voz pero sin voto, los delegados y delegadas sindicales y las personas responsables t\u00e9cnicos y t\u00e9cnicas de prevenci\u00f3n de la Empresa que no est\u00e9n incluidas en la composici\u00f3n del Comit\u00e9 de Seguridad y Salud, en las mismas condiciones podr\u00e1n participar los trabajadores y las trabajadoras de la Empresa que cuenten con una especial cualificaci\u00f3n, conocimiento o informaci\u00f3n respecto a cuestiones concretas que se debatan en este \u00f3rgano a solicitud de informaci\u00f3n de cualquiera de las partes, se podr\u00e1 invitar a t\u00e9cnicos y t\u00e9cnicas en prevenci\u00f3n cualificados que sean ajenos a la empresa.<\/p>\n<p style=\"text-align: justify;\">El Comit\u00e9 de Seguridad se reunir\u00e1 cada 30 d\u00edas con car\u00e1cter general o siempre que lo solicite alguna de las representaciones del mismo ante problemas de especial gravedad en un plazo de 24 horas.<\/p>\n<p style=\"text-align: justify;\">En cada reuni\u00f3n del Comit\u00e9 de Seguridad y Salud se levantar\u00e1 acta de cada reuni\u00f3n por parte de una persona representante de la Empresa. La lectura de dicha acta ser\u00e1 el primer punto a tratar en la siguiente reuni\u00f3n, y tras la conformidad por todas las partes se pasar\u00e1 a su firma.<\/p>\n<p style=\"text-align: justify;\">Se constituir\u00e1 una comisi\u00f3n delegada del Comit\u00e9 de Seguridad compuesta por los Delegados y Delegadas de Prevenci\u00f3n por una parte, una persona representante de la Direcci\u00f3n de la empresa y dos t\u00e9cnicos y t\u00e9cnicas del Servicio de Prevenci\u00f3n. Esta comisi\u00f3n se reunir\u00e1 mensualmente y se encargara de analizar todo lo concerniente a seguridad y salud laboral acaecida en la empresa, adoptando las decisiones oportunas y\/o trasladar\u00e1 y convocar\u00e1 al Comit\u00e9 de Seguridad para analizar y decidir sobre las cuestiones que lo requieran.<\/p>\n<p style=\"text-align: justify;\">Las competencias del Comit\u00e9 de Seguridad y Salud vienen recogidas en el cap\u00edtulo 3, apartado 3.5, del manual de Prevenci\u00f3n de Gestamp Bizkaia S.A., entre otras:<\/p>\n<p style=\"text-align: justify;\">\u2014 Participar en la elaboraci\u00f3n del Plan Anual de Objetivos de Salud Laboral y Medio Ambiente.<br \/>\n\u2014 Participar en la elaboraci\u00f3n, puesta en pr\u00e1ctica y evaluaci\u00f3n de los planes y programas de prevenci\u00f3n de riesgos en la Empresa.<br \/>\n\u2014 Promover iniciativas sobre m\u00e9todos y procedimientos para la efectiva prevenci\u00f3n de los riesgos proponiendo a la Empresa la mejora de las condiciones o la correcci\u00f3n de las deficiencias existentes.<br \/>\n\u2014 El comit\u00e9 de Seguridad y Salud Laboral estar\u00e1 facultado para conocer directamente la situaci\u00f3n relativa a la prevenci\u00f3n de riesgos en el seno del centro de trabajo realizando a tal efecto las visitas necesarias dentro de su horario de trabajo previo aviso a su responsable.<br \/>\n\u2014 Conocer y disponer de cuantos documentos e informes relativos a las condiciones de trabajo necesarios para el cumplimiento de sus funciones dentro de la actividad del Servicio de Prevenci\u00f3n.<br \/>\n\u2014 El Comit\u00e9 de Seguridad ser\u00e1 inmediatamente informado, ante incidentes o accidentes acaecidos dispondr\u00e1 de la facultad de convocatoria a reuniones al personal afectado, testigos u otros inmediatamente o a corto plazo y dentro de la jornada laboral, a fin de recabar la m\u00e1xima y m\u00e1s fiable informaci\u00f3n del suceso, y establecer conjuntamente las medidas correctoras a aplicar.<\/p>\n<p style=\"text-align: justify;\">\u2014 El Comit\u00e9 de Seguridad realizar\u00e1 propuestas de cambio de puesto de trabajo a trabajadores y trabajadoras en situaci\u00f3n de diversidad funcional, personas trabajadoras especialmente sensibles, trabajadoras embarazadas y a aquellos que por su edad no puedan desarrollar normalmente su trabajo.<br \/>\n\u2014 El Comit\u00e9 de Seguridad analizar\u00e1 peri\u00f3dicamente el funcionamiento del Servicio de Prevenci\u00f3n y decidir\u00e1 las medidas necesarias para su correcto funcionamiento.<\/p>\n<header class=\"entry-header\">\n<h2 class=\"entry-title\" style=\"text-align: center;\"><a href=\"https:\/\/www.cgt-lkn.org\/bizkaia-gestamp\/2016\/09\/23\/limpieza-ropa\/\" rel=\"bookmark\">Limpieza Ropa<\/a><\/h2>\n<\/header>\n<div class=\"entry-content entry-excerpt clearfix\">\n<p><a href=\"https:\/\/www.cgt-lkn.org\/bizkaia-gestamp\/propuestas-e-ideas-3\/\"><img loading=\"lazy\" decoding=\"async\" class=\"aligncenter\" src=\"https:\/\/www.cgt-lkn.org\/bizkaia\/archivos\/ideas.png\" width=\"674\" height=\"102\" \/><\/a><\/p>\n<p>La Secci\u00f3n Sindical de CGT-LKN en Gestamp Bizkaia ha \u00a0solicitado por escrito a la empresa:\u00a0<strong>Que la limpieza de ropa sea de c\u00f3mputo anual:<\/strong><\/p>\n<\/div>\n<p style=\"text-align: justify;\"><strong>Art\u00edculo 58.\u2014 Ropa de trabajo y otros<\/strong><br \/>\nLa ropa de trabajo, se facilitar\u00e1 2 veces al a\u00f1o y deber\u00e1 ser la adecuada para la realizaci\u00f3n de los trabajos asignados a cada trabajador o trabajadora.<\/p>\n<p style=\"text-align: justify;\">Igualmente se facilitar\u00e1 todas las prendas de seguridad que fuesen necesarias para el desarrollo del trabajo de la forma m\u00e1s segura para todos los trabajadores y todas las trabajadoras.<\/p>\n<p style=\"text-align: justify;\">Que los cambios de marcas y\/o modelos tanto de epis (Equipo de Protecci\u00f3n Individual) como de ropa se comuniquen al comit\u00e9 de seguridad con antelaci\u00f3n a la realizaci\u00f3n de los mismos, justificando los motivos del cambio.<\/p>\n<p style=\"text-align: justify;\">Se acuerda la limpieza de la ropa de trabajo a toda la plantilla. La empresa asumir\u00e1 una limpieza a la semana por trabajador y trabajadora de traje completo (el equivalente al precio de 1 pantalon+1 camiseta+1 camisa). En el caso de mantenimiento, utillajes, matriceria, montadores y montadoras, lavadora de troqueles y el personal que trabaje en estampaci\u00f3n en caliente ser\u00e1 dos trajes completos (el equivalente en precio a dos pantalones, dos camisetas y dos camisas).<\/p>\n<p style=\"text-align: justify;\">Lo que supere estos importes pactados ir\u00e1n a cargo del trabajador o trabajadora a trav\u00e9s de la n\u00f3mina. Todos los inicios de a\u00f1o se publicar\u00e1n los precios de la empresa proveedora para tener el valor de referencia.<\/p>\n<p style=\"text-align: justify;\"><strong>Se les abonar\u00e1 el coste del calzado<\/strong> (en el mismo importe o valor del cat\u00e1logo propio de\u00a0 la empresa) a aquellas personas que <strong>compren calzado<\/strong> en el exterior. Siendo el importe que supere el de la empresa asumido por la persona trabajadora.<\/p>\n<p style=\"text-align: justify;\">El calzado deber\u00e1 tener el certificado de garant\u00eda de las propiedades antideslizantes y\u00a0 puntas met\u00e1licas.<\/p>\n<h2 style=\"text-align: center;\">CAP\u00cdTULO IX<br \/>\n\u00abDERECHOS SINDICALES\u00bb<\/h2>\n<p style=\"text-align: justify;\"><strong>Art\u00edculo 59.\u2014 Comit\u00e9 de empresa<\/strong><br \/>\nLa empresa reconocer\u00e1 al comit\u00e9 de empresa y sus atribuciones, tal y como se contempla en las leyes en vigor. El n\u00famero de sus componentes se adaptar\u00e1 a lo dispuesto en el Convenio Provincial del Metal de Bizkaia.<\/p>\n<h3 style=\"text-align: center;\"><a href=\"https:\/\/www.cgt-lkn.org\/bizkaia-gestamp\/hemeroteca\/comite-2\/vergonzoso-reglamento-comite-de-empresa\/\">Vergonzoso Reglamento comit\u00e9 de empresa<\/a><a href=\"https:\/\/www.cgt-lkn.org\/bizkaia-gestamp\/hemeroteca\/comite-2\/vergonzoso-reglamento-comite-de-empresa\/\"><img loading=\"lazy\" decoding=\"async\" class=\"aligncenter wp-image-8474\" src=\"https:\/\/www.cgt-lkn.org\/wp-content\/uploads\/sites\/20\/2022\/02\/QR-REGLAMENTO-COMITE.jpg\" sizes=\"auto, (max-width: 294px) 100vw, 294px\" srcset=\"https:\/\/www.cgt-lkn.org\/wp-content\/uploads\/sites\/20\/2022\/02\/QR-REGLAMENTO-COMITE.jpg 294w, https:\/\/www.cgt-lkn.org\/wp-content\/uploads\/sites\/20\/2022\/02\/QR-REGLAMENTO-COMITE-276x300.jpg 276w\" alt=\"\" width=\"217\" height=\"236\" \/><\/a><\/h3>\n<p style=\"text-align: justify;\"><strong>Art\u00edculo 60.\u2014 Horas sindicales<\/strong><br \/>\n\u2014 Las horas sindicales podr\u00e1n ser consumidas para la asistencia a actividades reuniones y cursos de formaci\u00f3n, organizados por las respectivas organizaciones sindicales, instituciones p\u00fablicas y otras entidades.<br \/>\n\u2014 Cada persona integrante del Comit\u00e9 de Empresa, as\u00ed como los delegados y delegadas sindicales dispondr\u00e1n de un cr\u00e9dito de 40 horas mensuales retribuidas para el ejercicio de sus funciones.<br \/>\n\u2014 Las horas sindicales siempre que se comunique a la Direcci\u00f3n de la empresa, ser\u00e1n acumulables entre representantes, pertenecientes a la misma organizaci\u00f3n sindical, sin que anualmente pueda exceder el n\u00famero de horas correspondiente.<br \/>\n\u2014 No se computar\u00e1 como tiempo sindical, el empleado en reuniones en las que preceptivamente deba estar presente la Direcci\u00f3n de la empresa. As\u00ed mismo, las reuniones convocadas por la direcci\u00f3n se consideran como horas de trabajo.<br \/>\n\u2014 Las reuniones del comit\u00e9 de seguridad ser\u00e1n consideradas como horas de trabajo.<\/p>\n<p><a href=\"https:\/\/t.me\/CGTGestampBizkaia\"><img loading=\"lazy\" decoding=\"async\" class=\"aligncenter wp-image-7155 size-medium\" src=\"https:\/\/www.cgt-lkn.org\/wp-content\/uploads\/sites\/20\/2020\/08\/canal-telegram-300x169.jpg\" alt=\"\" width=\"300\" height=\"169\" srcset=\"https:\/\/www.cgt-lkn.org\/bizkaia-gestamp\/wp-content\/uploads\/sites\/20\/2020\/08\/canal-telegram-300x169.jpg 300w, https:\/\/www.cgt-lkn.org\/bizkaia-gestamp\/wp-content\/uploads\/sites\/20\/2020\/08\/canal-telegram-150x85.jpg 150w, https:\/\/www.cgt-lkn.org\/bizkaia-gestamp\/wp-content\/uploads\/sites\/20\/2020\/08\/canal-telegram-400x225.jpg 400w, https:\/\/www.cgt-lkn.org\/bizkaia-gestamp\/wp-content\/uploads\/sites\/20\/2020\/08\/canal-telegram.jpg 600w\" sizes=\"auto, (max-width: 300px) 100vw, 300px\" \/><\/a><\/p>\n<p style=\"text-align: justify;\"><strong>Art\u00edculo 61.\u2014 Medios<\/strong><br \/>\nLa direcci\u00f3n de la empresa facilitar\u00e1 los medios necesarios para el correcto funcionamiento del comit\u00e9 o de sus comisiones de trabajo.<\/p>\n<p style=\"text-align: justify;\">El comit\u00e9 dispondr\u00e1 de un local para el desarrollo de sus funciones y de carteleras situadas en lugares estrat\u00e9gicos. (Tel\u00e9fono, ordenador, impresora y acceso a Internet para el desarrollo de sus funciones).<\/p>\n<p style=\"text-align: justify;\"><strong>Art\u00edculo 62.\u2014 Asesoramiento al Comit\u00e9<\/strong><br \/>\nEl comit\u00e9, a su cargo, podr\u00e1 utilizar la asesor\u00eda externa que estime oportuna para el desarrollo de sus funciones y en reuniones con la direcci\u00f3n, previa notificaci\u00f3n.<\/p>\n<p style=\"text-align: justify;\"><strong>Art\u00edculo 63.\u2014 Funcionamiento entre comit\u00e9 y direcci\u00f3n<\/strong><br \/>\nEl Comit\u00e9 de empresa y la Direcci\u00f3n se reunir\u00e1n mensualmente, igualmente y a requerimiento de una de las dos partes se podr\u00e1 convocar reuniones extraordinarias. En dichas reuniones deber\u00e1 presentar la documentaci\u00f3n requerida en el presente convenio as\u00ed como la que establece la legislaci\u00f3n vigente.<br \/>\nSe acuerda designar una persona por cada una de las partes para la elaboraci\u00f3n de las actas de cada una de las reuniones que se celebren entre Comit\u00e9 y Direcci\u00f3n de empresa.<\/p>\n<p style=\"text-align: justify;\"><strong>Art\u00edculo 64.\u2014 Secciones sindicales<\/strong><br \/>\nSe estar\u00e1 a lo dispuesto en la L.O.L.S. (Ley Org\u00e1nica de Libertad Sindical). Cuantas precisiones se puedan realizar sobre los delegados y las delegadas sindicales y sus atribuciones como tales, se reflejar\u00e1n seg\u00fan aparezca en la ley.<\/p>\n<p style=\"text-align: justify;\"><strong>Art\u00edculo 65.\u2014 Informaci\u00f3n que debe recibir el comit\u00e9 de empresa y los delegados<\/strong><br \/>\ny las delegadas sindicales Asiste el derecho a recibir todo tipo de informaci\u00f3n sobre todos los apartados anteriores y aquella que se refiere a la marcha de la Empresa: Cartera de pedidos, evoluci\u00f3n del empleo, inversiones, balances, TC1, TC2.<\/p>\n<p style=\"text-align: justify;\"><strong>Art\u00edculo 66.\u2014 Remuneraci\u00f3n al comit\u00e9<\/strong><br \/>\nTodos los conceptos salariales que a continuaci\u00f3n detallamos ser\u00e1n abonados por hacer uso de las horas sindicales:<br \/>\n\u2014 Salarios.<br \/>\n\u2014 Primas.<br \/>\n\u2014 Pluses.<\/p>\n<p style=\"text-align: justify;\"><strong>Art\u00edculo 67.\u2014 Asamblea de las trabajadoras y los trabajadores<\/strong><br \/>\nEl derecho de reuni\u00f3n y celebraci\u00f3n de asambleas estar\u00e1n convocadas seg\u00fan la legislaci\u00f3n vigente. Se realizar\u00e1n bien en los locales de la empresa o en otros lugares p\u00fablicos que se determinen siempre dentro del Duranguesado.<\/p>\n<p style=\"text-align: justify;\">El Comit\u00e9 avisar\u00e1 a la Direcci\u00f3n de la Empresa con la suficiente antelaci\u00f3n para el desarrollo de las mismas, comunicando el orden del d\u00eda a tratar en dicha Asamblea.<\/p>\n<p style=\"text-align: justify;\">En caso que las asambleas se realicen fuera del centro de trabajo, la empresa correr\u00e1 con todos los gastos que se originen por tal hecho.<\/p>\n<p style=\"text-align: justify;\"><strong>Art\u00edculo 68.\u2014 Disposici\u00f3n final sobre garant\u00edas sindicales<\/strong><br \/>\nTodas las garant\u00edas que no aparezcan reflejadas en este convenio estaremos a lo dispuesto en la normativa general vigente.<\/p>\n<p style=\"text-align: justify;\"><strong>Art\u00edculo 69.\u2014 Procedimiento de resoluci\u00f3n de conflictos<\/strong><br \/>\nSe constituir\u00e1 una comisi\u00f3n mixta de ocho personas, de car\u00e1cter paritario, la representaci\u00f3n de la parte social compuesta por todos los sindicatos representados en la Empresa ser\u00e1 proporcional a la composici\u00f3n actual del Comit\u00e9 de Empresa.<\/p>\n<p style=\"text-align: justify;\">Dicha Comisi\u00f3n tendr\u00e1 que actuar con car\u00e1cter previo al planteamiento de reclamaciones ante las jurisdicciones legales que le correspondan dentro del plazo de 15 d\u00edas naturales siguientes a partir de la fecha en que se efect\u00fae la reclamaci\u00f3n a la empresa.<br \/>\n\u2014 Despidos.<br \/>\n\u2014 Sanciones.<br \/>\n\u2014 Rendimientos de producci\u00f3n.<br \/>\n\u2014 Cambios en m\u00e9todos de trabajo.<br \/>\n\u2014 Mejoras que se puedan dar.<\/p>\n<h3 style=\"text-align: center;\">CAP\u00cdTULO X<br \/>\n\u00abR\u00c9GIMEN DE DISCIPLINA EN EL TRABAJO\u00bb<\/h3>\n<p style=\"text-align: justify;\"><strong>Art\u00edculo 70.\u2014 Disciplina en el Trabaj<\/strong>o<br \/>\nSe estar\u00e1 a lo dispuesto en convenio provincial del Metal de Bizkaia. En tanto y en cuanto, no se firme otro convenio provincial del Metal de Bizkaia, el convenio de referencia ser\u00e1 el \u00faltimo de eficacia general.<\/p>\n<h2 style=\"text-align: center;\">CAP\u00cdTULO XI<br \/>\n\u00abASUNTOS SOCIALES\u00bb<\/h2>\n<p style=\"text-align: justify;\"><strong>Art\u00edculo 71.\u2014 Euskera<\/strong><br \/>\nSe acuerda colaborar en el fomento del Euskera dentro de la actividad diaria de la Empresa. Igualmente se facilitar\u00e1 la euskaldunizacion del personal que lo solicite, se facilitar\u00e1 la asistencia a cursos anuales o a cursos intensivos, posibilitando por parte de la Direcci\u00f3n los posibles cambios de turnos o relevos.<\/p>\n<p style=\"text-align: justify;\">Las notas o documentos que se publiquen se redactar\u00e1n en Euskera y Castellano. Ambas partes participar\u00e1n activamente en la Comisi\u00f3n de Euskera, aceptar\u00e1n y apoyar\u00e1n los objetivos que se establezcan a lo largo del a\u00f1o en el Plan de Euskera establecido en Gestamp Bizkaia S.A.<br \/>\n<strong>La empresa abonar\u00e1 la matriculaci\u00f3n y la cuota anual en el euskaltegi. Previa presentaci\u00f3n de la factura<\/strong><\/p>\n<p style=\"text-align: justify;\"><strong>Art\u00edculo 72.\u2014 Seguro de vida<\/strong><br \/>\nSe acuerda mejorar la actual p\u00f3liza de seguro para todo el personal en alta en la Empresa. Las coberturas acordadas son:<br \/>\n\u2014 Seguro colectivo de vida: 30.050,61 euros. euros, en el caso de incapacidad permanente total, absoluta y fallecimiento.<br \/>\n\u2014 Seguro colectivo de accidentes: 30.050,61 euros euros, en el caso de incapacidad permanente total, absoluta y muerte en las 24 horas.<\/p>\n<p><strong>Art\u00edculo 73.\u2014 Comunicaci\u00f3n<\/strong><\/p>\n<p style=\"text-align: justify;\">Se acuerda editar y registrar este documento y hacer entrega a toda la plantilla de la Empresa de un ejemplar del Convenio a trav\u00e9s de la app SEDapp.<\/p>\n<p style=\"text-align: center;\"><strong>DISPOSICI\u00d3N ADICIONAL<\/strong><\/p>\n<header class=\"entry-header\"><\/header>\n<p style=\"text-align: justify;\"><strong>Disposici\u00f3n Adicional Primero<\/strong><\/p>\n<p style=\"text-align: justify;\">En lo no regulado en este Convenio de Empresa, se aplicar\u00e1 el convenio colectivo provincial de la industria siderometal\u00fargica de Bizkaia. En tanto y en cuanto, no se firme otro convenio provincial del Metal de Bizkaia, el convenio de referencia ser\u00e1 el \u00faltimo de eficacia general.<\/p>\n<p style=\"text-align: justify;\">En este convenio de empresa y mientras dure su vigencia no podr\u00e1 haber art\u00edculo o cl\u00e1usula con contenidos peores para los trabajadores y las trabajadoras que est\u00e9n regulados en el convenio provincial del metal de Bizkaia.<\/p>\n<p style=\"text-align: justify;\">Las partes acuerdan preservar el \u00e1mbito de negociaci\u00f3n provincial sectorial, otorgando preferencia aplicativa al mismo frente a cualquier convenio estatal.<\/p>\n<p style=\"text-align: justify;\">ANEXOS<br \/>\n1. Cuadro de niveles y tabla salarial.<br \/>\n2. Protocolo contra el acoso sexual y acoso por raz\u00f3n de sexo en los centros de trabajo.<br \/>\n3. Cuadro de justificantes de licencias y plazos de entrega.<br \/>\nFirman el presente Convenio I. S y A. A. en representaci\u00f3n de la empresa y las personas que integran el Comit\u00e9 con representaci\u00f3n en la empresa pertenecientes a los sindicatos LAB, y UGT.<\/p>\n<p><a href=\"https:\/\/www.cgt-lkn.org\/afiliar\/public\/#!\/\"><img loading=\"lazy\" decoding=\"async\" class=\" wp-image-7479 aligncenter\" src=\"https:\/\/www.cgt-lkn.org\/wp-content\/uploads\/sites\/20\/2021\/01\/afiliate-CGT-juntos.png\" alt=\"\" width=\"325\" height=\"274\" \/><\/a><\/p>\n<p>ANEXO I<\/p>\n<p style=\"text-align: center;\"><strong>CUADRO DE NIVELES Y TABLA SALARIAL<\/strong><\/p>\n<p><a href=\"https:\/\/www.cgt-lkn.org\/wp-content\/uploads\/sites\/20\/2021\/02\/CUADRO-DE-NIVELES-Y-TABLA-SALARIAL-Gestamp-Bizkaia.jpg\"><img loading=\"lazy\" decoding=\"async\" class=\"wp-image-9488 aligncenter\" src=\"https:\/\/www.cgt-lkn.org\/wp-content\/uploads\/sites\/20\/2021\/02\/CUADRO-DE-NIVELES-Y-TABLA-SALARIAL-Gestamp-Bizkaia-300x162.jpg\" alt=\"\" width=\"843\" height=\"455\" srcset=\"https:\/\/www.cgt-lkn.org\/bizkaia-gestamp\/wp-content\/uploads\/sites\/20\/2021\/02\/CUADRO-DE-NIVELES-Y-TABLA-SALARIAL-Gestamp-Bizkaia-300x162.jpg 300w, https:\/\/www.cgt-lkn.org\/bizkaia-gestamp\/wp-content\/uploads\/sites\/20\/2021\/02\/CUADRO-DE-NIVELES-Y-TABLA-SALARIAL-Gestamp-Bizkaia.jpg 588w\" sizes=\"auto, (max-width: 843px) 100vw, 843px\" \/><\/a><\/p>\n<p>&nbsp;<\/p>\n<p style=\"text-align: center;\"><strong>ANEXO II<\/strong><\/p>\n<p style=\"text-align: justify;\">PROTOCOLO CONTRA EL <strong>ACOSO<\/strong> <strong>SEXUAL<\/strong> Y ACOSO POR RAZ\u00d3N DE SEXO EN LOS CENTROS DE TRABAJO ACUERDO PARA LA APLICACI\u00d3N DE UN PROTOCOLO FRENTE AL ACOSO SEXUAL, SEXISTA O POR RAZ\u00d3N DE SEXO Y AL ACOSO POR ORIENTACI\u00d3N SEXUAL E IDENTIDAD Y EXPRESI\u00d3N DE G\u00c9NERO<\/p>\n<p style=\"text-align: justify;\"><strong>0. Presentaci\u00f3n<\/strong><br \/>\nEl acoso sexual, sexista o por raz\u00f3n de sexo y el acoso por orientaci\u00f3n sexual e identidad y expresi\u00f3n de g\u00e9nero, son expresiones de violencia machista que tambi\u00e9n se dan en el \u00e1mbito laboral atentando de forma directa contra los derechos fundamentales que nos corresponden a todas las personas: libertad sexual, igualdad, derecho al trabajo y a la seguridad, y salud en el trabajo. Como expresiones de violencia machista son, adem\u00e1s, manifestaciones de poder que pretenden controlar y humillar y que producen consecuencias muy graves en las personas, mayoritariamente mujeres, que las enfrentan.<\/p>\n<p style=\"text-align: justify;\">1<strong>. Declaraci\u00f3n de principios<\/strong><br \/>\nLas personas firmantes, en representaci\u00f3n de la empresa y de la parte social afirmamos que no toleraremos estas violencias en la empresa y que, por tanto, las conductas que constituyen el acoso sexual, acoso por raz\u00f3n de sexo o acoso por orientaci\u00f3n sexual e identidad y expresi\u00f3n de g\u00e9nero ser\u00e1n duramente sancionadas.<\/p>\n<p style=\"text-align: justify;\">Las personas que pertenecen a la plantilla de la empresa incluyendo al personal subcontratado, becarios y becarias y\/o personal en pr\u00e1cticas tienen derecho a disfrutar de igualdad de oportunidades y de trato. La empresa no tolerar\u00e1 bajo ning\u00fan concepto que dichos derechos puedan ser conculcados dentro de la propia organizaci\u00f3n.<\/p>\n<p style=\"text-align: justify;\">La empresa rechaza las pr\u00e1cticas de acoso sexual, sexista o por raz\u00f3n de sexo y acoso por orientaci\u00f3n sexual e identidad y expresi\u00f3n de g\u00e9nero en cualquiera de sus formas, sean de cargos superiores a cargos subordinados, entre compa\u00f1eros y compa\u00f1eras.<\/p>\n<p style=\"text-align: justify;\">Se incluye tambi\u00e9n el rechazo y sanci\u00f3n al acoso sexual, sexista o por raz\u00f3n de sexo y al acoso por orientaci\u00f3n sexual e identidad y expresi\u00f3n de g\u00e9nero contra personas que desarrollen sus tareas en nuestras instalaciones de manera subcontratada.<\/p>\n<p style=\"text-align: justify;\">Toda trabajadora o trabajador que considere que ha sido objeto de acoso sexual, sexista o por raz\u00f3n de sexo o de acoso por orientaci\u00f3n sexual e identidad y expresi\u00f3n de g\u00e9nero tendr\u00e1 derecho a solicitar la aplicaci\u00f3n del presente protocolo de actuaci\u00f3n.<\/p>\n<p style=\"text-align: justify;\">La empresa asegurar\u00e1 su aplicaci\u00f3n y cumplimiento. Igualmente, nos comprometemos a establecer medidas de informaci\u00f3n y de formaci\u00f3n dirigidas al conjunto de personas que componen la empresa con el objetivo de prevenir estas violencias y crear entre quienes forman la empresa espacios seguros y libres de violencias machistas.<\/p>\n<p style=\"text-align: justify;\"><strong>2. \u00c1mbito de aplicaci\u00f3n<\/strong><br \/>\nEl protocolo se aplicar\u00e1 a toda persona que preste servicios en la empresa, incluido el personal afecto a contratas o subcontratas, personas trabajadoras aut\u00f3nomas relacionadas con la empresa y el personal directivo. Para ello, la empresa informar\u00e1 por escrito y con garant\u00edas de recepci\u00f3n a todo el personal de su plantilla.<\/p>\n<p style=\"text-align: justify;\">En los mismos t\u00e9rminos se informar\u00e1 a trav\u00e9s del e-coordina (plataforma para la Coordinaci\u00f3n Empresarial) tambi\u00e9n a la direcci\u00f3n de las empresas con las que mantenga relaci\u00f3n mercantil, as\u00ed como al personal de estas que prestan sus servicios en el \u00e1mbito de esta empresa principal, la existencia de este Protocolo en cuyo \u00e1mbito de aplicaci\u00f3n tambi\u00e9n quedan incluidos. A estos efectos se exigir\u00e1 de estas empresas la inclusi\u00f3n entre sus obligaciones contractuales, la aplicaci\u00f3n del presente Protocolo.<\/p>\n<p style=\"text-align: justify;\">Se tendr\u00e1n en cuenta para la aplicaci\u00f3n del Protocolo lo dispuesto en el convenio colectivo as\u00ed como en toda la legislaci\u00f3n aplicable (Ley Org\u00e1nica 3\/2007, de 22 de marzo, para la igualdad efectiva de mujeres y hombres; Ley 31\/1995, de 8 de noviembre, de Prevenci\u00f3n de Riesgos Laborales; Decreto legislativo 2\/ 2015 de 23 de octubre Texto refundido estatuto Trabajadoras art\u00edculo 54; y otras).<\/p>\n<p style=\"text-align: justify;\">En lo que respecta al personal afecto a contratas o subcontratas o personas trabajadoras aut\u00f3nomas relacionadas con la empresa debemos establecer qu\u00e9 protocolo regir\u00e1 cada situaci\u00f3n, con el fin de salvaguardar los intereses de las v\u00edctimas:<\/p>\n<p style=\"text-align: justify;\">\u2014 Acoso entre dos o m\u00e1s personas de la empresa subcontratada en sus labores realizadas para la empresa principal. La empresa principal informar\u00e1 a las empresas subcontratadas o personas trabajadoras aut\u00f3nomas relacionadas con la empresa los hechos acontecidos. En caso de que las empresas subcontratadas no tengan protocolo propio, la empresa principal podr\u00e1 facilitar el protocolo contra el acoso sexual y el acoso por raz\u00f3n de sexo y el acoso por orientaci\u00f3n sexual e identidad y expresi\u00f3n de g\u00e9nero.<br \/>\n\u2014 Acoso entre personas de la empresa principal y subcontratas o personas trabajadoras aut\u00f3nomas relacionadas con la empresa. En caso de que las dos empresas tengan un protocolo contra el acoso sexual y el acoso por raz\u00f3n de sexo y el acoso por orientaci\u00f3n sexual e identidad y expresi\u00f3n de g\u00e9nero la Asesor\u00eda Confidencial deber\u00e1 ser mixta, es decir tendr\u00e1 que estar formada por personas de las dos empresas, debiendo llegar a un acuerdo para establecer c\u00f3mo se va a protocolizar el caso concreto. En caso de que solo haya un protocolo se aplicar\u00e1 este, pero de igual forma la Asesor\u00eda Confidencial deber\u00e1 ser mixta para salvaguardar los intereses de la v\u00edctima.<\/p>\n<p style=\"text-align: justify;\"><strong>3. Normativa aplicable<\/strong><br \/>\nLa Ley Org\u00e1nica 3\/2007, de 22 de marzo, para la igualdad efectiva de mujeres y hombres (LOI), establece:<br \/>\n\u2014 Que tanto el acoso sexual como el acoso por raz\u00f3n de sexo son actos o conductas discriminatorias (art\u00edculo 7.3);<br \/>\n\u2014 Que las empresas est\u00e1n obligadas a \u00abpromover condiciones de trabajo que eviten el acoso sexual y el acoso por raz\u00f3n de sexo y arbitrar procedimientos espec\u00edficos para su prevenci\u00f3n y para dar cauce a las denuncias o reclamaciones que puedan formular quienes hayan sido objeto del mismo\u00bb;<br \/>\n\u2014 Que \u00abcon esta finalidad se podr\u00e1n establecer medidas que deber\u00e1n negociarse con los representantes de los trabajadores, tales como la elaboraci\u00f3n y difusi\u00f3n de c\u00f3digos de buenas pr\u00e1cticas, la realizaci\u00f3n de campa\u00f1as informativas o acciones de formaci\u00f3n\u00bb (art\u00edculo 48.1 LOI);<br \/>\n\u2014 Y que la representaci\u00f3n de los trabajadores y trabajadoras debe contribuir a prevenir el acoso sexual y el acoso por raz\u00f3n de sexo en el trabajo:<\/p>\n<p style=\"text-align: justify;\">\u2022 Mediante la sensibilizaci\u00f3n de los trabajadores y trabajadoras frente al mismo.<br \/>\n\u2022 E informando a la direcci\u00f3n de la empresa de las conductas o comportamientos de que tuvieran conocimiento y que pudieran propiciarlo (art\u00edculo 48.2 LOI).<\/p>\n<p style=\"text-align: justify;\">Adem\u00e1s, tanto el acoso sexual como el acoso por raz\u00f3n de sexo son riesgos laborales, de car\u00e1cter psicosocial, que pueden afectar a la seguridad y salud de quienes los padecen. En ese sentido, las empresas est\u00e1n obligadas a adoptar cuantas medidas sean necesarias para proteger la seguridad y salud en el trabajo de trabajadoras y trabajadores (art\u00edculo 14 Ley 31\/1995, de 8 de noviembre, de Prevenci\u00f3n de Riesgos Laborales).<\/p>\n<p style=\"text-align: justify;\">En cuanto a las personas trabajadoras que llevan a cabo el acoso sexual o el acoso por raz\u00f3n de sexo, conviene recordar que ambos tipos de acosos constituyen incumplimientos contractuales que pueden dar lugar, incluso, al despido disciplinario de quien los comete. As\u00ed lo establece el art\u00edculo 54 del Real Decreto Legislativo 2\/2015, de 23 de octubre, por el que se aprueba el Texto Refundido de la Ley del Estatuto de los Trabajadores.<\/p>\n<p style=\"text-align: justify;\"><strong>4. Definiciones<\/strong><br \/>\nAcoso sexual: Es acoso sexual \u00abcualquier comportamiento, verbal o f\u00edsico, de naturaleza sexual que tenga el prop\u00f3sito o produzca el efecto de atentar contra la dignidad de una persona, en particular cuando se crea un entorno intimidatorio, degradante u ofensivo\u00bb (art 7.1 LOI)<\/p>\n<p style=\"text-align: justify;\">Si bien la finalidad inmediata del acoso sexual consiste en obtener alg\u00fan tipo de satisfacci\u00f3n sexual, la verdadera finalidad es manifestar poder sobre la otra persona, mujer en la inmensa mayor\u00eda de los casos, perpetuando el sistema heteropatriarcal que pervive en nuestra sociedad.<\/p>\n<p style=\"text-align: justify;\">Acoso por raz\u00f3n de sexo: \u00abConstituye acoso por raz\u00f3n de sexo cualquier comportamiento realizado en funci\u00f3n del sexo de una persona, con el prop\u00f3sito o el efecto de atentar contra su dignidad y de crear un entorno intimidatorio, degradante u ofensivo\u00bb (art\u00edculos 7.2 LOI).<\/p>\n<p style=\"text-align: justify;\">Se incurre en conducta de acoso por raz\u00f3n de sexo tanto el realizado por personal superior jer\u00e1rquico, como equivalente e inferior jer\u00e1rquico en la estructura organizativa de la empresa. Tiene como causa los estereotipos de g\u00e9nero y tienen como objeto despreciar a las mujeres por el mero hecho de serlo, minusvalorar sus capacidades, sus competencias t\u00e9cnicas y destrezas a fin de mantener una situaci\u00f3n de poder sobre ellas.<\/p>\n<p style=\"text-align: justify;\">Acoso por orientaci\u00f3n sexual: cualquier comportamiento verbal, no verbal o f\u00edsico indeseado efectuado contra una persona en base a su orientaci\u00f3n sexual, con el fin de atentar contra su dignidad, creando as\u00ed un entorno intimidatorio, violento, hostil, degradante, humillante, ofensivo o segregado.<\/p>\n<p style=\"text-align: justify;\">Se incurre en acoso por orientaci\u00f3n sexual cuando se dirige hacia una persona de manera ofensiva o se menosprecia su trabajo por raz\u00f3n de su orientaci\u00f3n sexual, cuando se trata desigualmente a personas bas\u00e1ndose en su homosexualidad o bisexualidad, cuando se ignoran las aportaciones realizadas por esta persona, cuando se la ridiculiza en funci\u00f3n de su orientaci\u00f3n sexual, cuando se utiliza el humor hom\u00f3fobo, lesb\u00f3fobo o b\u00edfobo, etc.<\/p>\n<p style=\"text-align: justify;\">Acoso por identidad y expresi\u00f3n de g\u00e9nero: cualquier comportamiento verbal, no verbal o f\u00edsico indeseado efectuado contra una persona por razones de expresi\u00f3n e identidad de g\u00e9nero, con el fin de atentar contra su dignidad, creando as\u00ed un entorno intimidatorio, violento, hostil, degradante, humillante, ofensivo o segregador.<\/p>\n<p style=\"text-align: justify;\">Se incurre en acoso por identidad y expresi\u00f3n de g\u00e9nero cuando se niega a nombrar a una persona trans como esta quiera o se utilicen pronombres que no coincidan con el g\u00e9nero con el que se siente identificada, cuando se menosprecian aptitudes, capacidades y habilidades por raz\u00f3n de identidad de g\u00e9nero y no se tengan en cuenta sus aportaciones, cuando se cuestione o expulse a la persona con expresiones e identidades de g\u00e9nero no normativas por estar en ciertas instalaciones de la empresa, cuando se utilice el humor tr\u00e1nsfobo o int\u00e9rfobo que resulte ofensivo para la persona, etc.<\/p>\n<p style=\"text-align: justify;\">Entre otros comportamientos, pueden constituir conductas de acoso sexual, acoso por raz\u00f3n de sexo, acoso por orientaci\u00f3n sexual y acoso por identidad y expresi\u00f3n de g\u00e9nero las que se exponen a continuaci\u00f3n:<\/p>\n<p style=\"text-align: justify;\">a. Las descalificaciones p\u00fablicas y\/o privadas y reiteradas sobre la persona y su trabajo, sus capacidades, sus competencias t\u00e9cnicas, sus destrezas\u2026<\/p>\n<p style=\"text-align: justify;\">b. La utilizaci\u00f3n de expresiones sexistas, denigrantes, que impliquen la minusvaloraci\u00f3n de esas capacidades, competencias, destrezas\u2026 (tales como: \u00abmujer ten\u00edas que ser\u00bb, \u00absolo vales para fregar\u00bb, \u00abmujer a tus tareas\u00bb\u2026).<\/p>\n<p style=\"text-align: justify;\">c. La utilizaci\u00f3n de humor sexista, hom\u00f3fobo, lesb\u00f3fobo o b\u00edfobo, etc.<\/p>\n<p style=\"text-align: justify;\">d. Ignorar aportaciones, comentarios o acciones seg\u00fan el sexo de la persona que los realiza (excluir, no tomar en serio).<\/p>\n<p style=\"text-align: justify;\">e. Negarse a acatar \u00f3rdenes o seguir instrucciones procedentes de superiores jer\u00e1rquicos que son mujeres<\/p>\n<p><a href=\"https:\/\/t.me\/CGTGestampBizkaia\"><img loading=\"lazy\" decoding=\"async\" class=\"aligncenter wp-image-7155 size-medium\" src=\"https:\/\/www.cgt-lkn.org\/wp-content\/uploads\/sites\/20\/2020\/08\/canal-telegram-300x169.jpg\" alt=\"\" width=\"300\" height=\"169\" srcset=\"https:\/\/www.cgt-lkn.org\/bizkaia-gestamp\/wp-content\/uploads\/sites\/20\/2020\/08\/canal-telegram-300x169.jpg 300w, https:\/\/www.cgt-lkn.org\/bizkaia-gestamp\/wp-content\/uploads\/sites\/20\/2020\/08\/canal-telegram-150x85.jpg 150w, https:\/\/www.cgt-lkn.org\/bizkaia-gestamp\/wp-content\/uploads\/sites\/20\/2020\/08\/canal-telegram-400x225.jpg 400w, https:\/\/www.cgt-lkn.org\/bizkaia-gestamp\/wp-content\/uploads\/sites\/20\/2020\/08\/canal-telegram.jpg 600w\" sizes=\"auto, (max-width: 300px) 100vw, 300px\" \/><\/a><\/p>\n<p style=\"text-align: justify;\">f. Asignar a una persona un puesto de trabajo o funciones de responsabilidad inferior a su capacidad, a causa de su sexo.<\/p>\n<p style=\"text-align: justify;\">g. Sabotear su trabajo o impedir deliberadamente el acceso a los medios adecuados para realizarlo (informaci\u00f3n, documentaci\u00f3n, equipamiento\u2026).<\/p>\n<p style=\"text-align: justify;\">h. Tratar a las personas como si fueran menores de edad, como si fuesen personas dependientes, como si fueran personas intelectualmente inferiores\u2026 (con la forma de hablar, de tratarla\u2026), por raz\u00f3n de su sexo.<\/p>\n<p style=\"text-align: justify;\">i. Impartir ordenes vejatorias que tenga su causa en el sexo de la persona.<\/p>\n<p style=\"text-align: justify;\">j. Las actitudes que comporten vigilancia extrema y continua.<\/p>\n<p style=\"text-align: justify;\">k. Ridiculizar a las personas que asumen tareas que tradicionalmente ha asumido el otro sexo.<\/p>\n<p style=\"text-align: justify;\">l. Denegar permisos a los cuales tiene derecho una persona, de forma arbitraria y por raz\u00f3n de su sexo.<\/p>\n<p style=\"text-align: justify;\">m. Utilizar humor sexista.<\/p>\n<p style=\"text-align: justify;\">n. Conductas discriminatorias por raz\u00f3n del sexo.<\/p>\n<p style=\"text-align: justify;\">o. Llegar a la fuerza f\u00edsica para mostrar la superioridad de un sexo sobre otro.<\/p>\n<p style=\"text-align: justify;\">p. Im\u00e1genes, correos electr\u00f3nicos, dibujos, mensajes\u2026<\/p>\n<p style=\"text-align: justify;\">q. Chistes de contenido sexual, piropos, comentarios sexuales, miradas insinuantes, insistentes o sugestivas, comentarios sobre apariencia o condici\u00f3n sexual del trabajador o trabajadora\u2026<\/p>\n<p style=\"text-align: justify;\">r. Insinuaciones sexuales, silbidos, sonidos, gestos insinuantes\u2026.<\/p>\n<p style=\"text-align: justify;\">s. Exhibici\u00f3n o uso de pornograf\u00eda en el centro de trabajo y\/o carteles, calendarios, p\u00e1ginas web u otros objetos de contenido sexual o degradante para algunos de los sexos.<\/p>\n<p style=\"text-align: justify;\">t. Pedir reiteradamente citas, propuestas sexuales, preguntas sobre la vida sexual, presionar tras ruptura sentimental con compa\u00f1ero o compa\u00f1era afectiva, pedir abiertamente relaciones sexuales a sabiendas de que no son deseadas\u2026<\/p>\n<p style=\"text-align: justify;\">u. Acercamiento corporal excesivo, toqueteos, caricias, abrazos, besos, tocamientos, pellizcos no deseados, acorralamientos, presiones para obtener sexo a cambio de mejoras o utilizando amenazas, realizar actos sexuales bajo presi\u00f3n de despido.<\/p>\n<p style=\"text-align: justify;\">v. Cualquier tipo de agresi\u00f3n sexual de las tipificadas en el C\u00f3digo Penal.<\/p>\n<p style=\"text-align: justify;\">w. La adopci\u00f3n de represalias contra las personas que denuncien, atestig\u00fcen, ayuden o participen en investigaciones de acoso, al igual que sobre las personas que se opongan a cualquier conducta de este tipo, ya sea sobre s\u00ed mismas o frente a terceras personas.<\/p>\n<p style=\"text-align: justify;\">x. Difundir rumores con connotaci\u00f3n sexual o sobre la vida sexual de una persona.<\/p>\n<p style=\"text-align: justify;\">y. Observaci\u00f3n clandestina o encubierta de personas en lugares reservados, tales como ba\u00f1os o vestuarios.<\/p>\n<p style=\"text-align: justify;\">z. Hablar reiteradamente sobre las propias habilidades o capacidades sexuales.<\/p>\n<p style=\"text-align: justify;\">aa. Mirar con fijaci\u00f3n o lascivamente el cuerpo de alguna persona de forma reiterada.<\/p>\n<p style=\"text-align: justify;\">bb. Preguntas, descripciones o comentarios sobre fantas\u00edas, preferencias y habilidades\/ capacidades sexuales.<\/p>\n<p style=\"text-align: justify;\"><strong>5. Procedimiento de actuaci\u00f3n<\/strong><br \/>\n5.1. Presentaci\u00f3n de quejas y\/o denuncias<\/p>\n<p style=\"text-align: justify;\">Cualquier persona trabajadora que considere que est\u00e1 siendo objeto de acoso sexual, acoso por raz\u00f3n de sexo, acoso por orientaci\u00f3n sexual e identidad y expresi\u00f3n de g\u00e9nero podr\u00e1 presentar una queja o denuncia de acuerdo al procedimiento que se regular\u00e1 en el presente protocolo frente a la Asesor\u00eda Confidencial designada a tal efecto. Adem\u00e1s, cualquier otra persona que tenga conocimiento de situaciones de acoso podr\u00e1n plantear una queja o denuncia con conocimiento de la v\u00edctima.<\/p>\n<p style=\"text-align: justify;\">La Comisi\u00f3n de Igualdad se encargar\u00e1 de designar a la persona o a las personas competentes para la recepci\u00f3n de las denuncias y\/o quejas. En su defecto, se designar\u00e1n de com\u00fan acuerdo entre la empresa y la representaci\u00f3n de la plantilla, de entre los y las integrantes del Comit\u00e9 de Empresa, del Comit\u00e9 de Seguridad y Salud Laboral, del Servicio de Prevenci\u00f3n propio o de cualquier otro \u00f3rgano o servicio que se considere oportuno. La persona o las personas receptoras de las denuncias y\/o quejas se denominan Asesor\u00eda Confidencial.<\/p>\n<p style=\"text-align: justify;\">El protocolo deber\u00e1 identificar qui\u00e9nes son las personas que forman la Asesor\u00eda Confidencial y el puesto que ocupan en la organizaci\u00f3n, dando a conocer su identidad a toda la empresa e indicando la forma en la que se podr\u00e1 contactar con ellas. Siempre ser\u00e1 un n\u00famero impar y habr\u00e1 representaci\u00f3n de los y las trabajadoras.<\/p>\n<p style=\"text-align: justify;\">La Asesor\u00eda Confidencial estar\u00e1 integrada por un grupo de personas y estas deber\u00e1n ser preferentemente mujeres y que cuenten con formaci\u00f3n previa en cuestiones de igualdad y resoluci\u00f3n de conflictos En caso contrario se le procurar\u00e1n medios o instrumentos, as\u00ed como tiempo dentro de la jornada de trabajo, para adquirir dicha formaci\u00f3n.<\/p>\n<p style=\"text-align: justify;\">5.2. Principios y garant\u00edas del proceso<\/p>\n<p style=\"text-align: justify;\">Durante la aplicaci\u00f3n del presente protocolo todos los tr\u00e1mites habr\u00e1 que realizarlos de forma confidencial y partiendo de la credibilidad de la persona afectada, y protegiendo la intimidad y la dignidad de las personas afectadas. A su vez, es necesario que la tramitaci\u00f3n se realice de forma urgente.<\/p>\n<p style=\"text-align: justify;\">Adem\u00e1s, el procedimiento debe garantizar una audiencia imparcial y un tratamiento justo a todas las personas implicadas, prohibiendo expresamente las represalias sobre\u00a0las personas que denuncian, atestiguan, ayudan o participan en la investigaci\u00f3n.<\/p>\n<p style=\"text-align: justify;\">Las personas que integran la Asesor\u00eda Confidencial podr\u00e1n renunciar a participar por los siguientes motivos de incompatibilidad: ser familiar en grados pr\u00f3ximos de consanguinidad o afinidad hasta tercer grado o disponer de v\u00ednculos de amistad o enemistad manifiesta con alguna de las partes en litigio. Acreditados los motivos de incompatibilidad ser\u00e1 convenientemente sustituida.<\/p>\n<p style=\"text-align: justify;\">La v\u00edctima o la persona supuestamente agresora podr\u00e1 recusar una sola vez a cualquiera de las personas que integran la Asesor\u00eda de forma escrita y razonada por los mismos motivos se\u00f1alados en el p\u00e1rrafo anterior. Dicha recusaci\u00f3n deber\u00e1 ser estudiada y resuelta en la Comisi\u00f3n de Igualdad.<\/p>\n<p style=\"text-align: justify;\">Del mismo modo se evitar\u00e1 que la persona acosada tenga que exponerse de manera reiterada y describir en repetidas ocasiones las conductas de las que ha sido v\u00edctima.<\/p>\n<p style=\"text-align: justify;\">5.3. Procedimiento informal<br \/>\n5.3.1. Informaci\u00f3n, asesoramiento, acompa\u00f1amiento y preparaci\u00f3n para la fase de denuncia e investigaci\u00f3n. En los supuestos en que las actuaciones o conductas tengan car\u00e1cter sexista, la queja podr\u00e1 presentarse de forma verbal y escrita ante la Asesor\u00eda Confidencial.<\/p>\n<p style=\"text-align: justify;\">Si la Asesor\u00eda Confidencial estimase que la conducta sobre la que se plantea la queja constituye acoso sexual, acoso por raz\u00f3n de sexo, acoso por orientaci\u00f3n sexual o por identidad y expresi\u00f3n de g\u00e9nero, informar\u00e1 a la presunta v\u00edctima sobre la necesidad de presentar una denuncia por escrito para dar comienzo al procedimiento formal.<\/p>\n<p style=\"text-align: justify;\">En el supuesto de que se aprecie que nos encontramos ante una conducta sexista que puede dar lugar a situaciones de acoso sexual, acoso por raz\u00f3n de sexo, acoso por orientaci\u00f3n sexual o por identidad y expresi\u00f3n de g\u00e9nero, la Asesor\u00eda Confidencial iniciar\u00e1 un procedimiento confidencial y r\u00e1pido de confirmaci\u00f3n de la veracidad de la queja, pudiendo para ello acceder a cualquier lugar de la empresa y en cualquier momento y recabar las declaraciones de quien considere necesario.<\/p>\n<p style=\"text-align: justify;\">Observados indicios de conducta sexista en la queja presentada, la Asesor\u00eda Confidencial entrar\u00e1 en contacto de forma confidencial con la persona contra la que se ha presentado la queja, sola o en compa\u00f1\u00eda de la presunta v\u00edctima, a elecci\u00f3n de esta, para manifestarle, por un lado, la existencia de una queja sobre su conducta que, de ser cierta y reiterarse o persistir en el tiempo se calificar\u00e1 como acoso sexual, acoso por raz\u00f3n de sexo, acoso por orientaci\u00f3n sexual o acoso por identidad y expresi\u00f3n de g\u00e9nero y, por otro lado, las consecuencias o sanciones disciplinarias que de ello podr\u00edan detraerse.<\/p>\n<p style=\"text-align: justify;\">La persona acusada de haber llevado a cabo esa conducta sexista podr\u00e1 ofrecer las explicaciones que considere convenientes y que ser\u00e1n recogidas por escrito por la asesor\u00eda confidencial.<\/p>\n<p style=\"text-align: justify;\">En esta primera fase o procedimiento informal de soluci\u00f3n, la Asesor\u00eda Confidencial se limitar\u00e1 exclusivamente a transmitir la queja y a informar sobre las eventuales responsabilidades disciplinarias en las que puede incurrir de persistir en su conducta.<\/p>\n<p style=\"text-align: justify;\">El objetivo del procedimiento informal ser\u00e1 resolver el problema sin hacer todo el proceso y que no llegue a convertirse en una situaci\u00f3n de acoso sexual o por raz\u00f3n de sexo. Y ello as\u00ed, porque en ocasiones el hecho de manifestar al sujeto activo las consecuencias ofensivas e intimidatorias que se generan de su comportamiento y las posibles consecuencias que pueden acarrear de convertirse en acoso, es suficiente para que se solucione el problema.<\/p>\n<p style=\"text-align: justify;\">El procedimiento se desarrollar\u00e1 en un plazo m\u00e1ximo de quince d\u00edas laborables. La Asesor\u00eda Confidencial debe partir de la credibilidad de la persona que presenta la queja y tiene que proteger la confidencialidad del procedimiento y la dignidad e integridad de las personas. A tal efecto y al inicio del mismo les ser\u00e1n asignados c\u00f3digos num\u00e9ricos a las partes afectadas con la finalidad de documentar esta tipolog\u00eda de casos que, sin llegar a ser constitutivos de acoso, pueden derivar en aqu\u00e9llos.<\/p>\n<p style=\"text-align: justify;\">En el plazo de quince d\u00edas laborables, contados a partir de la presentaci\u00f3n de la queja, se dar\u00e1 por finalizado el proceso. Solamente en casos excepcionales y de imperiosa necesidad podr\u00e1 ampliarse el plazo en tres d\u00edas.<\/p>\n<p style=\"text-align: justify;\">Del resultado del procedimiento informal, la Asesor\u00eda Confidencial dar\u00e1 conocimiento inmediato a la Comisi\u00f3n de Igualdad.<\/p>\n<p style=\"text-align: justify;\">5.4. Procedimiento formal<\/p>\n<p style=\"text-align: justify;\">5.4.1. Inicio del proceso. la denuncia, valoraci\u00f3n previa y adopci\u00f3n de medidas cautelares Cuando las actuaciones denunciadas puedan ser constitutivas de acoso, as\u00ed como en el supuesto de que la persona denunciante no quede satisfecha con la soluci\u00f3n alcanzada en la fase previa, bien por entender inadecuada la soluci\u00f3n ofrecida o bien por producirse reiteraci\u00f3n en las conductas denunciadas; y sin perjuicio de su derecho a denunciar ante la Inspecci\u00f3n de Trabajo y de la Seguridad Social, as\u00ed como en la v\u00eda civil, laboral o a querellarse en la v\u00eda penal, podr\u00e1 plantear una denuncia formal con la finalidad de dilucidar las eventuales responsabilidades disciplinarias de la persona denunciada.<\/p>\n<p style=\"text-align: justify;\">La denuncia se realizar\u00e1 por escrito y se remitir\u00e1 a la Asesor\u00eda Confidencial. La Asesor\u00eda Confidencial valorar\u00e1 la fuente, la naturaleza y la seriedad de dicha denuncia, e investigar\u00e1 la situaci\u00f3n denunciada. Tal y c\u00f3mo se ha mencionado en el apartado anterior, la Asesor\u00eda con competencias en la materia, debe partir de la credibilidad de la persona que presenta la queja y tiene que proteger la confidencialidad del procedimiento y la dignidad e integridad de las personas. A tal efecto y al inicio del mismo les ser\u00e1n asignados c\u00f3digos num\u00e9ricos a las partes afectadas.<\/p>\n<p style=\"text-align: justify;\">La Asesor\u00eda Confidencial deber\u00e1 garantizar la m\u00e1xima confidencialidad de todas las denuncias formales, bajo apercibimiento de sanci\u00f3n en caso de que no se respete este principio.<\/p>\n<p style=\"text-align: justify;\">A partir de la recepci\u00f3n de la denuncia, el \u00f3rgano competente comunicar\u00e1 de forma confidencial la situaci\u00f3n a la direcci\u00f3n de la empresa para que esta, en su caso, adopte medidas preventivas que sobre todo protejan a la persona agredida.<\/p>\n<p style=\"text-align: justify;\">Tambi\u00e9n ofrecer\u00e1 informaci\u00f3n suficiente a la Comisi\u00f3n de Igualdad. La Asesor\u00eda Confidencial informar\u00e1 de la existencia de la denuncia y de las actuaciones llevadas a cabo hasta ese momento en relaci\u00f3n con \u00e9sta. La Comisi\u00f3n de Igualdad tambi\u00e9n estar\u00e1 sujeta al principio de confidencialidad.<\/p>\n<p><a href=\"https:\/\/www.cgt-lkn.org\/afiliar\/public\/#!\/\"><img loading=\"lazy\" decoding=\"async\" class=\"aligncenter wp-image-7505 size-medium\" src=\"https:\/\/www.cgt-lkn.org\/wp-content\/uploads\/sites\/20\/2021\/01\/afiliate-CGT-204x300.jpg\" alt=\"\" width=\"204\" height=\"300\" srcset=\"https:\/\/www.cgt-lkn.org\/bizkaia-gestamp\/wp-content\/uploads\/sites\/20\/2021\/01\/afiliate-CGT-204x300.jpg 204w, https:\/\/www.cgt-lkn.org\/bizkaia-gestamp\/wp-content\/uploads\/sites\/20\/2021\/01\/afiliate-CGT.jpg 544w\" sizes=\"auto, (max-width: 204px) 100vw, 204px\" \/><\/a><\/p>\n<p style=\"text-align: justify;\">5.5. Procedimiento<\/p>\n<p style=\"text-align: justify;\">La Asesor\u00eda Confidencial utilizar\u00e1 los procedimientos de investigaci\u00f3n que considere convenientes para la confirmaci\u00f3n de la veracidad de la denuncia, por ejemplo, entrevistas con los sujetos afectados y terceros (testigos), pruebas documentales que puedan haberse obtenido, etc. Respetando en todo caso los derechos fundamentales de las personas implicadas, sobre todo el derecho a la intimidad y a la dignidad de ambas.<\/p>\n<p style=\"text-align: justify;\">Deber\u00e1 dar notificaci\u00f3n de la presentaci\u00f3n de la denuncia lo m\u00e1s r\u00e1pidamente posible a la persona denunciada.<\/p>\n<p style=\"text-align: justify;\">Deber\u00e1 adem\u00e1s darle audiencia en presencia o no de la v\u00edctima a elecci\u00f3n de esta \u00faltima o, en su caso, de la persona denunciante; tambi\u00e9n a elecci\u00f3n de esta. Tanto unas<br \/>\ncomo otras podr\u00e1n solicitar la presencia de otra u otras personas a efectos de configurar la prueba testifical que ser\u00e1 recogida por escrito.<\/p>\n<p style=\"text-align: justify;\">Se intentar\u00e1 recabar toda la informaci\u00f3n con una \u00fanica explicaci\u00f3n de los hechos por parte de la v\u00edctima, cuando sea \u00e9sta quien realice la denuncia (salvo que resultase imprescindible establecer posteriores entrevistas para la resoluci\u00f3n del caso), garantizando la confidencialidad y la agilidad en el tr\u00e1mite. As\u00ed evitaremos una revictimizaci\u00f3n de la v\u00edctima.<\/p>\n<p style=\"text-align: justify;\">En el caso de que la Asesor\u00eda Confidencial tuviera dificultades para resolver el caso, esta valorar\u00e1 la necesidad de una Asesor\u00eda Externa.<\/p>\n<p style=\"text-align: justify;\">5.6. Conclusi\u00f3n del proceso. Elaboraci\u00f3n del informe<\/p>\n<p style=\"text-align: justify;\">En el plazo m\u00e1ximo de quince d\u00edas laborables contados a partir de la presentaci\u00f3n de la denuncia, la Asesor\u00eda Confidencial o la Asesor\u00eda Externa elaborar\u00e1 y aprobar\u00e1 un informe sobre el supuesto de acoso investigado, en el que indicar\u00e1 los hechos, los testimonios, pruebas recabadas, las conclusiones alcanzadas y las circunstancias agravantes observadas. Dicho informe se trasladar\u00e1 a la direcci\u00f3n de la empresa de forma inmediata y a la Comisi\u00f3n de Igualdad para que, en su caso, el \u00f3rgano competente inicie expediente disciplinario. Solamente en casos excepcionales y de imperiosa necesidad podr\u00e1 ampliarse el plazo en tres d\u00edas.<\/p>\n<p style=\"text-align: justify;\">Se garantizar\u00e1 que no se produzcan represalias contra las personas que denuncien, atestig\u00fcen, ayuden o participen en investigaciones de acoso, al igual que sobre las personas que se opongan o critiquen cualquier conducta de este tipo, ya sea sobre s\u00ed mismas o frente a terceras. La adopci\u00f3n de medidas que supongan un tratamiento desfavorable de alguno de los sujetos se\u00f1alados (personas denunciantes, testigos, o coadyuvantes) ser\u00e1n consideradas nulas.<\/p>\n<p style=\"text-align: justify;\">Si se hubieran producido represalias o existido perjuicio para la v\u00edctima o denunciantes del acoso durante el procedimiento, estas ser\u00e1n, como m\u00ednimo, restituidas en las condiciones en que se encontraban antes del mismo, sin perjuicio de cualesquiera otros procedimientos que quisieran iniciar a prop\u00f3sito de esta situaci\u00f3n y de las consecuencias que de ello se deriven.<\/p>\n<p style=\"text-align: justify;\">Si la Asesor\u00eda Confidencial o la Asesor\u00eda Externa no fuera capaz de acumular las pruebas necesarias para que la denuncia pueda ser declarada fundada, la persona denunciante, cuando esta sea la propia v\u00edctima, no podr\u00e1 ser obligada a trabajar contra<br \/>\nsu voluntad con la persona denunciada. La direcci\u00f3n de la empresa se compromete a facilitar el cambio de puesto de trabajo (para evitar contacto alguno con la persona denunciada), siempre que ello sea posible.<\/p>\n<p style=\"text-align: justify;\">La utilizaci\u00f3n de este procedimiento no impedir\u00e1 en absoluto que la v\u00edctima pueda recurrir, en el momento que considere conveniente, a la inspecci\u00f3n de trabajo o a la v\u00eda judicial a trav\u00e9s del procedimiento de tutela correspondiente. Asimismo, en el caso de que existan indicios de delito, la empresa trasladar\u00e1 de inmediato el conocimiento de esos hechos a las autoridades competentes.<\/p>\n<p style=\"text-align: justify;\">Aparte de trasladar el informe que pone fin al procedimiento al \u00f3rgano competente para que inicie, en su caso, el expediente disciplinario correspondiente, como resultado de la investigaci\u00f3n, cabr\u00eda proponer medidas preventivas para que la situaci\u00f3n no vuelva a repetirse, las cuales deber\u00e1n ser validadas en el Comit\u00e9 de seguridad y salud o a trav\u00e9s de cualquier otro \u00f3rgano de representaci\u00f3n de las personas trabajadoras con competencias sobre la materia.<\/p>\n<p style=\"text-align: justify;\">Con un objetivo disuasorio, del resultado de la investigaci\u00f3n realizada y del expediente sancionador, se dar\u00e1 conocimiento suficiente en el \u00e1mbito en que la actuaci\u00f3n sancionada fue llevada a cabo, respetando \u2013 en todo caso \u2013 el derecho a la intimidad de la\/s personas afectadas.<\/p>\n<p style=\"text-align: justify;\">6. Las sanciones<br \/>\nLos actos y conductas constitutivas de acoso sexual, acoso por raz\u00f3n de sexo y acoso por orientaci\u00f3n sexual e identidad y expresi\u00f3n de g\u00e9nero constituyen incumplimientos laborales objeto de sanci\u00f3n disciplinaria grave o muy grave. En todo caso, para la calificaci\u00f3n de las faltas y para la imposici\u00f3n de sanciones, se estar\u00e1 a lo previsto en el convenio colectivo de aplicaci\u00f3n o en el instrumento negociado equivalente. Por su parte, y con la finalidad de valorar la gravedad de los hechos y determinar las sanciones que, en su caso, pudieran imponerse, se tendr\u00e1n como circunstancias agravantes\u00a0 aquellas situaciones en las que:<\/p>\n<p style=\"text-align: justify;\">A. El abuso de situaci\u00f3n de superioridad jer\u00e1rquica o que persona que comete el acoso tenga poder de decisi\u00f3n sobre las condiciones de trabajo de la v\u00edctima o sobre la propia relaci\u00f3n laboral.<\/p>\n<p style=\"text-align: justify;\">B. La reiteraci\u00f3n de las conductas ofensivas despu\u00e9s de que la v\u00edctima hubiera utilizado los procedimientos de soluci\u00f3n<\/p>\n<p style=\"text-align: justify;\">C. La persona que comete el acoso es reincidente en la comisi\u00f3n de actos de acoso sexual y\/o por raz\u00f3n de sexo por orientaci\u00f3n sexual e identidad y expresi\u00f3n de g\u00e9nero\u00bb.<\/p>\n<p style=\"text-align: justify;\">D. Existan dos o m\u00e1s v\u00edctimas.<\/p>\n<p style=\"text-align: justify;\">E. La v\u00edctima sufra alg\u00fan tipo de discapacidad f\u00edsica, ps\u00edquica o sensorial.<\/p>\n<p style=\"text-align: justify;\">F. Cuando el estado psicol\u00f3gico o f\u00edsico de la v\u00edctima haya sufrido graves alteraciones m\u00e9dicamente acreditadas.<\/p>\n<p style=\"text-align: justify;\">G. Se demuestren conductas intimidatorias o represalias por parte de la persona agresora hacia la v\u00edctima, testigos o Asesor\u00eda Confidencial.<\/p>\n<p style=\"text-align: justify;\">H. Que el acoso se produzca durante el proceso de selecci\u00f3n o promoci\u00f3n del personal.<\/p>\n<p style=\"text-align: justify;\">I. Se ejerzan presiones o coacciones sobre la v\u00edctima, testigos o personas de su entorno laboral o familiar con el objeto de evitar o entorpecer el buen fin de la investigaci\u00f3n.<\/p>\n<p style=\"text-align: justify;\">J. La situaci\u00f3n de contrataci\u00f3n temporal, interinidad, per\u00edodo de prueba, situaci\u00f3n de becario\/a o realizaci\u00f3n de pr\u00e1cticas por parte de la v\u00edctima.<\/p>\n<p style=\"text-align: justify;\">Las Sanciones correspondientes en funci\u00f3n del principio de proporcionalidad suelen ser las recogidas en el convenio del metal de Bizkaia.<\/p>\n<p style=\"text-align: justify;\">\u2014 Traslado forzoso temporal o definitivo.<br \/>\n\u2014 Suspensi\u00f3n de empleo y sueldo.<br \/>\n\u2014 P\u00e9rdida temporal o definitiva del nivel profesional laboral.<br \/>\n\u2014 Despido disciplinario.<\/p>\n<p style=\"text-align: justify;\">Cuando en aplicaci\u00f3n del procedimiento instaurado en el protocolo y tras la apertura del expediente disciplinario que desemboque en una sanci\u00f3n distinta a la del despido disciplinario de la persona acosadora, \u00e9sta quedar\u00e1 obligada a asistir a un curso formativo para poder cambiar actitudes machistas y acabar con las relaciones de poder. Estos cursos se gestionar\u00e1n desde la direcci\u00f3n de RRHH.<\/p>\n<p><a href=\"https:\/\/www.cgt-lkn.org\/afiliar\/public\/#!\/\"><img loading=\"lazy\" decoding=\"async\" class=\"size-full wp-image-9027 aligncenter\" src=\"https:\/\/www.cgt-lkn.org\/wp-content\/uploads\/sites\/20\/3021\/01\/afiliate-cgt-gato.jpg\" alt=\"\" width=\"225\" height=\"225\" srcset=\"https:\/\/www.cgt-lkn.org\/bizkaia-gestamp\/wp-content\/uploads\/sites\/20\/3021\/01\/afiliate-cgt-gato.jpg 225w, https:\/\/www.cgt-lkn.org\/bizkaia-gestamp\/wp-content\/uploads\/sites\/20\/3021\/01\/afiliate-cgt-gato-150x150.jpg 150w\" sizes=\"auto, (max-width: 225px) 100vw, 225px\" \/><\/a><\/p>\n<p style=\"text-align: center;\"><strong><a href=\"https:\/\/www.cgt-lkn.org\/afiliar\/public\/#!\/\">AF\u00cdLIATE!!<\/a><\/strong><\/p>\n<p style=\"text-align: justify;\">7. Apoyo a la persona acosada<\/p>\n<p style=\"text-align: justify;\">En atenci\u00f3n a la legislaci\u00f3n sobre Seguridad Social, todas las bajas m\u00e9dicas consecuencia de las conductas perseguidas en este Protocolo, deben ser reconocidas y tramitadas como accidentes de trabajo, poniendo la empresa todos los medios a su disposici\u00f3n para que este registro se lleve a cabo.<\/p>\n<p style=\"text-align: justify;\">En consecuencia, la atenci\u00f3n m\u00e9dica y psicol\u00f3gica que pudiera requerir la persona afectada ser\u00e1 prestada por la mutua o al servicio sanitario p\u00fablico encargado de gestionar las contingencias profesionales.<\/p>\n<p style=\"text-align: justify;\">En todo caso, los gastos m\u00e9dicos o de otra \u00edndole que se deriven de la necesaria reparaci\u00f3n de los da\u00f1os causados por la conducta de acoso sexual, ser\u00e1n a cargo de la empresa, sin perjuicio de la reclamaci\u00f3n de da\u00f1os y perjuicios que pudiera interponer, en su caso, la persona objeto de acoso sexual.<\/p>\n<p style=\"text-align: justify;\">El servicio de prevenci\u00f3n estimar\u00e1 la oportunidad de atender el entorno laboral de la persona acosada y actuar\u00e1 en su caso.<\/p>\n<p style=\"text-align: justify;\">La aplicaci\u00f3n de este Procedimiento no excluye la denuncia penal o civil de la v\u00edctima del acoso sexual, acoso por raz\u00f3n de sexo, acoso por orientaci\u00f3n sexual y acoso por expresi\u00f3n e identidad de g\u00e9nero, para lo cual la empresa ofrecer\u00e1 asesoramiento y apoyo judicial.<\/p>\n<p style=\"text-align: justify;\"><strong>8. Prevenci\u00f3n del acoso sexual, sexista o por raz\u00f3n de sexo y el acoso por orientaci\u00f3n <\/strong><strong>sexual e identidad y expresi\u00f3n de g\u00e9nero<\/strong><\/p>\n<p style=\"text-align: justify;\">8.1. Pol\u00edtica de difusi\u00f3n<br \/>\nEs absolutamente necesario garantizar el conocimiento de este Protocolo por parte de todo el personal afectado. Los instrumentos de divulgaci\u00f3n ser\u00e1n, entre otros que se consideren oportunos, facilitar el protocolo junto con el manual de acogida en la empresa o como parte del mismo, el env\u00edo de circular a todos los trabajadores y trabajadoras y su publicaci\u00f3n en la intranet si existe esta forma de comunicaci\u00f3n en la empresa. Si no existiera, la divulgaci\u00f3n se realizar\u00e1 mediante los tablones de anuncios o mediante correo electr\u00f3nico. En el documento de divulgaci\u00f3n, se har\u00e1 constar el nombre, tel\u00e9fono y la direcci\u00f3n y la direcci\u00f3n f\u00edsica y de correo electr\u00f3nico de contacto de la Asesor\u00eda Confidencial, que deber\u00e1 mantenerse actualizada.<\/p>\n<p style=\"text-align: justify;\">En el marco de la coordinaci\u00f3n de actividades (art\u00edculo 24 LPRL), se facilitar\u00e1 el protocolo a toda empresa con la que se contrate o subcontrate cualquier prestaci\u00f3n de servicio y a los\/as trabajadores\/as aut\u00f3nomos\/as.<\/p>\n<p style=\"text-align: justify;\">8.2. Formaci\u00f3n e informaci\u00f3n<br \/>\nSe garantizar\u00e1 que la informaci\u00f3n y formaci\u00f3n en materia de Igualdad y Prevenci\u00f3n de Riesgos Laborales incluyan la formaci\u00f3n adecuada sobre:<\/p>\n<p style=\"text-align: justify;\">\u2014 La identificaci\u00f3n de las conductas constitutivas de acoso sexual, acoso por raz\u00f3n de sexo y acoso por orientaci\u00f3n sexual e identidad y expresi\u00f3n de g\u00e9nero.<br \/>\n\u2014 Los efectos que producen en la salud de las personas en general y de las mujeres en particular, indicando los efectos discriminatorios que producen en las condiciones laborales de quienes las soportan.<br \/>\n\u2014 Formaci\u00f3n completa, peri\u00f3dica y permanente sobre prevenci\u00f3n del acoso sexual, acoso por raz\u00f3n de sexo y acoso por orientaci\u00f3n sexual e identidad y expresi\u00f3n de g\u00e9nero, en la que se recoja el contenido de este protocolo, dirigida a todo el personal de la empresa incluyendo al personal subcontratado, becarios y becarias, personal en pr\u00e1cticas, etc.<br \/>\n\u2014 Formaci\u00f3n de la direcci\u00f3n, cargos, y responsables en detecci\u00f3n y gesti\u00f3n de los casos, as\u00ed como en din\u00e1micas de sensibilizaci\u00f3n en materia de acoso sexual y en prevenci\u00f3n primaria del acoso sexual.<\/p>\n<p style=\"text-align: justify;\">\u2014 Capacitaci\u00f3n en prevenci\u00f3n e intervenci\u00f3n ante el acoso sexual, acoso por raz\u00f3n de sexo o acoso por orientaci\u00f3n sexual e identidad y expresi\u00f3n de g\u00e9nero e informaci\u00f3n sobre este protocolo a los servicios de prevenci\u00f3n y agentes con responsabilidad en prevenci\u00f3n de riesgos laborales y en formaci\u00f3n, incluidas las y los delegados de prevenci\u00f3n, as\u00ed como a las personas participantes de la Comisi\u00f3n de Investigaci\u00f3n no incluidas entre las anteriores.<br \/>\n\u2014 Establecer instrumentos de identificaci\u00f3n precoz de conflictos y procedimientos para la resoluci\u00f3n de los mismos. Adem\u00e1s de proporcionar una formaci\u00f3n adecuada en prevenci\u00f3n y resoluci\u00f3n de conflictos, especialmente dirigida a responsables de equipos de personas, para que puedan reconocer y atajar los posibles conflictos en su origen.<br \/>\n\u2014 Organizar actividades formativas espec\u00edficas para colectivos de responsables de unidades u \u00f3rganos involucrados en la prevenci\u00f3n y gesti\u00f3n de los casos de acoso, por un lado, y para representantes sindicales, por otro, en las que se suministre informaci\u00f3n suficiente para dar a conocer la filosof\u00eda asumida por la empresa en cuanto a la no tolerancia de determinados comportamientos vinculados al acoso laboral, sexual, sexista o por raz\u00f3n de sexo y acoso por orientaci\u00f3n sexual e identidad y expresi\u00f3n de g\u00e9nero y en cuanto a los procedimientos que se establezcan para su prevenci\u00f3n y\/o resoluci\u00f3n.<br \/>\n\u2014 Elaborar documentos divulgativos sobre el riesgo y las medidas preventivas y hacer una amplia difusi\u00f3n.<br \/>\n\u2014 Realizar sesiones de informaci\u00f3n a todo el personal para explicarle sus derechos, los reglamentos y las leyes que lo protegen, las sanciones establecidas y el procedimiento para activar el protocolo. As\u00ed mismo, informar de las responsabilidades en que se podr\u00e1 incurrir en caso de denuncias falsas o improcedentes.<br \/>\n\u2014 Establecer alg\u00fan sistema (buz\u00f3n del empleado, correo electr\u00f3nico o tel\u00e9fono) donde se puedan realizar consultas y recibir asesoramiento informativo sobre acoso de forma an\u00f3nima.<br \/>\n\u2014 Informar sobre la existencia de herramientas que, en su caso, pudieran ser utilizadas por las personas presuntamente acosadas para dejar constancia de las situaciones concretas del presunto acoso.<\/p>\n<p style=\"text-align: justify;\">9. Evaluaci\u00f3n y seguimiento<br \/>\nLa Asesor\u00eda Confidencial llevar\u00e1 el control de las denuncias presentadas y de la resoluci\u00f3n de los expedientes con el objetivo de realizar anualmente un informe de seguimiento sobre la aplicaci\u00f3n del presente Protocolo. En atenci\u00f3n a dicho informe se adoptar\u00e1n las medidas necesarias para subsanar los fallos detectados, as\u00ed como para la mejora en su aplicaci\u00f3n.<\/p>\n<p style=\"text-align: justify;\">Este informe se presentar\u00e1 a la direcci\u00f3n, a los \u00f3rganos de representaci\u00f3n unitaria y sindical del personal y a los \u00f3rganos de representaci\u00f3n en materia de prevenci\u00f3n de riesgos laborales y de igualdad.<\/p>\n<p style=\"text-align: justify;\">10. Vigencia del protocolo<br \/>\nEste Protocolo estar\u00e1 en vigor y ser\u00e1 aplicable desde su firma mientras no exista otro que mediante nuevo acuerdo lo sustituya.<\/p>\n<p style=\"text-align: justify;\">El presente protocolo de acoso sexual, acoso por raz\u00f3n de sexo, acoso por orientaci\u00f3n sexual e identidad y expresi\u00f3n de g\u00e9nero guarda coherencia con el c\u00f3digo de conducta de Gestamp. Dentro del c\u00f3digo de conducta de Gestamp, se contempla que, en caso de tener conocimiento de un hecho pudiera constituir una violaci\u00f3n del c\u00f3digo de conducta, se debe de notificar a su superior jer\u00e1rquico o a la direcci\u00f3n de RRHH.; al igual que en el presente protocolo se recoge que se debe notificar a la empresa.<\/p>\n<p style=\"text-align: center;\"><strong>ANEXO I<\/strong><br \/>\n<strong>ESQUEMA DEL PROCEDIMIENTO<\/strong><\/p>\n<p style=\"text-align: center;\"><a href=\"https:\/\/www.cgt-lkn.org\/wp-content\/uploads\/sites\/20\/2021\/02\/Procedimiento-informal-acoso-sexual-gestamp-Bizkaia.jpg\"><img loading=\"lazy\" decoding=\"async\" class=\"alignnone wp-image-9495\" src=\"https:\/\/www.cgt-lkn.org\/wp-content\/uploads\/sites\/20\/2021\/02\/Procedimiento-informal-acoso-sexual-gestamp-Bizkaia-300x214.jpg\" alt=\"\" width=\"810\" height=\"578\" srcset=\"https:\/\/www.cgt-lkn.org\/bizkaia-gestamp\/wp-content\/uploads\/sites\/20\/2021\/02\/Procedimiento-informal-acoso-sexual-gestamp-Bizkaia-300x214.jpg 300w, https:\/\/www.cgt-lkn.org\/bizkaia-gestamp\/wp-content\/uploads\/sites\/20\/2021\/02\/Procedimiento-informal-acoso-sexual-gestamp-Bizkaia.jpg 600w\" sizes=\"auto, (max-width: 810px) 100vw, 810px\" \/><\/a><\/p>\n<p>&nbsp;<\/p>\n<p><a href=\"https:\/\/www.cgt-lkn.org\/wp-content\/uploads\/sites\/20\/2021\/02\/Procedimiento-Formal-acoso-sexual-gestamp-Bizkaia.jpg\"><img loading=\"lazy\" decoding=\"async\" class=\"alignnone wp-image-9496\" src=\"https:\/\/www.cgt-lkn.org\/wp-content\/uploads\/sites\/20\/2021\/02\/Procedimiento-Formal-acoso-sexual-gestamp-Bizkaia-300x236.jpg\" alt=\"\" width=\"925\" height=\"728\" srcset=\"https:\/\/www.cgt-lkn.org\/bizkaia-gestamp\/wp-content\/uploads\/sites\/20\/2021\/02\/Procedimiento-Formal-acoso-sexual-gestamp-Bizkaia-300x236.jpg 300w, https:\/\/www.cgt-lkn.org\/bizkaia-gestamp\/wp-content\/uploads\/sites\/20\/2021\/02\/Procedimiento-Formal-acoso-sexual-gestamp-Bizkaia.jpg 600w\" sizes=\"auto, (max-width: 925px) 100vw, 925px\" \/><\/a><\/p>\n<p><a href=\"https:\/\/t.me\/CGTGestampBizkaia\"><img loading=\"lazy\" decoding=\"async\" class=\"aligncenter wp-image-7155 size-medium\" src=\"https:\/\/www.cgt-lkn.org\/wp-content\/uploads\/sites\/20\/2020\/08\/canal-telegram-300x169.jpg\" alt=\"\" width=\"300\" height=\"169\" srcset=\"https:\/\/www.cgt-lkn.org\/bizkaia-gestamp\/wp-content\/uploads\/sites\/20\/2020\/08\/canal-telegram-300x169.jpg 300w, https:\/\/www.cgt-lkn.org\/bizkaia-gestamp\/wp-content\/uploads\/sites\/20\/2020\/08\/canal-telegram-150x85.jpg 150w, https:\/\/www.cgt-lkn.org\/bizkaia-gestamp\/wp-content\/uploads\/sites\/20\/2020\/08\/canal-telegram-400x225.jpg 400w, https:\/\/www.cgt-lkn.org\/bizkaia-gestamp\/wp-content\/uploads\/sites\/20\/2020\/08\/canal-telegram.jpg 600w\" sizes=\"auto, (max-width: 300px) 100vw, 300px\" \/><\/a><\/p>\n<h3 style=\"text-align: center;\"><strong>ANEXO II<\/strong><br \/>\n<strong>LA ASESOR\u00cdA CONFIDENCIAL<\/strong><\/h3>\n<p style=\"text-align: justify;\">La Asesor\u00eda Confidencial la formar\u00e1n la persona o las personas que tramitar\u00e1n directamente la denuncia de acoso sexual o acoso por raz\u00f3n de sexo, es decir, la persona encargada de gestionar y tramitar las quejas y denuncias.<\/p>\n<p style=\"text-align: justify;\">Habr\u00e1 que indicar qu\u00e9 persona ser\u00e1 la competente como receptora de las denuncias, y de este modo instituir\u00e1n la Asesor\u00eda Confidencial.<\/p>\n<p style=\"text-align: justify;\">Asistir\u00e1 e informar\u00e1 a la v\u00edctima sobre sus derechos y sobre las diferentes formas de actuaci\u00f3n posible conforme a lo dispuesto en el protocolo.<\/p>\n<p style=\"text-align: justify;\">Habr\u00e1 que realizar un nombramiento y confecci\u00f3n del listado de personas que constituyan la Asesor\u00eda Confidencial, y estas deber\u00e1n ser preferentemente mujeres.<\/p>\n<p style=\"text-align: justify;\">Esta la convocar\u00e1 la Comisi\u00f3n de igualdad y la integraran:<\/p>\n<p style=\"text-align: justify;\">\u2014 Una persona de la parte sindical.<br \/>\n\u2014 Una persona de prevenci\u00f3n riegos laborables y salud.<br \/>\n\u2014 Una persona por parte de la empresa.<\/p>\n<p style=\"text-align: justify;\">La Asesor\u00eda Confidencial podr\u00e1 crearse en dos momentos diferentes, y esto deber\u00e1 estar estipulado en el protocolo:<br \/>\n\u2014 La Asesor\u00eda Confidencial se crear\u00e1 junto con el Protocolo por acoso sexual y acoso<br \/>\npor raz\u00f3n de sexo y por orientaci\u00f3n sexual y\/o identidad y expresi\u00f3n de g\u00e9nero.<br \/>\n\u2014 La Asesor\u00eda Confidencial se crear\u00e1 en el momento que se presente la queja o la<br \/>\ndenuncia.<\/p>\n<p style=\"text-align: justify;\">Cuando cualquiera de las partes tenga un conflicto de intereses para con las personas afectadas, estas deber\u00e1n ser apartadas de la Asesor\u00eda Confidencial de manera inmediata.<\/p>\n<p style=\"text-align: center;\"><a href=\"https:\/\/www.cgt-lkn.org\/wp-content\/uploads\/sites\/20\/2021\/02\/Asesoria-confidencial-acoso-sexual-gestamp-Bizkaia.jpg\"><img loading=\"lazy\" decoding=\"async\" class=\"alignnone wp-image-9497\" src=\"https:\/\/www.cgt-lkn.org\/wp-content\/uploads\/sites\/20\/2021\/02\/Asesoria-confidencial-acoso-sexual-gestamp-Bizkaia-300x252.jpg\" alt=\"\" width=\"733\" height=\"616\" srcset=\"https:\/\/www.cgt-lkn.org\/bizkaia-gestamp\/wp-content\/uploads\/sites\/20\/2021\/02\/Asesoria-confidencial-acoso-sexual-gestamp-Bizkaia-300x252.jpg 300w, https:\/\/www.cgt-lkn.org\/bizkaia-gestamp\/wp-content\/uploads\/sites\/20\/2021\/02\/Asesoria-confidencial-acoso-sexual-gestamp-Bizkaia.jpg 600w\" sizes=\"auto, (max-width: 733px) 100vw, 733px\" \/><\/a><\/p>\n<h3 style=\"text-align: justify;\">ANEXO III<br \/>\nREFERENCIA A LOS CUATRO TIPOS DE ACOSO<\/h3>\n<p style=\"text-align: justify;\">En cualquiera de los puntos que aparecen en este protocolo, nos referimos a los cuatro\u00a0 tipos de acoso: acoso sexual, acoso por raz\u00f3n de sexo, acoso por orientaci\u00f3n sexual e identidad y expresi\u00f3n de g\u00e9nero.<\/p>\n<p><strong>Para recibir las noticias <\/strong><strong>\u00a0<a href=\"mailto:gestamp@cgt-lkn.eus\">gestamp@cgt-lkn.eus<\/a>\u00a0<\/strong>escribenos y te a\u00f1adimos a la lista oculta de correos<\/p>\n<div class=\"post-headline\">\n<p><a href=\"https:\/\/www.cgt-lkn.org\/bizkaia-gestamp\/contacto\/gestamp@cgt-lkn.eus\"><img loading=\"lazy\" decoding=\"async\" class=\"wp-image-9174 aligncenter\" src=\"https:\/\/www.cgt-lkn.org\/wp-content\/uploads\/sites\/20\/2023\/09\/correo-email.jpg\" alt=\"\" width=\"189\" height=\"170\" \/><\/a><\/p>\n<\/div>\n<p><a href=\"https:\/\/www.cgt-lkn.org\/afiliar\/public\/#!\/\"><img loading=\"lazy\" decoding=\"async\" class=\"aligncenter wp-image-7505 size-medium\" src=\"https:\/\/www.cgt-lkn.org\/wp-content\/uploads\/sites\/20\/2021\/01\/afiliate-CGT-204x300.jpg\" alt=\"\" width=\"204\" height=\"300\" srcset=\"https:\/\/www.cgt-lkn.org\/bizkaia-gestamp\/wp-content\/uploads\/sites\/20\/2021\/01\/afiliate-CGT-204x300.jpg 204w, https:\/\/www.cgt-lkn.org\/bizkaia-gestamp\/wp-content\/uploads\/sites\/20\/2021\/01\/afiliate-CGT.jpg 544w\" sizes=\"auto, (max-width: 204px) 100vw, 204px\" \/><\/a><\/p>\n<p>&nbsp;<\/p>\n<p><a href=\"https:\/\/t.me\/CGTGestampBizkaia\"><img loading=\"lazy\" decoding=\"async\" class=\"aligncenter wp-image-7155 size-medium\" src=\"https:\/\/www.cgt-lkn.org\/wp-content\/uploads\/sites\/20\/2020\/08\/canal-telegram-300x169.jpg\" alt=\"\" width=\"300\" height=\"169\" srcset=\"https:\/\/www.cgt-lkn.org\/bizkaia-gestamp\/wp-content\/uploads\/sites\/20\/2020\/08\/canal-telegram-300x169.jpg 300w, https:\/\/www.cgt-lkn.org\/bizkaia-gestamp\/wp-content\/uploads\/sites\/20\/2020\/08\/canal-telegram-150x85.jpg 150w, https:\/\/www.cgt-lkn.org\/bizkaia-gestamp\/wp-content\/uploads\/sites\/20\/2020\/08\/canal-telegram-400x225.jpg 400w, https:\/\/www.cgt-lkn.org\/bizkaia-gestamp\/wp-content\/uploads\/sites\/20\/2020\/08\/canal-telegram.jpg 600w\" sizes=\"auto, (max-width: 300px) 100vw, 300px\" \/><\/a><\/p>\n<p>&nbsp;<\/p>\n","protected":false},"excerpt":{"rendered":"<p>Ponemos a tu disposici\u00f3n el convenio. \u00a0Si tienes alguna duda consulta con los delegados de CGT-LKN, estaremos encantados de atenderte. S\u24b6lud<\/p>\n","protected":false},"author":72,"featured_media":3099,"comment_status":"closed","ping_status":"open","sticky":false,"template":"","format":"standard","meta":{"footnotes":"","_links_to":"","_links_to_target":""},"categories":[7,13,79,15,43,23],"tags":[198,165,330],"class_list":["post-7651","post","type-post","status-publish","format-standard","has-post-thumbnail","hentry","category-comunicados","category-gestamp","category-gestamp-bizkaia","category-informacion-y-documentos","category-otras-publicaciones","category-publicaciones","tag-convenio","tag-gestamp","tag-permisos"],"publishpress_future_action":{"enabled":false,"date":"2026-05-07 04:42:36","action":"change-status","newStatus":"draft","terms":[],"taxonomy":"category","extraData":[]},"publishpress_future_workflow_manual_trigger":{"enabledWorkflows":[]},"_links":{"self":[{"href":"https:\/\/www.cgt-lkn.org\/bizkaia-gestamp\/wp-json\/wp\/v2\/posts\/7651","targetHints":{"allow":["GET"]}}],"collection":[{"href":"https:\/\/www.cgt-lkn.org\/bizkaia-gestamp\/wp-json\/wp\/v2\/posts"}],"about":[{"href":"https:\/\/www.cgt-lkn.org\/bizkaia-gestamp\/wp-json\/wp\/v2\/types\/post"}],"author":[{"embeddable":true,"href":"https:\/\/www.cgt-lkn.org\/bizkaia-gestamp\/wp-json\/wp\/v2\/users\/72"}],"replies":[{"embeddable":true,"href":"https:\/\/www.cgt-lkn.org\/bizkaia-gestamp\/wp-json\/wp\/v2\/comments?post=7651"}],"version-history":[{"count":52,"href":"https:\/\/www.cgt-lkn.org\/bizkaia-gestamp\/wp-json\/wp\/v2\/posts\/7651\/revisions"}],"predecessor-version":[{"id":9499,"href":"https:\/\/www.cgt-lkn.org\/bizkaia-gestamp\/wp-json\/wp\/v2\/posts\/7651\/revisions\/9499"}],"wp:featuredmedia":[{"embeddable":true,"href":"https:\/\/www.cgt-lkn.org\/bizkaia-gestamp\/wp-json\/wp\/v2\/media\/3099"}],"wp:attachment":[{"href":"https:\/\/www.cgt-lkn.org\/bizkaia-gestamp\/wp-json\/wp\/v2\/media?parent=7651"}],"wp:term":[{"taxonomy":"category","embeddable":true,"href":"https:\/\/www.cgt-lkn.org\/bizkaia-gestamp\/wp-json\/wp\/v2\/categories?post=7651"},{"taxonomy":"post_tag","embeddable":true,"href":"https:\/\/www.cgt-lkn.org\/bizkaia-gestamp\/wp-json\/wp\/v2\/tags?post=7651"}],"curies":[{"name":"wp","href":"https:\/\/api.w.org\/{rel}","templated":true}]}}