{"id":7644,"date":"2021-02-21T09:53:41","date_gmt":"2021-02-21T08:53:41","guid":{"rendered":"https:\/\/www.cgt-lkn.org\/bizkaia\/gestamp\/?p=7644"},"modified":"2021-03-02T19:16:31","modified_gmt":"2021-03-02T18:16:31","slug":"cgt-exige-al-gobierno-de-psoe-up-la-aplicacion-del-articulo-35-2-del-e-t-sobre-supresion-de-las-horas-extras","status":"publish","type":"post","link":"https:\/\/www.cgt-lkn.org\/bizkaia-gestamp\/2021\/02\/21\/cgt-exige-al-gobierno-de-psoe-up-la-aplicacion-del-articulo-35-2-del-e-t-sobre-supresion-de-las-horas-extras\/","title":{"rendered":"CGT exige al Gobierno de PSOE-UP la aplicaci\u00f3n del art\u00edculo 35.2 del E.T. sobre supresi\u00f3n de las horas extras"},"content":{"rendered":"<p>La Confederaci\u00f3n General del Trabajo (CGT) se ha dirigido al Gobierno de S\u00e1nchez e Iglesias para volver a exigir la aplicaci\u00f3n inmediata del art\u00edculo 35.2 del Estatuto de los Trabajadores, en relaci\u00f3n a la supresi\u00f3n de las horas extras.<\/p>\n<p>Seg\u00fan CGT en este escrito, en los \u00faltimos meses se ha desatado una grave crisis econ\u00f3mica, social y laboral, a ra\u00edz de la expansi\u00f3n de la pandemia de Covid-19, que est\u00e1 siendo aprovechada por las grandes multinacionales para aplicar recortes en sus plantillas, que inciden a su vez en los derechos laborales y sociales de miles de personas ante un futuro muy incierto.<\/p>\n<p>Desde CGT recuerdan que llevan much\u00edsimos a\u00f1os denunciando que la realizaci\u00f3n de horas extras es un atentado contra el empleo, precisamente porque esas bolsas de horas, las jornadas en festivos o los calendarios hiperflexibilizados que han sido firmados por los sindicatos mayoritarios, destruyen el empleo, precarizan el existente y fomentan el sobreesfuerzo para las personas trabajadoras. En concreto, desde FESIM CGT indican que, durante la pandemia de Covid-19, con casi un mill\u00f3n de personas acogidas a ERTE y el aumento del paro, las horas extras se han multiplicado alarmantemente porque se ha obligado a muchas personas a hacerlas como pr\u00e1ctica habitual.<\/p>\n<p>CGT considera que esta realidad supone que miles de personas no puedan acceder al mercado laboral, y por lo tanto la riqueza no se pueda redistribuir de una manera m\u00e1s justa entre quienes peor lo est\u00e1n pasando y soportan siempre el peso de cada \u201ccrisis\u201d econ\u00f3mica.<\/p>\n<p><a href=\"https:\/\/t.me\/CGTGestampBizkaia\"><img loading=\"lazy\" decoding=\"async\" class=\"aligncenter wp-image-7155 size-medium\" src=\"https:\/\/www.cgt-lkn.org\/wp-content\/uploads\/sites\/20\/2020\/08\/canal-telegram-300x169.jpg\" alt=\"\" width=\"300\" height=\"169\" srcset=\"https:\/\/www.cgt-lkn.org\/bizkaia-gestamp\/wp-content\/uploads\/sites\/20\/2020\/08\/canal-telegram-300x169.jpg 300w, https:\/\/www.cgt-lkn.org\/bizkaia-gestamp\/wp-content\/uploads\/sites\/20\/2020\/08\/canal-telegram-150x85.jpg 150w, https:\/\/www.cgt-lkn.org\/bizkaia-gestamp\/wp-content\/uploads\/sites\/20\/2020\/08\/canal-telegram-400x225.jpg 400w, https:\/\/www.cgt-lkn.org\/bizkaia-gestamp\/wp-content\/uploads\/sites\/20\/2020\/08\/canal-telegram.jpg 600w\" sizes=\"auto, (max-width: 300px) 100vw, 300px\" \/><\/a><\/p>\n<p>&nbsp;<\/p>\n<p><a href=\"https:\/\/www.cgt-lkn.org\/bizkaia-gestamp\/2016\/03\/02\/whatsapp\/\"><img loading=\"lazy\" decoding=\"async\" class=\"aligncenter wp-image-4284 size-full\" src=\"https:\/\/www.cgt-lkn.org\/wp-content\/uploads\/sites\/20\/2016\/03\/WASAP-CGT-GESTAMP.jpg\" alt=\"\" width=\"283\" height=\"121\" srcset=\"https:\/\/www.cgt-lkn.org\/bizkaia-gestamp\/wp-content\/uploads\/sites\/20\/2016\/03\/WASAP-CGT-GESTAMP.jpg 283w, https:\/\/www.cgt-lkn.org\/bizkaia-gestamp\/wp-content\/uploads\/sites\/20\/2016\/03\/WASAP-CGT-GESTAMP-150x64.jpg 150w\" sizes=\"auto, (max-width: 283px) 100vw, 283px\" \/><\/a><\/p>\n<p>&nbsp;<\/p>\n<p><a href=\"https:\/\/www.cgt-lkn.org\/afiliar\/public\/#!\/\"><img loading=\"lazy\" decoding=\"async\" class=\"aligncenter wp-image-7505 size-medium\" src=\"https:\/\/www.cgt-lkn.org\/wp-content\/uploads\/sites\/20\/2021\/01\/afiliate-CGT-204x300.jpg\" alt=\"\" width=\"204\" height=\"300\" srcset=\"https:\/\/www.cgt-lkn.org\/bizkaia-gestamp\/wp-content\/uploads\/sites\/20\/2021\/01\/afiliate-CGT-204x300.jpg 204w, https:\/\/www.cgt-lkn.org\/bizkaia-gestamp\/wp-content\/uploads\/sites\/20\/2021\/01\/afiliate-CGT.jpg 544w\" sizes=\"auto, (max-width: 204px) 100vw, 204px\" \/><\/a><\/p>\n","protected":false},"excerpt":{"rendered":"<p>Desde CGT recuerdan que llevan much\u00edsimos a\u00f1os denunciando que la realizaci\u00f3n de horas extras es un atentado contra el empleo, precisamente porque esas bolsas de horas, las jornadas en festivos o los calendarios hiperflexibilizados que han sido firmados por los sindicatos mayoritarios, destruyen el empleo, precarizan el existente y fomentan el sobreesfuerzo para las personas trabajadoras. En concreto, desde FESIM CGT indican que, durante la pandemia de Covid-19, con casi un mill\u00f3n de personas acogidas a ERTE y el aumento del paro, las horas extras se han multiplicado alarmantemente porque se ha obligado a muchas personas a hacerlas como pr\u00e1ctica habitual.<\/p>\n","protected":false},"author":72,"featured_media":7645,"comment_status":"closed","ping_status":"open","sticky":false,"template":"","format":"standard","meta":{"footnotes":"","_links_to":"","_links_to_target":""},"categories":[30,5,7,27,28],"tags":[87,85,209,210,169],"class_list":["post-7644","post","type-post","status-publish","format-standard","has-post-thumbnail","hentry","category-accion-directa","category-automocion","category-comunicados","category-sindical","category-social","tag-comunicado","tag-crisis","tag-horas-extra","tag-paro","tag-reparto-del-trabajo"],"publishpress_future_action":{"enabled":false,"date":"2026-05-04 15:45:04","action":"change-status","newStatus":"draft","terms":[],"taxonomy":"category","extraData":[]},"publishpress_future_workflow_manual_trigger":{"enabledWorkflows":[]},"_links":{"self":[{"href":"https:\/\/www.cgt-lkn.org\/bizkaia-gestamp\/wp-json\/wp\/v2\/posts\/7644","targetHints":{"allow":["GET"]}}],"collection":[{"href":"https:\/\/www.cgt-lkn.org\/bizkaia-gestamp\/wp-json\/wp\/v2\/posts"}],"about":[{"href":"https:\/\/www.cgt-lkn.org\/bizkaia-gestamp\/wp-json\/wp\/v2\/types\/post"}],"author":[{"embeddable":true,"href":"https:\/\/www.cgt-lkn.org\/bizkaia-gestamp\/wp-json\/wp\/v2\/users\/72"}],"replies":[{"embeddable":true,"href":"https:\/\/www.cgt-lkn.org\/bizkaia-gestamp\/wp-json\/wp\/v2\/comments?post=7644"}],"version-history":[{"count":2,"href":"https:\/\/www.cgt-lkn.org\/bizkaia-gestamp\/wp-json\/wp\/v2\/posts\/7644\/revisions"}],"predecessor-version":[{"id":7647,"href":"https:\/\/www.cgt-lkn.org\/bizkaia-gestamp\/wp-json\/wp\/v2\/posts\/7644\/revisions\/7647"}],"wp:featuredmedia":[{"embeddable":true,"href":"https:\/\/www.cgt-lkn.org\/bizkaia-gestamp\/wp-json\/wp\/v2\/media\/7645"}],"wp:attachment":[{"href":"https:\/\/www.cgt-lkn.org\/bizkaia-gestamp\/wp-json\/wp\/v2\/media?parent=7644"}],"wp:term":[{"taxonomy":"category","embeddable":true,"href":"https:\/\/www.cgt-lkn.org\/bizkaia-gestamp\/wp-json\/wp\/v2\/categories?post=7644"},{"taxonomy":"post_tag","embeddable":true,"href":"https:\/\/www.cgt-lkn.org\/bizkaia-gestamp\/wp-json\/wp\/v2\/tags?post=7644"}],"curies":[{"name":"wp","href":"https:\/\/api.w.org\/{rel}","templated":true}]}}