{"id":7607,"date":"2021-01-19T10:01:26","date_gmt":"2021-01-19T09:01:26","guid":{"rendered":"https:\/\/www.cgt-lkn.org\/bizkaia\/gestamp\/?p=7607"},"modified":"2021-01-19T08:17:50","modified_gmt":"2021-01-19T07:17:50","slug":"no-al-cierre-de-ford-en-brasil","status":"publish","type":"post","link":"https:\/\/www.cgt-lkn.org\/bizkaia-gestamp\/2021\/01\/19\/no-al-cierre-de-ford-en-brasil\/","title":{"rendered":"NO AL CIERRE DE FORD EN BRASIL"},"content":{"rendered":"<p>En los \u00faltimos d\u00edas, el capitalismo ha vuelto a mostrar su lado m\u00e1s salvaje en forma de agresi\u00f3n a la clase trabajadora. La multinacional automovil\u00edstica Ford, anuncia el cierre de todas sus plantas en Brasil y el traslado de la producci\u00f3n a otros pa\u00edses. Esta medida afecta a m\u00e1s de 5.000 trabajadoras y trabajadores de una manera directa y a muchos miles de personas, indirectamente.<\/p>\n<p>Si hace unos meses eran trabajadores y trabajadoras del estado espa\u00f1ol quienes se ve\u00edan afectadas por una decisi\u00f3n similar en Nissan Barcelona, esta vez las medidas salvajes de las grandes multinacionales atraviesan el charco, mostr\u00e1ndonos una vez m\u00e1s que no les importa ni el pa\u00eds, ni la situaci\u00f3n cr\u00edtica del momento, ni el n\u00famero de plantilla afectada por sus decisiones. Para estas empresas multinacionales lo \u00fanico realmente importante es el aumento de sus beneficios, sean cuales sean las consecuencias.<\/p>\n<p>Desde CGT, y m\u00e1s en concreto desde esta su Federaci\u00f3n Metal\u00fargica (FESIM), la respuesta ante este nuevo ataque a la clase trabajadora no puede ser otra que la de condenar con la mayor contundencia posible la medida que pretende llevar a cabo la multinacional Ford, y ponernos a la m\u00e1s absoluta disposici\u00f3n de las compa\u00f1eras y compa\u00f1eros Brasile\u00f1os para llevar a cabo las acciones que sean necesarias para que esta decisi\u00f3n sea\u00a0revocada.<\/p>\n<p>Desde hace d\u00e9cadas, esta Federaci\u00f3n mantiene una estrecha relaci\u00f3n con el sindicato brasile\u00f1o CSP-Conlutas, con quienes nos coordinaremos para llevar a cabo una respuesta contundente de la clase obrera a nivel internacional.<\/p>\n<p><strong><a href=\"https:\/\/fesimcgtmetal.org\/wp-content\/uploads\/2021\/01\/Apoyo-Ford-Brasil.pdf\">(descargar comunicado)<\/a><\/strong><\/p>\n","protected":false},"excerpt":{"rendered":"<p>Si hace unos meses eran trabajadores y trabajadoras del estado espa\u00f1ol quienes se ve\u00edan afectadas por una decisi\u00f3n similar en Nissan Barcelona, esta vez las medidas salvajes de las grandes multinacionales atraviesan el charco, mostr\u00e1ndonos una vez m\u00e1s que no les importa ni el pa\u00eds, ni la situaci\u00f3n cr\u00edtica del momento, ni el n\u00famero de plantilla afectada por sus decisiones. Para estas empresas multinacionales lo \u00fanico realmente importante es el aumento de sus beneficios, sean cuales sean las consecuencias.<\/p>\n","protected":false},"author":72,"featured_media":7608,"comment_status":"closed","ping_status":"open","sticky":false,"template":"","format":"standard","meta":{"footnotes":"","_links_to":"","_links_to_target":""},"categories":[8,10,27],"tags":[197,98,196,195,97],"class_list":["post-7607","post","type-post","status-publish","format-standard","has-post-thumbnail","hentry","category-coordinadora-de-automocion","category-ford","category-sindical","tag-apoyo-mutuo","tag-coordinadora-automocion","tag-fesim","tag-ford","tag-solidaridad"],"publishpress_future_action":{"enabled":false,"date":"2026-05-02 09:41:55","action":"change-status","newStatus":"draft","terms":[],"taxonomy":"category","extraData":[]},"publishpress_future_workflow_manual_trigger":{"enabledWorkflows":[]},"_links":{"self":[{"href":"https:\/\/www.cgt-lkn.org\/bizkaia-gestamp\/wp-json\/wp\/v2\/posts\/7607","targetHints":{"allow":["GET"]}}],"collection":[{"href":"https:\/\/www.cgt-lkn.org\/bizkaia-gestamp\/wp-json\/wp\/v2\/posts"}],"about":[{"href":"https:\/\/www.cgt-lkn.org\/bizkaia-gestamp\/wp-json\/wp\/v2\/types\/post"}],"author":[{"embeddable":true,"href":"https:\/\/www.cgt-lkn.org\/bizkaia-gestamp\/wp-json\/wp\/v2\/users\/72"}],"replies":[{"embeddable":true,"href":"https:\/\/www.cgt-lkn.org\/bizkaia-gestamp\/wp-json\/wp\/v2\/comments?post=7607"}],"version-history":[{"count":1,"href":"https:\/\/www.cgt-lkn.org\/bizkaia-gestamp\/wp-json\/wp\/v2\/posts\/7607\/revisions"}],"predecessor-version":[{"id":7609,"href":"https:\/\/www.cgt-lkn.org\/bizkaia-gestamp\/wp-json\/wp\/v2\/posts\/7607\/revisions\/7609"}],"wp:featuredmedia":[{"embeddable":true,"href":"https:\/\/www.cgt-lkn.org\/bizkaia-gestamp\/wp-json\/wp\/v2\/media\/7608"}],"wp:attachment":[{"href":"https:\/\/www.cgt-lkn.org\/bizkaia-gestamp\/wp-json\/wp\/v2\/media?parent=7607"}],"wp:term":[{"taxonomy":"category","embeddable":true,"href":"https:\/\/www.cgt-lkn.org\/bizkaia-gestamp\/wp-json\/wp\/v2\/categories?post=7607"},{"taxonomy":"post_tag","embeddable":true,"href":"https:\/\/www.cgt-lkn.org\/bizkaia-gestamp\/wp-json\/wp\/v2\/tags?post=7607"}],"curies":[{"name":"wp","href":"https:\/\/api.w.org\/{rel}","templated":true}]}}