{"id":7442,"date":"2021-01-02T11:35:58","date_gmt":"2021-01-02T10:35:58","guid":{"rendered":"https:\/\/www.cgt-lkn.org\/bizkaia\/gestamp\/?p=7442"},"modified":"2021-03-02T19:14:41","modified_gmt":"2021-03-02T18:14:41","slug":"tabla-retencion-en-nomina-2021-irpf","status":"publish","type":"post","link":"https:\/\/www.cgt-lkn.org\/bizkaia-gestamp\/2021\/01\/02\/tabla-retencion-en-nomina-2021-irpf\/","title":{"rendered":"TABLA RETENCI\u00d3N EN NOMINA 2021 \u2013 IRPF"},"content":{"rendered":"<p style=\"text-align: center\"><strong><a href=\"https:\/\/www.cgt-lkn.org\/wp-content\/uploads\/sites\/20\/2020\/12\/TABLA-RETENCION-EN-NOMINA-2021-IRPF-CGT.pdf\">TABLA RETENCI\u00d3N EN NOMINA 2021 &#8211; IRPF-CGT<\/a>\u00a0 PDF<\/strong><a href=\"https:\/\/www.cgt-lkn.org\/wp-content\/uploads\/sites\/20\/2020\/12\/TABLA-RETENCION-EN-NOMINA-2021-IRPF-CGT.pdf\" target=\"_blank\" rel=\"noopener\"><img loading=\"lazy\" decoding=\"async\" class=\"size-full wp-image-7443 aligncenter\" src=\"https:\/\/www.cgt-lkn.org\/wp-content\/uploads\/sites\/20\/2020\/12\/TABLA-RETENCION-EN-NOMINA-2021-IRPF-CGT.jpg\" alt=\"\" width=\"564\" height=\"800\" srcset=\"https:\/\/www.cgt-lkn.org\/bizkaia-gestamp\/wp-content\/uploads\/sites\/20\/2020\/12\/TABLA-RETENCION-EN-NOMINA-2021-IRPF-CGT.jpg 564w, https:\/\/www.cgt-lkn.org\/bizkaia-gestamp\/wp-content\/uploads\/sites\/20\/2020\/12\/TABLA-RETENCION-EN-NOMINA-2021-IRPF-CGT-212x300.jpg 212w\" sizes=\"auto, (max-width: 564px) 100vw, 564px\" \/><\/a><\/p>\n<p>&nbsp;<\/p>\n","protected":false},"excerpt":{"rendered":"<p>Con efectos desde 1 de enero de 2021 y hasta 31 de diciembre de 2021, se modifica el apartado 1 del art\u00edculo 88 del Reglamento del Impuesto sobre la Renta de las Personas F\u00edsicas, aprobado por el Decreto Foral de la Diputaci\u00f3n Foral de Bizkaia 47\/2014, de 8 de abril, quedando redactado de la siguiente forma:<\/p>\n","protected":false},"author":72,"featured_media":7443,"comment_status":"closed","ping_status":"open","sticky":false,"template":"","format":"standard","meta":{"footnotes":"","_links_to":"","_links_to_target":""},"categories":[3,15],"tags":[186,121],"class_list":["post-7442","post","type-post","status-publish","format-standard","has-post-thumbnail","hentry","category-asesoria-juridica","category-informacion-y-documentos","tag-irpf","tag-nomina"],"publishpress_future_action":{"enabled":false,"date":"2026-05-07 06:55:46","action":"change-status","newStatus":"draft","terms":[],"taxonomy":"category","extraData":[]},"publishpress_future_workflow_manual_trigger":{"enabledWorkflows":[]},"_links":{"self":[{"href":"https:\/\/www.cgt-lkn.org\/bizkaia-gestamp\/wp-json\/wp\/v2\/posts\/7442","targetHints":{"allow":["GET"]}}],"collection":[{"href":"https:\/\/www.cgt-lkn.org\/bizkaia-gestamp\/wp-json\/wp\/v2\/posts"}],"about":[{"href":"https:\/\/www.cgt-lkn.org\/bizkaia-gestamp\/wp-json\/wp\/v2\/types\/post"}],"author":[{"embeddable":true,"href":"https:\/\/www.cgt-lkn.org\/bizkaia-gestamp\/wp-json\/wp\/v2\/users\/72"}],"replies":[{"embeddable":true,"href":"https:\/\/www.cgt-lkn.org\/bizkaia-gestamp\/wp-json\/wp\/v2\/comments?post=7442"}],"version-history":[{"count":1,"href":"https:\/\/www.cgt-lkn.org\/bizkaia-gestamp\/wp-json\/wp\/v2\/posts\/7442\/revisions"}],"predecessor-version":[{"id":7445,"href":"https:\/\/www.cgt-lkn.org\/bizkaia-gestamp\/wp-json\/wp\/v2\/posts\/7442\/revisions\/7445"}],"wp:featuredmedia":[{"embeddable":true,"href":"https:\/\/www.cgt-lkn.org\/bizkaia-gestamp\/wp-json\/wp\/v2\/media\/7443"}],"wp:attachment":[{"href":"https:\/\/www.cgt-lkn.org\/bizkaia-gestamp\/wp-json\/wp\/v2\/media?parent=7442"}],"wp:term":[{"taxonomy":"category","embeddable":true,"href":"https:\/\/www.cgt-lkn.org\/bizkaia-gestamp\/wp-json\/wp\/v2\/categories?post=7442"},{"taxonomy":"post_tag","embeddable":true,"href":"https:\/\/www.cgt-lkn.org\/bizkaia-gestamp\/wp-json\/wp\/v2\/tags?post=7442"}],"curies":[{"name":"wp","href":"https:\/\/api.w.org\/{rel}","templated":true}]}}