{"id":7406,"date":"2020-12-04T15:25:30","date_gmt":"2020-12-04T14:25:30","guid":{"rendered":"https:\/\/www.cgt-lkn.org\/bizkaia\/gestamp\/?p=7406"},"modified":"2020-12-04T20:47:01","modified_gmt":"2020-12-04T19:47:01","slug":"reunion-calendarios-y-dias-de-parada-4-12-2020","status":"publish","type":"post","link":"https:\/\/www.cgt-lkn.org\/bizkaia-gestamp\/2020\/12\/04\/reunion-calendarios-y-dias-de-parada-4-12-2020\/","title":{"rendered":"D\u00edas de parada y Reuni\u00f3n Calendarios"},"content":{"rendered":"<p>Hoy hemos tenido reuni\u00f3n por partida doble;<\/p>\n<p>Calendarios por un lado, una vez revisados todos con las aportaciones desde la parte social, quedan pendientes de ser recogidas, revisadas de nuevo y puestas en com\u00fan para el pr\u00f3ximo 16 de diciembre nos hemos emplazado con la idea de validarlos definitivamente. Se enviar\u00e1n v\u00eda n\u00f3mina.<\/p>\n<p>D\u00edas de parada. Reiteramos que a nuestro entender y aunque sabemos que resulta muy golosa la oferta propuesta, la formaci\u00f3n es un derecho que nuevamente perdemos el derecho de la formaci\u00f3n. Os recordamos que son 20 horas anuales y acumulables durante 5 a\u00f1os. Por otro lado no debemos esperar a situaciones de crisis para recurrir a ellas. Es un derecho que debe darse de forma natural.<\/p>\n<p>Dicho esto, decir que la informaci\u00f3n ha sido escasa en general y nula en materia de formaci\u00f3n que se va a impartir.<\/p>\n<p><strong>\u00bfCu\u00e1ndo paran las l\u00edneas en diciembre?<\/strong><\/p>\n<p>-L-11 y L-12 Para el 17 de diciembre a las 22h.<br \/>\n-L-1 Para el 16 a las 22h.<br \/>\n-L-6 Para el 11 a las 22h<br \/>\n-L-10 Para el 16 a las 22h.<br \/>\n-TF1 Para el 16 a las 22h<br \/>\n-Expediciones (Log\u00edstica) en general Para el 17 a las 22h<br \/>\n-Ensamblado en general Para el 18 a las 22h, el 19 lo har\u00e1 VDD y VDDI,podr\u00eda haber alg\u00fan equipo que trabajase m\u00e1s d\u00edas.<br \/>\n-HS01 y HS02 Paran el 18 a las 22h.<br \/>\n-HS03 Para el 21 a las 6h.<br \/>\n-No hay m\u00e1s datos de otras secciones y \u00e1reas de trabajo, por tantoentendemos que no est\u00e1n afectadas por la parada.<\/p>\n<p>Por v\u00eda n\u00f3mina electr\u00f3nica se mandar\u00e1 la informaci\u00f3n definida, queda pendiente informar de la formaci\u00f3n que se impartir\u00e1 al grupo que se ha considerado. Como se puede observar se reconoce el derecho a la formaci\u00f3n en parte pero no para todas.<\/p>\n<p><a href=\"https:\/\/www.cgt-lkn.org\/afiliar\/public\/#!\/\"><img loading=\"lazy\" decoding=\"async\" class=\"size-full wp-image-7035 aligncenter\" src=\"https:\/\/www.cgt-lkn.org\/wp-content\/uploads\/sites\/20\/2020\/06\/Vacunate-afiliate-a-CGT.jpg\" alt=\"\" width=\"268\" height=\"188\" srcset=\"https:\/\/www.cgt-lkn.org\/bizkaia-gestamp\/wp-content\/uploads\/sites\/20\/2020\/06\/Vacunate-afiliate-a-CGT.jpg 268w, https:\/\/www.cgt-lkn.org\/bizkaia-gestamp\/wp-content\/uploads\/sites\/20\/2020\/06\/Vacunate-afiliate-a-CGT-150x105.jpg 150w\" sizes=\"auto, (max-width: 268px) 100vw, 268px\" \/><\/a><\/p>\n","protected":false},"excerpt":{"rendered":"<p>La formaci\u00f3n on 20 horas anuales y acumulables durante 5 a\u00f1os.<\/p>\n","protected":false},"author":72,"featured_media":4774,"comment_status":"closed","ping_status":"open","sticky":false,"template":"","format":"standard","meta":{"footnotes":"","_links_to":"","_links_to_target":""},"categories":[7,182,13,79],"tags":[90,87,181,180],"class_list":["post-7406","post","type-post","status-publish","format-standard","has-post-thumbnail","hentry","category-comunicados","category-formacion","category-gestamp","category-gestamp-bizkaia","tag-cgt-lkn-informa","tag-comunicado","tag-egutegiak-calendarios","tag-formacion"],"publishpress_future_action":{"enabled":false,"date":"2026-05-07 08:43:56","action":"change-status","newStatus":"draft","terms":[],"taxonomy":"category","extraData":[]},"publishpress_future_workflow_manual_trigger":{"enabledWorkflows":[]},"_links":{"self":[{"href":"https:\/\/www.cgt-lkn.org\/bizkaia-gestamp\/wp-json\/wp\/v2\/posts\/7406","targetHints":{"allow":["GET"]}}],"collection":[{"href":"https:\/\/www.cgt-lkn.org\/bizkaia-gestamp\/wp-json\/wp\/v2\/posts"}],"about":[{"href":"https:\/\/www.cgt-lkn.org\/bizkaia-gestamp\/wp-json\/wp\/v2\/types\/post"}],"author":[{"embeddable":true,"href":"https:\/\/www.cgt-lkn.org\/bizkaia-gestamp\/wp-json\/wp\/v2\/users\/72"}],"replies":[{"embeddable":true,"href":"https:\/\/www.cgt-lkn.org\/bizkaia-gestamp\/wp-json\/wp\/v2\/comments?post=7406"}],"version-history":[{"count":3,"href":"https:\/\/www.cgt-lkn.org\/bizkaia-gestamp\/wp-json\/wp\/v2\/posts\/7406\/revisions"}],"predecessor-version":[{"id":7409,"href":"https:\/\/www.cgt-lkn.org\/bizkaia-gestamp\/wp-json\/wp\/v2\/posts\/7406\/revisions\/7409"}],"wp:featuredmedia":[{"embeddable":true,"href":"https:\/\/www.cgt-lkn.org\/bizkaia-gestamp\/wp-json\/wp\/v2\/media\/4774"}],"wp:attachment":[{"href":"https:\/\/www.cgt-lkn.org\/bizkaia-gestamp\/wp-json\/wp\/v2\/media?parent=7406"}],"wp:term":[{"taxonomy":"category","embeddable":true,"href":"https:\/\/www.cgt-lkn.org\/bizkaia-gestamp\/wp-json\/wp\/v2\/categories?post=7406"},{"taxonomy":"post_tag","embeddable":true,"href":"https:\/\/www.cgt-lkn.org\/bizkaia-gestamp\/wp-json\/wp\/v2\/tags?post=7406"}],"curies":[{"name":"wp","href":"https:\/\/api.w.org\/{rel}","templated":true}]}}