{"id":7397,"date":"2020-11-25T09:48:52","date_gmt":"2020-11-25T08:48:52","guid":{"rendered":"https:\/\/www.cgt-lkn.org\/bizkaia\/gestamp\/?p=7397"},"modified":"2021-03-02T19:13:50","modified_gmt":"2021-03-02T18:13:50","slug":"ante-el-acuerdo-de-fin-de-ano-cgt-lkn-expone","status":"publish","type":"post","link":"https:\/\/www.cgt-lkn.org\/bizkaia-gestamp\/2020\/11\/25\/ante-el-acuerdo-de-fin-de-ano-cgt-lkn-expone\/","title":{"rendered":"Ante el acuerdo de fin de a\u00f1o CGT-LKN expone"},"content":{"rendered":"<p>Mediante esta breve nota, desde la secci\u00f3n sindical CGT-LKN, deseamos aclarar nuestra postura ante el acuerdo al que ya han llegado entre el resto de secciones sindicales del comit\u00e9 de empresa y la direcci\u00f3n sobre los d\u00edas de la semana 51 de diciembre que no se trabajar\u00e1n en Gestamp Bizkaia debido a las paradas anticipadas en cada instalaci\u00f3n y diversos departamentos, acuerdo mediante el que ser\u00e1n descontados el 50% de esos d\u00edas a cada persona trabajadora de su saldo de d\u00edas corriendo por cuenta de la empresa el otro 50% e impartiendo formaci\u00f3n solamente a un grupo elegido de personas.<\/p>\n<p>CGT-LKN considera que, y as\u00ed se lo ha hecho saber al resto de secciones y a la direcci\u00f3n en la reuni\u00f3n del pasado lunes 23, que en lugar de aplicar dicho acuerdo <strong><span style=\"text-decoration: underline\">se deber\u00eda impartir formaci\u00f3n durante todos los d\u00edas de parada a todas las personas trabajadoras de Gestamp Bizkaia como corresponde por ley.<\/span><\/strong><\/p>\n<p><span style=\"text-decoration: underline\">Seg\u00fan el estatuto de los trabajadores<\/span> en su art. 23.3: \u201c<em>Los trabajadores con al menos un a\u00f1o de antig\u00fcedad tienen derecho a un permiso retribuido de veinte horas anuales de formaci\u00f3n profesional para el empleo\u2026 acumulables por un periodo de hasta cinco a\u00f1os\u2026\u201d. Y seg\u00fan el \u00faltimo convenio de Gestamp Bizkaia en su art 55 sobre Formaci\u00f3n \u201c\u2026 se facilitar\u00e1 la realizaci\u00f3n de planes de formaci\u00f3n internos a todos los trabajadores\u2026El comit\u00e9 de Empresa ser\u00e1 informado y se le entregar\u00e1 el Plan de Formaci\u00f3n Anual. Se acuerda la participaci\u00f3n del Comit\u00e9 de Empresa en la elaboraci\u00f3n del diagn\u00f3stico de necesidades de formaci\u00f3n que se realizar\u00e1 para los tres pr\u00f3ximos a\u00f1os.\u201d<\/em>.<\/p>\n<p>Pues bien, con todo esto CGT-LKN comunica a la plantilla que <span style=\"text-decoration: underline\">no existe ninguna comisi\u00f3n<\/span> para elaborar dicho plan de formaci\u00f3n anual y que ahora, <strong>una vez m\u00e1s<\/strong> y en lo correspondiente al curso que acaba, la mayor\u00eda de <strong>la plantilla pierde otra oportunidad en estos d\u00edas de parada de recibir sus formaciones<\/strong>.<\/p>\n<p>Desde CGT-LKN somos conscientes de que es imposible dise\u00f1ar ahora una formaci\u00f3n para toda la plantilla en los d\u00edas concretos de parada previstos pues se deber\u00edan planificar a lo largo de cada a\u00f1o abarcando a toda la plantilla cumpliendo las exigencias legales anteriormente enunciados y por ello <strong>exigimos a la direcci\u00f3n de empresa que las cumpla y al resto de secciones sindicales del comit\u00e9 que lo reclamen<\/strong> sin concesiones mediante la elaboraci\u00f3n de los pr\u00f3ximos planes de formaci\u00f3n anuales correspondientes.<\/p>\n<p>Aunque otros a\u00f1os fueron impartidas formaciones masivamente pareciendo, en un principio, que se empezaba a corregir el incumplimiento indicado, una vez m\u00e1s hoy, constatamos que no existe voluntad real de cumplir con lo acordado en este aspecto y por ello CGT-LKN no acepta el acuerdo del 50% de los d\u00edas no trabajados exigiendo, a cambio, el cumplimiento de lo acordado por ley en relaci\u00f3n a la <a href=\"https:\/\/www.cgt-lkn.org\/wp-content\/uploads\/sites\/20\/2018\/11\/CGT-LKN-y-la-formaci%C3%B3n-en-Gestamp-Bizkaia-14-11-18.-1.pdf\" target=\"_blank\" rel=\"noopener noreferrer\">FORMACI\u00d3N.<\/a><\/p>\n<h3><span style=\"text-decoration: underline\"><strong>Vemos otra vez como se nos deben unas horas de formaci\u00f3n que perdemos y encima nos quieren hacer creer que por el hecho de que esos d\u00edas de parada sean al 50 \u2105 debemos estar agradecidos porque es el mal menor.<\/strong><\/span><\/h3>\n<p>Os dejamos <a href=\"https:\/\/www.cgt-lkn.org\/wp-content\/uploads\/sites\/20\/2018\/11\/CGT-LKN-y-la-formaci%C3%B3n-en-Gestamp-Bizkaia-14-11-18.-1.pdf\" target=\"_blank\" rel=\"noopener noreferrer\">aqui<\/a> \u00a0nuestro punto de vista y trasladar los conceptos sobre la formaci\u00f3n<\/p>\n<p><a href=\"https:\/\/www.cgt-lkn.org\/wp-content\/uploads\/sites\/20\/2018\/11\/CGT-LKN-y-la-formaci%C3%B3n-en-Gestamp-Bizkaia-14-11-18.-1.pdf\" target=\"_blank\" rel=\"noopener noreferrer\"><img loading=\"lazy\" decoding=\"async\" class=\"aligncenter wp-image-6416 size-full\" src=\"https:\/\/www.cgt-lkn.org\/wp-content\/uploads\/sites\/20\/2019\/04\/formacion-cgt.jpg\" alt=\"\" width=\"237\" height=\"213\" srcset=\"https:\/\/www.cgt-lkn.org\/bizkaia-gestamp\/wp-content\/uploads\/sites\/20\/2019\/04\/formacion-cgt.jpg 237w, https:\/\/www.cgt-lkn.org\/bizkaia-gestamp\/wp-content\/uploads\/sites\/20\/2019\/04\/formacion-cgt-150x135.jpg 150w\" sizes=\"auto, (max-width: 237px) 100vw, 237px\" \/><\/a><\/p>\n<p>Salud.<\/p>\n","protected":false},"excerpt":{"rendered":"<p><span style=\"color: #0000ff\"><strong><span style=\"text-decoration: underline\">Se deber\u00eda impartir formaci\u00f3n durante todos los d\u00edas de parada a todas las personas trabajadoras de Gestamp Bizkaia como corresponde por ley.<\/span><\/strong><\/span><\/p>\n<p><strong>Exigimos a la direcci\u00f3n de empresa que las cumpla y al resto de secciones sindicales del comit\u00e9 que lo reclamen<\/strong><\/p>\n<p>Vemos otra vez como se nos deben unas horas de formaci\u00f3n que perdemos y encima nos quieren hacer creer que por el hecho de que esos d\u00edas de parada sean al 50 \u2105 debemos estar agradecidos porque es el mal menor.<\/p>\n","protected":false},"author":72,"featured_media":4774,"comment_status":"closed","ping_status":"open","sticky":false,"template":"","format":"standard","meta":{"footnotes":"","_links_to":"","_links_to_target":""},"categories":[7,13,79,43],"tags":[90,87,180],"class_list":["post-7397","post","type-post","status-publish","format-standard","has-post-thumbnail","hentry","category-comunicados","category-gestamp","category-gestamp-bizkaia","category-otras-publicaciones","tag-cgt-lkn-informa","tag-comunicado","tag-formacion"],"publishpress_future_action":{"enabled":false,"date":"2026-05-04 14:10:25","action":"change-status","newStatus":"draft","terms":[],"taxonomy":"category","extraData":[]},"publishpress_future_workflow_manual_trigger":{"enabledWorkflows":[]},"_links":{"self":[{"href":"https:\/\/www.cgt-lkn.org\/bizkaia-gestamp\/wp-json\/wp\/v2\/posts\/7397","targetHints":{"allow":["GET"]}}],"collection":[{"href":"https:\/\/www.cgt-lkn.org\/bizkaia-gestamp\/wp-json\/wp\/v2\/posts"}],"about":[{"href":"https:\/\/www.cgt-lkn.org\/bizkaia-gestamp\/wp-json\/wp\/v2\/types\/post"}],"author":[{"embeddable":true,"href":"https:\/\/www.cgt-lkn.org\/bizkaia-gestamp\/wp-json\/wp\/v2\/users\/72"}],"replies":[{"embeddable":true,"href":"https:\/\/www.cgt-lkn.org\/bizkaia-gestamp\/wp-json\/wp\/v2\/comments?post=7397"}],"version-history":[{"count":2,"href":"https:\/\/www.cgt-lkn.org\/bizkaia-gestamp\/wp-json\/wp\/v2\/posts\/7397\/revisions"}],"predecessor-version":[{"id":7684,"href":"https:\/\/www.cgt-lkn.org\/bizkaia-gestamp\/wp-json\/wp\/v2\/posts\/7397\/revisions\/7684"}],"wp:featuredmedia":[{"embeddable":true,"href":"https:\/\/www.cgt-lkn.org\/bizkaia-gestamp\/wp-json\/wp\/v2\/media\/4774"}],"wp:attachment":[{"href":"https:\/\/www.cgt-lkn.org\/bizkaia-gestamp\/wp-json\/wp\/v2\/media?parent=7397"}],"wp:term":[{"taxonomy":"category","embeddable":true,"href":"https:\/\/www.cgt-lkn.org\/bizkaia-gestamp\/wp-json\/wp\/v2\/categories?post=7397"},{"taxonomy":"post_tag","embeddable":true,"href":"https:\/\/www.cgt-lkn.org\/bizkaia-gestamp\/wp-json\/wp\/v2\/tags?post=7397"}],"curies":[{"name":"wp","href":"https:\/\/api.w.org\/{rel}","templated":true}]}}