{"id":7371,"date":"2020-11-13T09:45:51","date_gmt":"2020-11-13T08:45:51","guid":{"rendered":"https:\/\/www.cgt-lkn.org\/bizkaia\/gestamp\/?p=7371"},"modified":"2021-10-13T15:24:52","modified_gmt":"2021-10-13T13:24:52","slug":"hemeroteca-permisos-retribuidos","status":"publish","type":"post","link":"https:\/\/www.cgt-lkn.org\/bizkaia-gestamp\/2020\/11\/13\/hemeroteca-permisos-retribuidos\/","title":{"rendered":"HEMEROTECA: PERMISOS RETRIBUIDOS"},"content":{"rendered":"<p><strong>Aqu\u00ed encuentras todos los comunicados e informaci\u00f3n del desarrollo de sobre los permisos retribuidos.<\/strong><\/p>\n<p><strong>No queremos convencerte de nada, sino que leas y t\u00fa llegues a tus propias conclusiones.<\/strong><\/p>\n<h3>12\u00ba:\u00a0<a href=\"https:\/\/www.cgt-lkn.org\/wp-content\/uploads\/sites\/20\/2020\/11\/EL-COMITE-INFORMA-PERMISOS-RETRIBUIDOS-NOV-2020.pdf\">EL COMITE INFORMA-PERMISOS RETRIBUIDOS NOV 2020<\/a><\/h3>\n<h3><a title=\"Enlace permanente a Los permisos retribuidos en dias laborables CGT\" href=\"https:\/\/www.cgt-lkn.org\/bizkaia-gestamp\/2020\/09\/14\/los-permisos-retribuidos-en-dias-laborables-cgt\/\" rel=\"bookmark\">11\u00ba:<\/a>\u00a0 \u00a0<a href=\"https:\/\/www.cgt-lkn.org\/bizkaia-gestamp\/2020\/09\/14\/los-permisos-retribuidos-en-dias-laborables-cgt\/\" target=\"_blank\" rel=\"noopener noreferrer\">Comunicado CGT-LKN del 14 de septiembre 2020<\/a><\/h3>\n<h3><a title=\"Enlace permanente a Los permisos retribuidos en dias laborables CGT\" href=\"https:\/\/www.cgt-lkn.org\/bizkaia-gestamp\/2020\/09\/14\/los-permisos-retribuidos-en-dias-laborables-cgt\/\" rel=\"bookmark\">Los permisos retribuidos en dias laborables CGT<\/a><\/h3>\n<h3><strong>10\u00ba:<\/strong>\u00a0CONTESTACI\u00d3N del COMIT\u00c9 al Comunicado de CGT Julio 2020\u00a0<a href=\"https:\/\/www.cgt-lkn.org\/wp-content\/uploads\/sites\/20\/2020\/07\/PERMISOS-RETRIBUIDOS.COMITE-INFORMA-UZTAILA2020.pdf\">.<\/a><\/h3>\n<h3><a href=\"https:\/\/www.cgt-lkn.org\/wp-content\/uploads\/sites\/20\/2020\/07\/PERMISOS-RETRIBUIDOS.COMITE-INFORMA-UZTAILA2020.pdf\">COMITE INFORMA UZTAILA2020<\/a><\/h3>\n<p>&nbsp;<\/p>\n<h3><strong>9\u00ba:<\/strong>\u00a0Tercer\u00a0Comunicado de CGT-LKN sobre los permisos retribuidos.<\/h3>\n<p>&nbsp;<\/p>\n<h3><strong>8\u00ba:<\/strong>\u00a0<a href=\"https:\/\/www.cgt-lkn.org\/wp-content\/uploads\/sites\/20\/2020\/06\/EL-COMITE-INFORMA-GESTAMP-JUNIO-2020-permisos-retribuido.pdf\">EL COMITE INFORMA GESTAMP JUNIO 2020 Permisos Retribuido<\/a><\/h3>\n<h3>7\u00ba C<a href=\"https:\/\/www.cgt-lkn.org\/wp-content\/uploads\/sites\/20\/2020\/07\/Solicitud-12.6.2020.pdf\">UARTO \u00a0 Escrito presentado por CGT-LKN a la empresa el 12 jUNIO 2020\u00a0<\/a><\/h3>\n<h3>6\u00ba\u00a0<a href=\"https:\/\/www.cgt-lkn.org\/wp-content\/uploads\/sites\/20\/2020\/07\/Solicitud-7.2.2020.pdf\" target=\"_blank\" rel=\"noopener noreferrer\">TERCER\u00a0\u00a0<\/a><a href=\"https:\/\/www.cgt-lkn.org\/wp-content\/uploads\/sites\/20\/2020\/07\/Solicitud-7.2.2020.pdf\">Escrito presentado por CGT-LKN a la empresa el 7 febrero 2020<\/a><\/h3>\n<h3>5\u00ba\u00a0<a href=\"https:\/\/www.cgt-lkn.org\/wp-content\/uploads\/sites\/20\/2020\/07\/Solicitud-3.5.2019.pdf\">Segundo Escrito presentado por CGT-LKN a la empresa el 3 Mayo 2019<\/a><\/h3>\n<h3><strong>4\u00ba:<\/strong>\u00a0Contestaci\u00f3n de CGT-LKN al Comit\u00e9.<\/h3>\n<p>&nbsp;<\/p>\n<h3><strong>3\u00ba<\/strong>: \u00a0CONTESTACI\u00d3N AL COMUNICADO DE CGT:<\/h3>\n<h3><a href=\"https:\/\/www.cgt-lkn.org\/wp-content\/uploads\/sites\/20\/2020\/07\/EL-COMITE-INFORMA-GESTAMP-FEBRERO-2020-permisos-retribuido.pdf\">EL-COMITE-INFORMA\u00a0<\/a><a href=\"https:\/\/www.cgt-lkn.org\/wp-content\/uploads\/sites\/20\/2020\/07\/EL-COMITE-INFORMA-GESTAMP-FEBRERO-2020-permisos-retribuido.pdf\">GESTAMP-FEBRERO-2020-permisos-retribuido<\/a><\/h3>\n<p>&nbsp;<\/p>\n<h3><strong>2\u00ba:<\/strong>\u00a0Comunicado de CGT-LKN a la plantilla<\/h3>\n<h3><strong>1\u00ba:<\/strong>\u00a0Escrito presentado por CGT-LKN a la empresa el 8 Junio 2018<\/h3>\n","protected":false},"excerpt":{"rendered":"<p>Os adjuntamos la hemeroteca al respecto de los permisos retribuidos, con el fin de aclarar c\u00f3mo ha sido el proceso de trabajo sobre los permisos retribuidos y su aplicaci\u00f3n en d\u00edas laborales en Gestamp Bizkaia. Con el deseo que el pr\u00f3ximo convenio lo recoja tal cual es y lleva siendo desde un tiempo aunque aqu\u00ed no se haya reconocido hasta ahora.<\/p>\n<p><strong>Aqu\u00ed encuentras todos los comunicados e informaci\u00f3n del desarrollo de sobre los permisos retribuidos.<\/strong><\/p>\n<p><strong>No queremos convencerte de nada, sino que leas y t\u00fa llegues a tus propias conclusiones.<\/strong><\/p>\n","protected":false},"author":72,"featured_media":7374,"comment_status":"closed","ping_status":"open","sticky":false,"template":"","format":"standard","meta":{"footnotes":"","_links_to":"","_links_to_target":""},"categories":[7,13,43,27],"tags":[87,129],"class_list":["post-7371","post","type-post","status-publish","format-standard","has-post-thumbnail","hentry","category-comunicados","category-gestamp","category-otras-publicaciones","category-sindical","tag-comunicado","tag-permisos-retribuidos"],"publishpress_future_action":{"enabled":false,"date":"2026-05-04 14:10:40","action":"change-status","newStatus":"draft","terms":[],"taxonomy":"category","extraData":[]},"publishpress_future_workflow_manual_trigger":{"enabledWorkflows":[]},"_links":{"self":[{"href":"https:\/\/www.cgt-lkn.org\/bizkaia-gestamp\/wp-json\/wp\/v2\/posts\/7371","targetHints":{"allow":["GET"]}}],"collection":[{"href":"https:\/\/www.cgt-lkn.org\/bizkaia-gestamp\/wp-json\/wp\/v2\/posts"}],"about":[{"href":"https:\/\/www.cgt-lkn.org\/bizkaia-gestamp\/wp-json\/wp\/v2\/types\/post"}],"author":[{"embeddable":true,"href":"https:\/\/www.cgt-lkn.org\/bizkaia-gestamp\/wp-json\/wp\/v2\/users\/72"}],"replies":[{"embeddable":true,"href":"https:\/\/www.cgt-lkn.org\/bizkaia-gestamp\/wp-json\/wp\/v2\/comments?post=7371"}],"version-history":[{"count":3,"href":"https:\/\/www.cgt-lkn.org\/bizkaia-gestamp\/wp-json\/wp\/v2\/posts\/7371\/revisions"}],"predecessor-version":[{"id":7375,"href":"https:\/\/www.cgt-lkn.org\/bizkaia-gestamp\/wp-json\/wp\/v2\/posts\/7371\/revisions\/7375"}],"wp:featuredmedia":[{"embeddable":true,"href":"https:\/\/www.cgt-lkn.org\/bizkaia-gestamp\/wp-json\/wp\/v2\/media\/7374"}],"wp:attachment":[{"href":"https:\/\/www.cgt-lkn.org\/bizkaia-gestamp\/wp-json\/wp\/v2\/media?parent=7371"}],"wp:term":[{"taxonomy":"category","embeddable":true,"href":"https:\/\/www.cgt-lkn.org\/bizkaia-gestamp\/wp-json\/wp\/v2\/categories?post=7371"},{"taxonomy":"post_tag","embeddable":true,"href":"https:\/\/www.cgt-lkn.org\/bizkaia-gestamp\/wp-json\/wp\/v2\/tags?post=7371"}],"curies":[{"name":"wp","href":"https:\/\/api.w.org\/{rel}","templated":true}]}}