{"id":7335,"date":"2020-10-24T19:50:06","date_gmt":"2020-10-24T17:50:06","guid":{"rendered":"https:\/\/www.cgt-lkn.org\/bizkaia\/gestamp\/?p=7335"},"modified":"2020-10-24T19:51:09","modified_gmt":"2020-10-24T17:51:09","slug":"plantillas-de-gts-y-matriceria-deusto-denuncian-la-complicidad-del-gobierno-vasco-en-los-despidos-de-gestamp","status":"publish","type":"post","link":"https:\/\/www.cgt-lkn.org\/bizkaia-gestamp\/2020\/10\/24\/plantillas-de-gts-y-matriceria-deusto-denuncian-la-complicidad-del-gobierno-vasco-en-los-despidos-de-gestamp\/","title":{"rendered":"Plantillas de GTS y Matricer\u00eda Deusto denuncian la \u00abcomplicidad\u00bb del Gobierno vasco en los despidos de Gestamp"},"content":{"rendered":"<p>Trabajadores de GTS y Matricer\u00eda Deusto han realizado este s\u00e1bado un\u00a0<strong>manifestaci\u00f3n en Bilbao<\/strong>, que ha partido del<a href=\"https:\/\/www.deia.eus\/economia\/2020\/10\/13\/euskadi-gobierno-vasco-ofrece-mediador\/1071305.html\">\u00a0Gobierno vasco<\/a>, al que han acusado de<strong>\u00a0\u00abcomplicidad\u00bb con Gestamp<\/strong>\u00a0en los\u00a0<a href=\"https:\/\/www.deia.eus\/economia\/2020\/10\/07\/gestamp-confirma-comites-cierre-matricerias\/1069991.html\">despidos anunciados<\/a>\u00a0por el grupo como consecuencia de su decisi\u00f3n de cerrar sus dos filiales, ubicadas en Zamudio.<\/p>\n<p>Con este nuevo acto de protesta, los trabajadores, que mantienen una<a href=\"https:\/\/www.deia.eus\/economia\/2020\/10\/02\/trabajadores-gestamp-zamudio-anuncian-huega\/1068810.html\">\u00a0huelga indefinida<\/a>\u00a0desde el pasado 9 de octubre, han continuado con las movilizaciones para pedir a Gestamp que no lleve a cabo sus planes, que\u00a0<strong>supondr\u00edan el despido de 230 personas<\/strong>.<\/p>\n<p>&nbsp;<\/p>\n<h3 style=\"text-align: center\">\u00abNo se pueden financiar con dinero p\u00fablico los despidos\u00bb<\/h3>\n<p>La manifestaci\u00f3n ha arrancado a las once y media de la ma\u00f1ana desde la sede del Gobierno vasco situada en la Gran V\u00eda de Bilbao, encabezada por una pancarta en la que se pod\u00eda leer<strong>\u00a0<\/strong><em>\u00abGestamp, Matricer\u00eda Deusto-GTS ez itzi\u00bb<\/em>. Los asistentes a la manifestaci\u00f3n, a la que tambi\u00e9n\u00a0<strong>se han sumado los parlamentarios de EH Bildu Iker Casanova y Pazis Garc\u00eda<\/strong>, adem\u00e1s de representantes de otras empresas y de colectivos sociales tales como el de los pensionistas, se han dirigido hasta la plaza del Teatro Arriaga.<\/p>\n<p>Una vez all\u00ed, los presidentes de los comit\u00e9s de empresa, que representan a cada una de las compa\u00f1\u00edas afectadas, han le\u00eddo un comunicado. En su intervenci\u00f3n, le han dicho al Gobierno vasco que \u00abno se puede financiar con dinero p\u00fablico los despidos\u00bb de las dos empresas, en referencia a las subvenciones que se han venido concediendo a Gestamp.<\/p>\n<p>Asimismo, han recordado que\u00a0<strong>Gestamp ha tenido \u00abbeneficios millonarios\u00bb durante a\u00f1os\u00a0<\/strong>y ha denunciado que ahora, \u00abcon la completa complicidad\u00bb del Gobierno vasco \u00abplantee el despido de 230 trabajadores\u00bb.<\/p>\n<p>Por ello, le han realizado una<strong>\u00a0petici\u00f3n \u00abconcreta\u00bb al Gobierno vasco<\/strong>, y, en concreto, al Departamento de Arantxa Tapia para\u00a0<strong>que \u00abdeje de hacer propaganda barata\u00bb diciendo \u00ablo importante es la industria\u00a0<\/strong>y que empiece a hacer una verdadera pol\u00edtica industrial para el pa\u00eds y m\u00e1s concretamente, para el sector de la automoci\u00f3n\u00bb. \u00abLos trabajadores de Matricer\u00eda Deusto y GTS seguiremos luchando hasta conseguirlo\u00bb, han advertido<\/p>\n<p>&nbsp;<\/p>\n<p>Fuente: https:\/\/www.deia.eus\/economia\/2020\/10\/24\/plantillas-gts-matriceria-deusto-denuncian\/1073815.htmldes<\/p>\n","protected":false},"excerpt":{"rendered":"<p><strong>Gestamp ha tenido \u00abbeneficios millonarios\u00bb durante a\u00f1os\u00a0<\/strong>y ha denunciado que ahora, \u00abcon la completa complicidad\u00bb del Gobierno vasco \u00abplantee el despido de 230 trabajadores\u00bb.<\/p>\n","protected":false},"author":72,"featured_media":7336,"comment_status":"closed","ping_status":"open","sticky":false,"template":"","format":"standard","meta":{"footnotes":"","_links_to":"","_links_to_target":""},"categories":[5,17,22],"tags":[113,152,165,143],"class_list":["post-7335","post","type-post","status-publish","format-standard","has-post-thumbnail","hentry","category-automocion","category-movilizaciones","category-en-la-prensa","tag-automocion","tag-despido","tag-gestamp","tag-noticias"],"publishpress_future_action":{"enabled":false,"date":"2026-05-07 10:57:47","action":"change-status","newStatus":"draft","terms":[],"taxonomy":"category","extraData":[]},"publishpress_future_workflow_manual_trigger":{"enabledWorkflows":[]},"_links":{"self":[{"href":"https:\/\/www.cgt-lkn.org\/bizkaia-gestamp\/wp-json\/wp\/v2\/posts\/7335","targetHints":{"allow":["GET"]}}],"collection":[{"href":"https:\/\/www.cgt-lkn.org\/bizkaia-gestamp\/wp-json\/wp\/v2\/posts"}],"about":[{"href":"https:\/\/www.cgt-lkn.org\/bizkaia-gestamp\/wp-json\/wp\/v2\/types\/post"}],"author":[{"embeddable":true,"href":"https:\/\/www.cgt-lkn.org\/bizkaia-gestamp\/wp-json\/wp\/v2\/users\/72"}],"replies":[{"embeddable":true,"href":"https:\/\/www.cgt-lkn.org\/bizkaia-gestamp\/wp-json\/wp\/v2\/comments?post=7335"}],"version-history":[{"count":1,"href":"https:\/\/www.cgt-lkn.org\/bizkaia-gestamp\/wp-json\/wp\/v2\/posts\/7335\/revisions"}],"predecessor-version":[{"id":7337,"href":"https:\/\/www.cgt-lkn.org\/bizkaia-gestamp\/wp-json\/wp\/v2\/posts\/7335\/revisions\/7337"}],"wp:featuredmedia":[{"embeddable":true,"href":"https:\/\/www.cgt-lkn.org\/bizkaia-gestamp\/wp-json\/wp\/v2\/media\/7336"}],"wp:attachment":[{"href":"https:\/\/www.cgt-lkn.org\/bizkaia-gestamp\/wp-json\/wp\/v2\/media?parent=7335"}],"wp:term":[{"taxonomy":"category","embeddable":true,"href":"https:\/\/www.cgt-lkn.org\/bizkaia-gestamp\/wp-json\/wp\/v2\/categories?post=7335"},{"taxonomy":"post_tag","embeddable":true,"href":"https:\/\/www.cgt-lkn.org\/bizkaia-gestamp\/wp-json\/wp\/v2\/tags?post=7335"}],"curies":[{"name":"wp","href":"https:\/\/api.w.org\/{rel}","templated":true}]}}