{"id":7318,"date":"2020-10-19T18:14:16","date_gmt":"2020-10-19T16:14:16","guid":{"rendered":"https:\/\/www.cgt-lkn.org\/bizkaia\/gestamp\/?p=7318"},"modified":"2020-11-25T16:52:40","modified_gmt":"2020-11-25T15:52:40","slug":"ela-lab-y-cgt-convocan-paros-de-dos-horas-en-vw-navarra","status":"publish","type":"post","link":"https:\/\/www.cgt-lkn.org\/bizkaia-gestamp\/2020\/10\/19\/ela-lab-y-cgt-convocan-paros-de-dos-horas-en-vw-navarra\/","title":{"rendered":"ELA, LAB y CGT convocan paros de dos horas en VW Navarra"},"content":{"rendered":"<p>Fuente;:<br \/>\nhttps:\/\/www.noticiasdenavarra.com\/economia\/2020\/10\/18\/ela-lab-cgt-convocan-paros\/1087373.html<\/p>\n<p class=\"gn-03N-Texto-ladillo\"><span class=\"gn-03N-Texto-base\">Las secciones sindicales de ELA, LAB y CGT en Volkswagen Navarra van a convocar paros de dos horas en los diferentes turnos de la factor\u00eda el pr\u00f3ximo viernes 23 de octubre. Las tres centrales se han unido para \u00abdenunciar la actual ley de mutuas y proponer una consulta a la plantilla sobre el traslado de la gesti\u00f3n de las contingencias comunes a la mutua a partir del 1 de enero de 2021\u00bb, informan en un comunicado enviado a los trabajadores y trabajadoras.<\/span><\/p>\n<p class=\"gn-03N-Texto-sangr\u00eda\"><span class=\"gn-03N-Texto-base\">Los tres sindicatos defienden que la sanidad p\u00fablica contin\u00fae con esta tarea, y por ello animan a los empleados y empleadas a respaldar esta huelga parcial. ELA, LAB y CGT han establecido los siguientes horarios seg\u00fan los turnos: de 12.00 a 14.00 horas en el de ma\u00f1ana; de 20.00 a 22.00 horas en el de tarde; y de 4.00 a 6.00 horas (en la madrugada del 24 de octubre). Los paros coinciden con las dos \u00faltimas horas de cada turno. Adem\u00e1s ha establecido otro de 13.00 a 15.00 horas.<\/span><\/p>\n<p class=\"gn-03N-Texto-sangr\u00eda\"><span class=\"gn-03N-Texto-base\">Los tres sindicatos han fijado para ma\u00f1ana una rueda de prensa en la puerta 1 de la factor\u00eda a partir de las 11.00 horas.<\/span><\/p>\n<p class=\"gn-03N-Texto-ladillo\"><span class=\"MayusculasNegrita\">UGT, CCOO Y CCP NO SE SUMAN\u00a0<\/span><span class=\"gn-03N-Texto-base\">UGT, CCOO y CCP no apoyan este planteamiento, y trabajan en llegar a un acuerdo con VW en relaci\u00f3n a c\u00f3mo se va a llevar a cabo la derivaci\u00f3n de las bajas por enfermedad com\u00fan de los empleados a la mutua.<\/span><\/p>\n<p class=\"gn-03N-Texto-ladillo\"><span class=\"MayusculasNegrita\">6,5 MILLONES DE UNIDADES\u00a0<\/span><span class=\"gn-03N-Texto-base\">Por su parte, el grupo VW vendi\u00f3 hasta septiembre 6.504.700 veh\u00edculos en el mundo, un 18,7% menos que en 2019, tras la ca\u00edda de las ventas de todas sus marcas en sus mercados por la covid. Pero el grupo registr\u00f3 en septiembre unas ventas de 933.600 unidades, un 3,3% m\u00e1s, por lo que se produce una recuperaci\u00f3n tras la ca\u00edda del 6,6% de agosto y la estabilizaci\u00f3n en julio (-0,2%). Las ventas del grupo hab\u00edan bajado en junio (-17,5%), en mayo (-33,7%) y en todo el segundo trimestre (-31,6%).<\/span><\/p>\n<p><a href=\"https:\/\/www.cgt-lkn.org\/afiliar\/public\/#!\/\" target=\"_blank\" rel=\"noopener noreferrer\"><img loading=\"lazy\" decoding=\"async\" class=\"aligncenter wp-image-7035 size-full\" src=\"https:\/\/www.cgt-lkn.org\/wp-content\/uploads\/sites\/20\/2020\/06\/Vacunate-afiliate-a-CGT.jpg\" alt=\"\" width=\"268\" height=\"188\" srcset=\"https:\/\/www.cgt-lkn.org\/bizkaia-gestamp\/wp-content\/uploads\/sites\/20\/2020\/06\/Vacunate-afiliate-a-CGT.jpg 268w, https:\/\/www.cgt-lkn.org\/bizkaia-gestamp\/wp-content\/uploads\/sites\/20\/2020\/06\/Vacunate-afiliate-a-CGT-150x105.jpg 150w\" sizes=\"auto, (max-width: 268px) 100vw, 268px\" \/><\/a><\/p>\n","protected":false},"excerpt":{"rendered":"<p><span class=\"MayusculasNegrita\">UGT, CCOO Y CCP NO SE SUMAN\u00a0<\/span><span class=\"gn-03N-Texto-base\">UGT, CCOO y CCP no apoyan este planteamiento, y trabajan en llegar a un acuerdo con VW en relaci\u00f3n a c\u00f3mo se va a llevar a cabo la derivaci\u00f3n de las bajas por enfermedad com\u00fan de los empleados a la mutua.<\/span><\/p>\n","protected":false},"author":72,"featured_media":7319,"comment_status":"closed","ping_status":"open","sticky":false,"template":"","format":"standard","meta":{"footnotes":"","_links_to":"","_links_to_target":""},"categories":[8,163,22,29],"tags":[116,143,170],"class_list":["post-7318","post","type-post","status-publish","format-standard","has-post-thumbnail","hentry","category-coordinadora-de-automocion","category-movilizaciones-2","category-en-la-prensa","category-volkswagen","tag-movilizaciones","tag-noticias","tag-vw"],"publishpress_future_action":{"enabled":false,"date":"2026-05-02 06:45:50","action":"change-status","newStatus":"draft","terms":[],"taxonomy":"category","extraData":[]},"publishpress_future_workflow_manual_trigger":{"enabledWorkflows":[]},"_links":{"self":[{"href":"https:\/\/www.cgt-lkn.org\/bizkaia-gestamp\/wp-json\/wp\/v2\/posts\/7318","targetHints":{"allow":["GET"]}}],"collection":[{"href":"https:\/\/www.cgt-lkn.org\/bizkaia-gestamp\/wp-json\/wp\/v2\/posts"}],"about":[{"href":"https:\/\/www.cgt-lkn.org\/bizkaia-gestamp\/wp-json\/wp\/v2\/types\/post"}],"author":[{"embeddable":true,"href":"https:\/\/www.cgt-lkn.org\/bizkaia-gestamp\/wp-json\/wp\/v2\/users\/72"}],"replies":[{"embeddable":true,"href":"https:\/\/www.cgt-lkn.org\/bizkaia-gestamp\/wp-json\/wp\/v2\/comments?post=7318"}],"version-history":[{"count":1,"href":"https:\/\/www.cgt-lkn.org\/bizkaia-gestamp\/wp-json\/wp\/v2\/posts\/7318\/revisions"}],"predecessor-version":[{"id":7320,"href":"https:\/\/www.cgt-lkn.org\/bizkaia-gestamp\/wp-json\/wp\/v2\/posts\/7318\/revisions\/7320"}],"wp:featuredmedia":[{"embeddable":true,"href":"https:\/\/www.cgt-lkn.org\/bizkaia-gestamp\/wp-json\/wp\/v2\/media\/7319"}],"wp:attachment":[{"href":"https:\/\/www.cgt-lkn.org\/bizkaia-gestamp\/wp-json\/wp\/v2\/media?parent=7318"}],"wp:term":[{"taxonomy":"category","embeddable":true,"href":"https:\/\/www.cgt-lkn.org\/bizkaia-gestamp\/wp-json\/wp\/v2\/categories?post=7318"},{"taxonomy":"post_tag","embeddable":true,"href":"https:\/\/www.cgt-lkn.org\/bizkaia-gestamp\/wp-json\/wp\/v2\/tags?post=7318"}],"curies":[{"name":"wp","href":"https:\/\/api.w.org\/{rel}","templated":true}]}}