{"id":7240,"date":"2020-09-18T09:00:19","date_gmt":"2020-09-18T07:00:19","guid":{"rendered":"https:\/\/www.cgt-lkn.org\/bizkaia\/gestamp\/?p=7240"},"modified":"2020-09-18T09:00:19","modified_gmt":"2020-09-18T07:00:19","slug":"dinamarca-planea-una-nueva-jubilacion-anticipada-para-empleos-de-mas-carga-fisica","status":"publish","type":"post","link":"https:\/\/www.cgt-lkn.org\/bizkaia-gestamp\/2020\/09\/18\/dinamarca-planea-una-nueva-jubilacion-anticipada-para-empleos-de-mas-carga-fisica\/","title":{"rendered":"Dinamarca planea una nueva jubilaci\u00f3n anticipada para empleos de m\u00e1s carga f\u00edsica"},"content":{"rendered":"<p>Miles de daneses con una<b>\u00a0larga vida laboral\u00a0<\/b>podr\u00e1n acogerse a una<b>\u00a0nueva jubilaci\u00f3n anticipada\u00a0<\/b>con la que el Gobierno pretende premiar a personas con<b>\u00a0empleos de gran carga f\u00edsica<\/b>, seg\u00fan un controvertido modelo que supone un giro simb\u00f3lico frente a a\u00f1os de pol\u00edticas de recortes de prestaciones y pensiones.<\/p>\n<p>El plan presentado esta semana por la primera ministra socialdem\u00f3crata,\u00a0<b>Mette Frederiksen,<\/b>\u00a0responde a la principal promesa hecha antes de la campa\u00f1a electoral de hace un a\u00f1o, que acab\u00f3 con el regreso al poder de su partido un lustro despu\u00e9s.<\/p>\n<div id=\"_wmass_15751000004820526\">\n<div id=\"jw-2052620526\"><\/div>\n<\/div>\n<p>\u201cAhora es el turno de Arne\u201d, luc\u00edan los carteles electorales con la foto de un obrero de la construcci\u00f3n de 59 a\u00f1os, apelando a que \u201clos m\u00e1s castigados\u201d, tanto f\u00edsica como ps\u00edquicamente, deb\u00edan poder retirarse antes de la edad de jubilaci\u00f3n con una pensi\u00f3n \u201cdigna\u201d y sugiriendo que con cuatro d\u00e9cadas de vida laboral ser\u00eda suficiente.<\/p>\n<h2 class=\"despiece-story-epigraph\">Modificaci\u00f3n de la propuesta inicial<\/h2>\n<p>Ser\u00e1n necesarios como m\u00ednimo 47 a\u00f1os trabajados,<\/p>\n<p>\u201cEn pocas palabras, se trata de dignidad y justicia. Cuando uno ha trabajado muchos a\u00f1os y ha hecho lo que deb\u00eda, tiene que poder retirarse con dignidad\u201d, dijo al presentar el plan Frederiksen, que eligi\u00f3 como escenario una f\u00e1brica de la principal c\u00e1rnica danesa.<\/p>\n<p>Pero la propuesta inicial es m\u00e1s modesta de lo insinuado en su d\u00eda: ser\u00e1n necesarios como m\u00ednimo 47 a\u00f1os trabajados, lo que beneficia casi exclusivamente a trabajadores no cualificados y deja fuera a profesiones que exigen una educaci\u00f3n superior corta.<\/p>\n<p>El plan se basa en un modelo complejo que fija en 61 a\u00f1os la edad clave para hacer c\u00e1lculos: quien tenga 42 a\u00f1os trabajados entonces, podr\u00e1 jubilarse uno antes de la edad de jubilaci\u00f3n (fijada en 68 para 2022); si son 43, dos a\u00f1os antes; y con 44, tres.<\/p>\n<p>Al calcular los a\u00f1os de vida laboral se incluir\u00e1n tanto trabajos fijos como a tiempo parcial, sea como asalariado o aut\u00f3nomo; as\u00ed como tiempo con permiso parental o con prestaciones de desempleo.<\/p>\n<p>La cuant\u00eda, 13.550 coronas (1.820 euros) brutas mensuales, es relativamente baja para Dinamarca, donde la carga fiscal media ronda el 40 % y el nivel de vida es alto; aunque se podr\u00e1 completar con hasta unos 3.200 euros anuales de trabajos a tiempo parcial.<\/p>\n<h2 class=\"despiece-story-epigraph\">Estimaci\u00f3n<\/h2>\n<p>Cerca de 38.000 personas podr\u00e1n pedirla en 2022<\/p>\n<p>Las autoridades calculan que 38.000 personas podr\u00e1n pedirla en 2022, a\u00f1o en que empezar\u00eda a funcionar, pero solo 22.000 lo har\u00e1n, y de ellas, 6.000 ser\u00e1n mano de obra activa; el resto corresponder\u00e1 a gente que percibe alguna ayuda al desempleo o de otro tipo.<\/p>\n<p>El Gobierno estima que costar\u00e1 unos 2.600 millones de coronas (349 millones de euros) al a\u00f1o al principio y 3.000 (403 millones de euros) en 2035, y se financiar\u00e1 con subidas fiscales a las rentas altas, as\u00ed como con un impuesto al sector financiero. Y se abre la puerta a una revisi\u00f3n anual del modelo en caso de que los c\u00e1lculos sobre su coste difieran mucho de lo previsto.<\/p>\n<p>El proyecto ha acaparado la atenci\u00f3n medi\u00e1tica en Dinamarca y ha generado cr\u00edticas a ambos lados del espectro pol\u00edtico. El Partido Liberal, l\u00edder de la oposici\u00f3n, lo ha rechazado y aboga por reformar una modalidad de jubilaci\u00f3n anticipada aprobada de forma expr\u00e9s el a\u00f1o pasado por el entonces Ejecutivo de derecha para personas con menos de seis a\u00f1os para retirarse y capacidad laboral muy reducida, pero que exige un examen m\u00e9dico previo.<\/p>\n<p>Economistas liberales y medios afines a la derecha critican que se financie con subidas fiscales y se instaure en \u00e9poca de crisis, adem\u00e1s de alertar de que el coste podr\u00eda dispararse si se relajan las condiciones por presi\u00f3n de los aliados del Gobierno. Tanto la rojiverde Lista Unitaria como el Partido Socialista Popular reclaman un modelo m\u00e1s flexible y generoso que valore el castigo \u201cps\u00edquico\u201d que sufren enfermeras, comadronas y pedagogos.<\/p>\n<p>Aunque el Partido Socialdem\u00f3crata gobierna en minor\u00eda con menos del 30 % de los esca\u00f1os, parece poco probable que no saque adelante su proyecto estrella: tanto las otras fuerzas de izquierda como los socialliberales (tambi\u00e9n aliados suyos) y el xen\u00f3fobo Partido Popular Dan\u00e9s le han dado su apoyo.<\/p>\n<h2 class=\"despiece-story-epigraph\">\u201cInspirador\u201d<\/h2>\n<p>Suecia piensa en presentar un proyecto similar el a\u00f1o que viene<\/p>\n<p>Un hipot\u00e9tico fracaso en las negociaciones abocar\u00eda a unos comicios anticipados que solo beneficiar\u00edan al Partido Socialdem\u00f3crata, disparado en los sondeos por la gesti\u00f3n frente al coronavirus, que se ha saldado sin confinamiento y con n\u00fameros bajos de contagios y muertes en el contexto europeo.<\/p>\n<p>La pensi\u00f3n \u201cArne\u201d supone tambi\u00e9n un gui\u00f1o a la clase trabajadora danesa del partido que tradicionalmente la ha representado en Dinamarca y que busca reivindicarse tras participar en los sensibles recortes que el Estado de bienestar ha vivido en las dos \u00faltimas d\u00e9cadas en todos los pa\u00edses n\u00f3rdicos.<\/p>\n<p>Tambi\u00e9n la propia Frederiksen, quien como ministra de Empleo, aplic\u00f3 en 2013 la dura reforma impulsada por el anterior Gobierno de centroderecha, que recort\u00f3 a la mitad la duraci\u00f3n del paro, aumentaba la edad de jubilaci\u00f3n y desmantelaba un antiguo modelo de jubilaci\u00f3n anticipada m\u00e1s generoso.<\/p>\n<p>\u201cNo est\u00e1 tan mal. Lo bueno es que no necesitar\u00e1s un certificado m\u00e9dico, sino que bastar\u00e1 con apretar un bot\u00f3n y jubilarte\u201d, declaraba estos d\u00edas Arne Juhl, mientras el Gobierno sueco, tambi\u00e9n socialdem\u00f3crata, ha calificado de \u201cinspirador\u201d el proyecto y piensa en presentar uno similar el a\u00f1o que viene.<\/p>\n<p>Fuente: https:\/\/www.lavanguardia.com\/internacional\/20200823\/482968511174\/dinamarca-jubilacion-anticipada-empleos-fisicos.html#:~:text=Miles%20de%20daneses%20con%20una,recortes%20de%20prestaciones%20y%20pensiones.<\/p>\n","protected":false},"excerpt":{"rendered":"<h6 class=\"d-subtitle__txt\">\u201cSe trata de dignidad y justicia. Cuando uno ha trabajado muchos a\u00f1os y ha hecho lo que deb\u00eda, tiene que poder retirarse con dignidad\u201d, sostiene la primera ministra Mette Frederiksen<\/h6>\n","protected":false},"author":72,"featured_media":5248,"comment_status":"closed","ping_status":"open","sticky":false,"template":"","format":"standard","meta":{"footnotes":"","_links_to":"","_links_to_target":""},"categories":[22,25],"tags":[143,84],"class_list":["post-7240","post","type-post","status-publish","format-standard","has-post-thumbnail","hentry","category-en-la-prensa","category-salud-laboral","tag-noticias","tag-salud-laboral"],"publishpress_future_action":{"enabled":false,"date":"2026-05-07 10:59:07","action":"change-status","newStatus":"draft","terms":[],"taxonomy":"category","extraData":[]},"publishpress_future_workflow_manual_trigger":{"enabledWorkflows":[]},"_links":{"self":[{"href":"https:\/\/www.cgt-lkn.org\/bizkaia-gestamp\/wp-json\/wp\/v2\/posts\/7240","targetHints":{"allow":["GET"]}}],"collection":[{"href":"https:\/\/www.cgt-lkn.org\/bizkaia-gestamp\/wp-json\/wp\/v2\/posts"}],"about":[{"href":"https:\/\/www.cgt-lkn.org\/bizkaia-gestamp\/wp-json\/wp\/v2\/types\/post"}],"author":[{"embeddable":true,"href":"https:\/\/www.cgt-lkn.org\/bizkaia-gestamp\/wp-json\/wp\/v2\/users\/72"}],"replies":[{"embeddable":true,"href":"https:\/\/www.cgt-lkn.org\/bizkaia-gestamp\/wp-json\/wp\/v2\/comments?post=7240"}],"version-history":[{"count":1,"href":"https:\/\/www.cgt-lkn.org\/bizkaia-gestamp\/wp-json\/wp\/v2\/posts\/7240\/revisions"}],"predecessor-version":[{"id":7241,"href":"https:\/\/www.cgt-lkn.org\/bizkaia-gestamp\/wp-json\/wp\/v2\/posts\/7240\/revisions\/7241"}],"wp:featuredmedia":[{"embeddable":true,"href":"https:\/\/www.cgt-lkn.org\/bizkaia-gestamp\/wp-json\/wp\/v2\/media\/5248"}],"wp:attachment":[{"href":"https:\/\/www.cgt-lkn.org\/bizkaia-gestamp\/wp-json\/wp\/v2\/media?parent=7240"}],"wp:term":[{"taxonomy":"category","embeddable":true,"href":"https:\/\/www.cgt-lkn.org\/bizkaia-gestamp\/wp-json\/wp\/v2\/categories?post=7240"},{"taxonomy":"post_tag","embeddable":true,"href":"https:\/\/www.cgt-lkn.org\/bizkaia-gestamp\/wp-json\/wp\/v2\/tags?post=7240"}],"curies":[{"name":"wp","href":"https:\/\/api.w.org\/{rel}","templated":true}]}}