{"id":7165,"date":"2020-08-24T09:42:39","date_gmt":"2020-08-24T07:42:39","guid":{"rendered":"https:\/\/www.cgt-lkn.org\/bizkaia\/gestamp\/?p=7165"},"modified":"2020-11-25T16:53:21","modified_gmt":"2020-11-25T15:53:21","slug":"los-trabajadores-del-metal-de-la-bahia-hemos-sido-olvidados-durante-decadas-estamos-dando-un-grito-de-rabia-y-hay-quien-no-se-entera","status":"publish","type":"post","link":"https:\/\/www.cgt-lkn.org\/bizkaia-gestamp\/2020\/08\/24\/los-trabajadores-del-metal-de-la-bahia-hemos-sido-olvidados-durante-decadas-estamos-dando-un-grito-de-rabia-y-hay-quien-no-se-entera\/","title":{"rendered":"\u201cLos trabajadores del metal de la Bah\u00eda hemos sido olvidados durante d\u00e9cadas, estamos dando un grito de rabia y hay quien no se entera\u201d"},"content":{"rendered":"<p>Al cumplirse una semana de la movilizaci\u00f3n de trabajadores de la industria auxiliar de los astilleros gaditanos es momento de recapitular y situar en qu\u00e9 punto est\u00e1 el conflicto, que ya ha llevado al cierre patronal durante el fin de semana (se hizo efectiva la amenaza de la Federaci\u00f3n de Empresarios del Metal de la provincia de C\u00e1diz, Femca, que afecta a unos 2.500 trabajadores de diferentes contratas), tras paralizarse pr\u00e1cticamente la producci\u00f3n en las factor\u00edas de Navantia de Puerto Real y de San Fernando. En paralelo, CGT quiere \u201clegalizar\u201d la acci\u00f3n de los trabajadores convocando huelga indefinida en el sector a partir del 27 de agosto.<\/p>\n<p>Desde el lunes d\u00eda 17, la Coordinadora de Profesionales del Metal de la Bah\u00eda de C\u00e1diz promueve este paro en la actividad en el astillero puertorreale\u00f1o y el de La Isla (en el primero se trabaja en varias plataformas de e\u00f3lica offshore y en La Isla en las corbetas para Arabia Saud\u00ed) hasta que \u201cse readmita a los trabajadores despedidos como represalia\u201d tras recientes protestas (se cort\u00f3 durante un rato el paso al puente Carranza); y varios de ellos han acampado en la entrada a Matagorda. De este modo, a la demanda de carga de trabajo \u201cdigna\u201d y al cumplimiento del convenio, se suma ahora esta exigencia, y adem\u00e1s, que se haga una auditoria externa a Navantia \u201cy que se aclare por qu\u00e9 no se logra traer faena\u201d.<\/p>\n<p>Esta movilizaci\u00f3n est\u00e1 respaldada\u00a0<a href=\"https:\/\/www.diariobahiadecadiz.com\/noticias\/la-bahia\/continua-la-huelga-de-trabajadores-de-la-industria-auxiliar-de-los-astilleros-gaditanos-y-el-intento-de-criminalizacion-de-su-lucha\/\">por la Confluencia Sindical de la Bah\u00eda de C\u00e1diz<\/a>\u00a0(que agrupa a CGT, SAT, Ustea, CNT El Puerto, CTA, CPM y Autonom\u00eda Obrera); por\u00a0<a href=\"https:\/\/www.diariobahiadecadiz.com\/noticias\/la-bahia\/trabajadores-de-empresas-auxiliares-del-sector-aeronautico-gaditano-empatizan-con-sus-companeros-del-sector-naval-nos-toca-pelear\/\">delegados de empresas auxiliares del sector aeron\u00e1utico en la comarca<\/a>; por\u00a0<a href=\"https:\/\/www.diariobahiadecadiz.com\/noticias\/cadiz\/el-alcalde-de-cadiz-apoya-y-respalda-las-exigencias-de-trabajadores-del-sector-del-metal-y-su-lucha-por-un-horizonte-mejor-para-la-bahia\/\">el alcalde de la capital, Jos\u00e9 Mar\u00eda Gonz\u00e1lez \u2018Kichi\u2019<\/a>, que quiere reunirse con sus hom\u00f3logos de San Fernando, Puerto Real y El Puerto, pero los tres han rechazado el encuentro); o por representantes de Adelante Andaluc\u00eda (la coalici\u00f3n de Podemos e IU), que ya han visitado la acampada y han avanzado que llevar\u00e1n \u201cesta lucha al Parlamento andaluz y a todas las instituciones\u201d. Por el otro lado, esta acci\u00f3n de presi\u00f3n la rechazan rotundamente,\u00a0<a href=\"https:\/\/www.diariobahiadecadiz.com\/noticias\/la-bahia\/sobrevuela-el-cierre-patronal-en-el-sector-de-la-industria-auxiliar-naval-de-la-bahia-de-cadiz-ante-la-situacion-del-paro-ilegal-que-sufrimos\/\">adem\u00e1s de la Femca<\/a>, como es l\u00f3gico, los comit\u00e9s de empresa de las tres factor\u00edas de la Bah\u00eda.<\/p>\n<div class=\"irlqdxgbak irlqdxgbak-clearfix irlqdxgbak-post-inline irlqdxgbak-float-center irlqdxgbak-align-center irlqdxgbak-column-1\">\n<div id=\"irlqdxgbak-76947-1110932634\" class=\"irlqdxgbak-container irlqdxgbak-type-code \" data-adid=\"76947\" data-type=\"code\">\n<div id=\"irlqdxgbak-76947-1110932634-place\">El jueves se celebraba una votaci\u00f3n en el astillero de la capital promovida por su comit\u00e9 en la que gan\u00f3 \u201cde manera un\u00e1nime\u201d el voto a favor de seguir trabajando; y para este lunes d\u00eda 24, es el comit\u00e9 de la planta de Puerto Real la que ha anunciado una consulta entre todas las personas del la industria auxiliar del astillero que est\u00e9n activo para que se pronuncien sobre si secundan mantener el paro indefinido. Este comit\u00e9, que durante estos d\u00edas ha arremetido contra la Coordinadora del Metal, asegura que una \u201cgran mayor\u00eda\u201d de operarios de contratas le ha trasladado \u201cel deseo de que les facilitemos el ejercicio al derecho leg\u00edtimo de efectuar una votaci\u00f3n, a trav\u00e9s de la cual, se asegure la transparencia, con un voto libre, directo y secreto\u201d.<\/div>\n<\/div>\n<\/div>\n<h3><strong>\u201cSON LOS TRABAJADORES LOS QUE DECIDIMOS Y NO LAS SIGLAS\u201d<\/strong><\/h3>\n<p>Ante este anuncio del comit\u00e9 de empresa de Matagorda, ya se ha pronunciado la Coordinadora de Profesionales del Metal de la Bah\u00eda. Entiende que en su comunicado \u201cdesprecia notoriamente a la dignidad de los trabajadores y al derecho a decidir en asamblea\u201d. \u201cSe habla \u2013por parte del comit\u00e9- de asambleas y comportamientos salvajes, mientras que nosotros en nuestras asambleas, hablamos de carga y alternativas a la carga de trabajo, cumplimiento de convenio, cese de la represi\u00f3n, opci\u00f3n de cuarto turno para que trabajemos todos o bolsas de trabajo\u201d.<\/p>\n<p>\u201cEn vez de solidarizarse con nuestras reivindicaciones, no reconocen lo que todo el mundo en astilleros sabe que ocurre desde hace d\u00e9cadas y da por bueno la represalia, estando o no de acuerdo con nosotros, en un ejemplo claro de falta de solidaridad\u201d, se lamenta.<\/p>\n<p>Adem\u00e1s, se incide en que desde que se inici\u00f3 esta protesta hace una semana se han celebrado dos votaciones para decidir qu\u00e9 hacer: \u201clas dos votaciones hechas hasta el momento han sido libres y sin ninguna coacci\u00f3n, como demuestran los v\u00eddeos. Incluso no se aprueba la propuesta hecha por la Coordinadora pero nosotros aceptamos lo votado, como prueba inequ\u00edvoca que son los trabajadores los que decidimos y no las siglas\u201d, se apostilla.<\/p>\n<p>En concreto, la primera votaci\u00f3n se celebraba en la primera jornada de acampado como medida de protesta a los despidos de los compa\u00f1eros: \u201cen asambleas en los astilleros de San Fernando y Puerto Real se decidi\u00f3 en votaci\u00f3n, propuesta por los trabajadores, a mano alzada y por inmensa mayor\u00eda, no entrar a trabajar hasta que fueran reincorporados\u201d. Y el mi\u00e9rcoles 19, la Coordinadora opt\u00f3 por repetir la votaci\u00f3n \u201cporque nos parec\u00eda fundamental explicar cuestiones legales que podr\u00edan perjudicar a los trabajadores en caso de continuar con el paro. Propusimos volver al trabajo y continuar con las reivindicaciones de otras formas, pero la asamblea volvi\u00f3 a ser clara y rotunda y a mano alzada se decidi\u00f3 continuar a pesar de las advertencias legales\u201d.<\/p>\n<p>En este contexto, y en una nota remitida a DIARIO Bah\u00eda de C\u00e1diz, la Coordinadora del Metal lamenta que los \u201cataques\u201d por parte del comit\u00e9 de Puerto Real y de la Femca, \u201caut\u00e9nticos portavoces de la direcci\u00f3n de Navantia\u201d, \u201chan sido continuos, intentando criminalizar una protesta que en todo momento ha sido un ejemplo de que los trabajadores somos los que debemos de decidir sobre los Derechos de los trabajadores\u201d.<\/p>\n<p>\u201cLa asamblea y el voto a mano alzada ha sido hist\u00f3ricamente el mecanismo utilizado por los comit\u00e9s de Navantia. Desvirtuar la asamblea de trabajadores es un ataque grav\u00edsimo a la clase trabajadora y a la historia de las movilizaciones en los astilleros de la Bah\u00eda. Lo que antes val\u00eda para defender a los trabajadores de astilleros ya no vale para defender a los trabajadores de contratas\u201d, se queja la Coordinadora, que avanza que no participar\u00e1 en la \u201cfarsa\u201d anunciada por el comit\u00e9 de Matagorda, \u201cy, en el caso de que haya una votaci\u00f3n, el voto a mano alzada es nuestra opci\u00f3n y tiene que ser propuesta por los trabajadores y no por la propia patronal\u201d.<\/p>\n<p>\u201cLa patronal y algunos delegados sindicales proponen unas votaciones con voto \u2018libre, transparente, directo y secreto\u2019. Pero previamente han amenazado con despidos y cierre patronal. Los que nos acusan de coaccionar, nos coaccionan proponiendo la posibilidad de volver o no al trabajo. \u2018pero si no se vuelve, o echan el cierre patronal o despiden al personal\u2019\u201d, se a\u00f1ade.<\/p>\n<p>&nbsp;<\/p>\n<h3><img decoding=\"async\" class=\"aligncenter\" src=\"https:\/\/www.diariobahiadecadiz.com\/noticias\/wp-content\/uploads\/2020\/08\/protestatrabajadoresindustriaauxiliarpragos20-eu-2.jpg\" \/><\/h3>\n<h3><strong>HEMOS DADO VOZ A UN COLECTIVO CALLADO\u201d<\/strong><\/h3>\n<p>Por otro lado, este colectivo anota que \u201cindependientemente de los ataques que recibamos, del resultado de la pretendida votaci\u00f3n y de que nos sitien y proh\u00edban el paso a los compa\u00f1eros a visitarnos (a la acampada), continuaremos en la lucha. La vuelta al trabajo de los despidos debe de ser inminente as\u00ed como el inicio de unas negociaciones que hagan referencia a nuestras reivindicaciones\u201d.<\/p>\n<p>La Coordinadora del Metal recuerda que naci\u00f3 con la idea de ser el mecanismo que organice a los trabajadores de las empresas auxiliares, \u201cy hemos dado voz a un colectivo callado y dejado a un lado durante d\u00e9cadas\u201d. \u201cHemos sacado de la m\u00e1quina del caf\u00e9, de los vestuarios y de los tornos las miles de quejas y las hemos puesto sobre la mesa. Parece que esto no le gusta al poder que intenta con toda su fuerza, que es mucha, que sigamos desorganizados en cientos de contratas y nuestras quejas no salgan de astilleros o, como mucho, de un archivo de la Inspecci\u00f3n de Trabajo\u201d.<\/p>\n<p>En este sentido, se cuestiona la actitud tomada por las alcaldesas de San Fernando y Puerto Real (del PSOE) y el alcalde de El Puerto (del PP) al rechazar de antemano la reuni\u00f3n convocada por el alcalde de la capital (de Adelante C\u00e1diz) para abordar este conflicto, ya que, dicen, deben hablar primero con los comit\u00e9s de Navantia.<\/p>\n<p>Para la Coordinadora, \u201cse demuestra claramente la desinformaci\u00f3n por parte de Cavada, Amaya y Beardo que desprecian a los trabajadores de contratas y a nuestros problemas: desconocen los horarios carcelarios de la mayor\u00eda de las empresas; desconocen la precariedad en aumento; desconocen los accidentes mortales en el sector que siempre y casualmente nos ha tocado a los trabajadores de la auxiliares; desconocen los flagrantes incumplimientos de convenios; desconocen el enchufismo y los despidos injustificados\u2026\u201d.<\/p>\n<p>\u201cSi desconocen todo esto, podr\u00edan empezar a darse cuenta de que gran parte de su poblaci\u00f3n son trabajadores de contratas y ni la Inspecci\u00f3n de Trabajo, ni los juzgados, ni los ayuntamientos y ni los diferentes gobiernos se han preocupado por hacer justicia. Los trabajadores del metal de la Bah\u00eda hemos sido durante d\u00e9cadas olvidados y esta semana hemos dado un grito de rabia. Pero por lo que vemos, hay quien no se quiere enterar\u201d.<\/p>\n<h3><strong>EL ALCALDE DE CHICLANA, \u201cDESDE LA HUMILDAD\u201d, LLAMA AL DI\u00c1LOGO ENTRE LA PATRONAL Y TRABAJADORES<\/strong><\/h3>\n<p>Y aunque no ha sido convocado a esa frustrada reuni\u00f3n de alcaldes de la Bah\u00eda, el de Chiclana, y tambi\u00e9n diputado de Desarrollo Econ\u00f3mico de la Diputaci\u00f3n, Jos\u00e9 Mar\u00eda Rom\u00e1n, ha querido pronunciarse, concretando que su localidad \u201ccuenta con el 50% de la industria auxiliar de astilleros, por lo que este conflicto, aunque no est\u00e9 en nuestro municipio, nos toca de cerca\u201d.<\/p>\n<p>\u201cEstamos viviendo con preocupaci\u00f3n la crisis que hay entre la patronal y los trabajadores y, con la \u00fanica intenci\u00f3n de bajar la tensi\u00f3n y por la necesidad de di\u00e1logo, creo, desde la humildad, que las partes implicadas puedan sentarse y dialogar, para que no tengamos una grave situaci\u00f3n m\u00e1s que a\u00f1adir a la Bah\u00eda, que ha peleado mucho y sigue haci\u00e9ndolo para salir adelante\u201d, ha apuntado este primer edil socialista.<\/p>\n<p>Rom\u00e1n reflexiona que \u201cexiste una carga de trabajo amarrada de cara al futuro, pero no se puede poner en riesgo. Es por ello que, humildemente y sin pretender molestar a nadie ni decir lo que cada uno debe hacer, pedir\u00eda, si se puede hacer, un esfuerzo para que haya una mesa en la que se puedan sentar las dos partes implicadas. Creo que ser\u00eda una iniciativa muy importante, por los tiempos por los que pasamos, por la preocupaci\u00f3n que existe por el empleo en la Bah\u00eda y por el inmenso trabajo que est\u00e1 constando sacar adelante todo esto. Creo que solo por eso, las partes deber\u00edan ceder un poco y llegar a ese di\u00e1logo necesario para conseguir un entendimiento entre los trabajadores y la patronal\u201d.<\/p>\n<p>&nbsp;<\/p>\n<p>Fuente: https:\/\/www.diariobahiadecadiz.com\/noticias\/la-bahia\/los-trabajadores-del-metal-de-la-bahia-hemos-sido-olvidados-durante-decadas-estamos-dando-un-grito-de-rabia-y-hay-quien-no-se-entera\/<\/p>\n","protected":false},"excerpt":{"rendered":"<h5 class=\"post-subtitle\">Tras una semana de movilizaci\u00f3n de trabajadores de la industria auxiliar de los astilleros gaditanos es momento situar en qu\u00e9 punto est\u00e1 el conflicto, que ya ha llevado al cierre patronal, tras paralizarse la producci\u00f3n en las factor\u00edas de Navantia de Puerto Real y de San Fernando. En paralelo, CGT quiere \u201clegalizar\u201d la acci\u00f3n convocando huelga indefinida. El comit\u00e9 de empresa de Matagorda ha convocado una votaci\u00f3n que decida este lunes si contin\u00faa el paro, que rechaza la Coordinadora del Metal al \u201cdespreciar\u201d lo ya votado por los trabajadores en asambleas. Al tiempo, la reuni\u00f3n convocada por el alcalde de la capital con sus hom\u00f3logos de la Bah\u00eda para abordar este problema queda en nada, mientras el primer edil chiclanero llama al \u201cdi\u00e1logo\u201d entre las partes.<\/h5>\n","protected":false},"author":72,"featured_media":7166,"comment_status":"closed","ping_status":"open","sticky":false,"template":"","format":"standard","meta":{"footnotes":"","_links_to":"","_links_to_target":""},"categories":[30,5],"tags":[147,124],"class_list":["post-7165","post","type-post","status-publish","format-standard","has-post-thumbnail","hentry","category-accion-directa","category-automocion","tag-huelga","tag-metal"],"publishpress_future_action":{"enabled":false,"date":"2026-05-07 12:18:09","action":"change-status","newStatus":"draft","terms":[],"taxonomy":"category","extraData":[]},"publishpress_future_workflow_manual_trigger":{"enabledWorkflows":[]},"_links":{"self":[{"href":"https:\/\/www.cgt-lkn.org\/bizkaia-gestamp\/wp-json\/wp\/v2\/posts\/7165","targetHints":{"allow":["GET"]}}],"collection":[{"href":"https:\/\/www.cgt-lkn.org\/bizkaia-gestamp\/wp-json\/wp\/v2\/posts"}],"about":[{"href":"https:\/\/www.cgt-lkn.org\/bizkaia-gestamp\/wp-json\/wp\/v2\/types\/post"}],"author":[{"embeddable":true,"href":"https:\/\/www.cgt-lkn.org\/bizkaia-gestamp\/wp-json\/wp\/v2\/users\/72"}],"replies":[{"embeddable":true,"href":"https:\/\/www.cgt-lkn.org\/bizkaia-gestamp\/wp-json\/wp\/v2\/comments?post=7165"}],"version-history":[{"count":1,"href":"https:\/\/www.cgt-lkn.org\/bizkaia-gestamp\/wp-json\/wp\/v2\/posts\/7165\/revisions"}],"predecessor-version":[{"id":7167,"href":"https:\/\/www.cgt-lkn.org\/bizkaia-gestamp\/wp-json\/wp\/v2\/posts\/7165\/revisions\/7167"}],"wp:featuredmedia":[{"embeddable":true,"href":"https:\/\/www.cgt-lkn.org\/bizkaia-gestamp\/wp-json\/wp\/v2\/media\/7166"}],"wp:attachment":[{"href":"https:\/\/www.cgt-lkn.org\/bizkaia-gestamp\/wp-json\/wp\/v2\/media?parent=7165"}],"wp:term":[{"taxonomy":"category","embeddable":true,"href":"https:\/\/www.cgt-lkn.org\/bizkaia-gestamp\/wp-json\/wp\/v2\/categories?post=7165"},{"taxonomy":"post_tag","embeddable":true,"href":"https:\/\/www.cgt-lkn.org\/bizkaia-gestamp\/wp-json\/wp\/v2\/tags?post=7165"}],"curies":[{"name":"wp","href":"https:\/\/api.w.org\/{rel}","templated":true}]}}