{"id":7136,"date":"2020-08-04T09:05:29","date_gmt":"2020-08-04T07:05:29","guid":{"rendered":"https:\/\/www.cgt-lkn.org\/bizkaia\/gestamp\/?p=7136"},"modified":"2020-11-25T16:53:34","modified_gmt":"2020-11-25T15:53:34","slug":"una-persona-informo-que-habia-dado-positivo-en-coronavirus","status":"publish","type":"post","link":"https:\/\/www.cgt-lkn.org\/bizkaia-gestamp\/2020\/08\/04\/una-persona-informo-que-habia-dado-positivo-en-coronavirus\/","title":{"rendered":"Una persona inform\u00f3 que hab\u00eda dado positivo en Coronavirus"},"content":{"rendered":"<ul>\n<li>El pasado martes 28 de julio una persona de producci\u00f3n inform\u00f3 que hab\u00eda dado positivo en Coronavirus.<\/li>\n<li>A consecuencia de ello el compa\u00f1ero de trabajo de dicha persona se alert\u00f3 por motivos obvios y lo notific\u00f3 al servicio m\u00e9dico de planta, solicitando que le hiciesen la prueba PCR.<\/li>\n<li>Seg\u00fan el protocolo establecido el uso de mascarilla y distancia de seguridad en un periodo inferior a 15 minutos es argumento suficiente para trasladar a este compa\u00f1ero desde el servicio m\u00e9dico que no hay riesgo.<\/li>\n<li>El compa\u00f1ero no lo considera suficiente.<\/li>\n<li>El jueves 30 este compa\u00f1ero empieza a mostrar s\u00edntomas que pudieran estar vinculados a un posible contagio.<\/li>\n<li>Ese d\u00eda se lo traslada de nuevo al m\u00e9dico de empresa que estima concertar cita en IMQ en Bilbo para que este compa\u00f1ero acuda a realizarse el test PCR.<\/li>\n<li>La empresa Gestamp Bizkaia cancela dicha cita.<\/li>\n<li>El compa\u00f1ero solicita asistencia m\u00e9dica en Osakidetza.<\/li>\n<li>El viernes le realizan la prueba PCR en Osakidetza.<\/li>\n<li>El s\u00e1bado le dan el resultado.<\/li>\n<li>Positivo.<\/li>\n<li>El compa\u00f1ero informa a Osakidetza de los nombres de las personas con las que ha tenido contacto.<\/li>\n<li>Este compa\u00f1ero hubiera cogido vacaciones el 7 de agosto.<\/li>\n<li>Si no llega a actuar por s\u00ed mismo no queremos imaginar los hechos.<\/li>\n<li>Tampoco menospreciar el transcurso de tiempo (3 d\u00edas) que este compa\u00f1ero acudi\u00f3 a su puesto de trabajo sin que se tomasen medidas por parte de la direcci\u00f3n de empresa.<\/li>\n<li>La direcci\u00f3n de empresa a pesar de carecer de autoridad sanitaria es quien determina que a esta persona NO se le haga el test PCR a trav\u00e9s de los servicios m\u00e9dicos estipulados al efecto.<\/li>\n<\/ul>\n<p><em>La mejor\u00a0 prevenci\u00f3n personal, m\u00e1s all\u00e1 de lo que indiquen protocolos, es la que te demuestres y reivindiques para ti misma.<\/em><\/p>\n<p>&nbsp;<\/p>\n<p style=\"text-align: center\"><a href=\"https:\/\/www.cgt-lkn.org\/bizkaia-gestamp\/category\/covid-19\/\">TODO SOBRE EL COVID-19 EN GESTAMP BIZKAIA\u00a0<\/a><\/p>\n<p><a href=\"https:\/\/www.cgt-lkn.org\/bizkaia-gestamp\/category\/covid-19\/\"><img loading=\"lazy\" decoding=\"async\" class=\"aligncenter size-medium wp-image-6813\" src=\"https:\/\/www.cgt-lkn.org\/wp-content\/uploads\/sites\/20\/2020\/03\/cornavirus-300x169.jpg\" alt=\"\" width=\"300\" height=\"169\" srcset=\"https:\/\/www.cgt-lkn.org\/bizkaia-gestamp\/wp-content\/uploads\/sites\/20\/2020\/03\/cornavirus-300x169.jpg 300w, https:\/\/www.cgt-lkn.org\/bizkaia-gestamp\/wp-content\/uploads\/sites\/20\/2020\/03\/cornavirus-150x85.jpg 150w, https:\/\/www.cgt-lkn.org\/bizkaia-gestamp\/wp-content\/uploads\/sites\/20\/2020\/03\/cornavirus-400x225.jpg 400w, https:\/\/www.cgt-lkn.org\/bizkaia-gestamp\/wp-content\/uploads\/sites\/20\/2020\/03\/cornavirus.jpg 600w\" sizes=\"auto, (max-width: 300px) 100vw, 300px\" \/><\/a><\/p>\n","protected":false},"excerpt":{"rendered":"<p>El pasado martes 28 de julio una persona de producci\u00f3n inform\u00f3 que hab\u00eda dado positivo en Coronavirus.<\/p>\n<p>A consecuencia de ello el compa\u00f1ero de trabajo de dicha persona se alert\u00f3 por motivos obvios y lo notific\u00f3 al servicio m\u00e9dico de planta, solicitando que le hiciesen la prueba PCR.<\/p>\n","protected":false},"author":72,"featured_media":6813,"comment_status":"closed","ping_status":"open","sticky":false,"template":"","format":"standard","meta":{"footnotes":"","_links_to":"","_links_to_target":""},"categories":[7,82,13,79],"tags":[83,87,84],"class_list":["post-7136","post","type-post","status-publish","format-standard","has-post-thumbnail","hentry","category-comunicados","category-covid-19","category-gestamp","category-gestamp-bizkaia","tag-covid19","tag-comunicado","tag-salud-laboral"],"publishpress_future_action":{"enabled":false,"date":"2026-05-02 07:54:10","action":"change-status","newStatus":"draft","terms":[],"taxonomy":"category","extraData":[]},"publishpress_future_workflow_manual_trigger":{"enabledWorkflows":[]},"_links":{"self":[{"href":"https:\/\/www.cgt-lkn.org\/bizkaia-gestamp\/wp-json\/wp\/v2\/posts\/7136","targetHints":{"allow":["GET"]}}],"collection":[{"href":"https:\/\/www.cgt-lkn.org\/bizkaia-gestamp\/wp-json\/wp\/v2\/posts"}],"about":[{"href":"https:\/\/www.cgt-lkn.org\/bizkaia-gestamp\/wp-json\/wp\/v2\/types\/post"}],"author":[{"embeddable":true,"href":"https:\/\/www.cgt-lkn.org\/bizkaia-gestamp\/wp-json\/wp\/v2\/users\/72"}],"replies":[{"embeddable":true,"href":"https:\/\/www.cgt-lkn.org\/bizkaia-gestamp\/wp-json\/wp\/v2\/comments?post=7136"}],"version-history":[{"count":1,"href":"https:\/\/www.cgt-lkn.org\/bizkaia-gestamp\/wp-json\/wp\/v2\/posts\/7136\/revisions"}],"predecessor-version":[{"id":7137,"href":"https:\/\/www.cgt-lkn.org\/bizkaia-gestamp\/wp-json\/wp\/v2\/posts\/7136\/revisions\/7137"}],"wp:featuredmedia":[{"embeddable":true,"href":"https:\/\/www.cgt-lkn.org\/bizkaia-gestamp\/wp-json\/wp\/v2\/media\/6813"}],"wp:attachment":[{"href":"https:\/\/www.cgt-lkn.org\/bizkaia-gestamp\/wp-json\/wp\/v2\/media?parent=7136"}],"wp:term":[{"taxonomy":"category","embeddable":true,"href":"https:\/\/www.cgt-lkn.org\/bizkaia-gestamp\/wp-json\/wp\/v2\/categories?post=7136"},{"taxonomy":"post_tag","embeddable":true,"href":"https:\/\/www.cgt-lkn.org\/bizkaia-gestamp\/wp-json\/wp\/v2\/tags?post=7136"}],"curies":[{"name":"wp","href":"https:\/\/api.w.org\/{rel}","templated":true}]}}