{"id":7122,"date":"2020-07-30T19:55:51","date_gmt":"2020-07-30T17:55:51","guid":{"rendered":"https:\/\/www.cgt-lkn.org\/bizkaia\/gestamp\/?p=7122"},"modified":"2020-08-24T09:35:58","modified_gmt":"2020-08-24T07:35:58","slug":"ayudas-para-trabajadorxs-afectadas-por-erte-derivado-del-covid-19","status":"publish","type":"post","link":"https:\/\/www.cgt-lkn.org\/bizkaia-gestamp\/2020\/07\/30\/ayudas-para-trabajadorxs-afectadas-por-erte-derivado-del-covid-19\/","title":{"rendered":"AYUDAS  PARA TRABAJADORXS  AFECTADAS POR ERTE DERIVADO DEL COVID-19"},"content":{"rendered":"<p>En el BOPV, de 27 de julio, se ha publicado la <strong>convocatoria de ayudas extraordinarias para las personas trabajadoras afectadas por expedientes de regulaci\u00f3n temporal de empleo derivados del COVID-19<\/strong>, que te remito en documento adjunto y en el siguiente enlace:<\/p>\n<p><a href=\"https:\/\/www.euskadi.eus\/y22-bopv\/es\/p43aBOPVWebWar\/VerParalelo.do?cd2020002986\">https:\/\/www.euskadi.eus\/y22-bopv\/es\/p43aBOPVWebWar\/VerParalelo.do?cd2020002986<\/a><\/p>\n<p>Son ayudas para:<\/p>\n<p><em>Art\u00edculo 3. &#8211; Ser\u00e1n beneficiarias de las ayudas previstas en esta convocatoria las personas trabajadoras por cuenta ajena o socias trabajadoras de sociedades laborales y de cooperativas de trabajo aso\u00adciado que, a fecha 1 de julio de 2020, se encuentren afectados por la suspensi\u00f3n de su contrato de trabajo o la reducci\u00f3n de su jornada laboral mediante expedientes de regulaci\u00f3n temporal de empleo, basados en los art\u00edculos 22 y 23 de Real Decreto-ley 8\/2020, de 17 de marzo y sean titulares de la prestaci\u00f3n contributiva por desempleo o bien pasen a tal situaci\u00f3n en el periodo comprendido entre el 1 de julio y el 30 de septiembre de 2020, y cumplan los siguientes requisitos: \u2026 <\/em>DEBER\u00c9IS SEGUIR LEYENDO.<\/p>\n<p><strong>Plazo de presentaci\u00f3n de la solicitud: desde ma\u00f1ana 28 de Julio hasta el 16 de Octubre.<\/strong><\/p>\n<p><strong><span style=\"color: #ff0000\">Se ha aprobado un presupuesto determinado<\/span>, <span style=\"text-decoration: underline\">por tanto hasta que \u00e9ste se acabe. <\/span><\/strong><\/p>\n<p>La solicitud tendr\u00e9is que remitirla telem\u00e1ticamente a trav\u00e9s de <a href=\"https:\/\/www.lanbide.euskadi.eus\"><strong>https:\/\/www.lanbide.euskadi.eus<\/strong><\/a><\/p>\n<p>&nbsp;<\/p>\n<p>Entradas Relacionadas:<\/p>\n<p>&nbsp;<\/p>\n<p><a href=\"https:\/\/www.cgt-lkn.org\/bizkaia\/archivos\/category\/asesoria-juridica\/coronavirus-covid19\">Todo lo que necesitas saber sobre el Covid-19<\/a><\/p>\n<p><a href=\"https:\/\/www.cgt-lkn.org\/bizkaia\/archivos\/category\/asesoria-juridica\/informacion-prestaciones-sociales\">INFORMACI\u00d3N PRESTACIONES SOCIALES<\/a><\/p>\n<p><a href=\"https:\/\/www.cgt-lkn.org\/bizkaia\/archivos\/6199\">Pedir cita con la asesor\u00eda<\/a><\/p>\n","protected":false},"excerpt":{"rendered":"<p><em>Ser\u00e1n beneficiarias de las ayudas previstas en esta convocatoria las personas trabajadoras por cuenta ajena o socias trabajadoras de sociedades laborales y de cooperativas de trabajo aso\u00adciado que se encuentren afectados por la suspensi\u00f3n de su contrato d o la reducci\u00f3n de su jornada laboral mediante expedientes de regulaci\u00f3n temporal de empleo (ERTE).<\/em><\/p>\n","protected":false},"author":72,"featured_media":7123,"comment_status":"closed","ping_status":"open","sticky":false,"template":"","format":"standard","meta":{"footnotes":"","_links_to":"","_links_to_target":""},"categories":[3,15],"tags":[135,86,136],"class_list":["post-7122","post","type-post","status-publish","format-standard","has-post-thumbnail","hentry","category-asesoria-juridica","category-informacion-y-documentos","tag-asesoria","tag-erte","tag-prestaciones-sociales"],"publishpress_future_action":{"enabled":false,"date":"2026-05-04 19:25:05","action":"change-status","newStatus":"draft","terms":[],"taxonomy":"category","extraData":[]},"publishpress_future_workflow_manual_trigger":{"enabledWorkflows":[]},"_links":{"self":[{"href":"https:\/\/www.cgt-lkn.org\/bizkaia-gestamp\/wp-json\/wp\/v2\/posts\/7122","targetHints":{"allow":["GET"]}}],"collection":[{"href":"https:\/\/www.cgt-lkn.org\/bizkaia-gestamp\/wp-json\/wp\/v2\/posts"}],"about":[{"href":"https:\/\/www.cgt-lkn.org\/bizkaia-gestamp\/wp-json\/wp\/v2\/types\/post"}],"author":[{"embeddable":true,"href":"https:\/\/www.cgt-lkn.org\/bizkaia-gestamp\/wp-json\/wp\/v2\/users\/72"}],"replies":[{"embeddable":true,"href":"https:\/\/www.cgt-lkn.org\/bizkaia-gestamp\/wp-json\/wp\/v2\/comments?post=7122"}],"version-history":[{"count":1,"href":"https:\/\/www.cgt-lkn.org\/bizkaia-gestamp\/wp-json\/wp\/v2\/posts\/7122\/revisions"}],"predecessor-version":[{"id":7124,"href":"https:\/\/www.cgt-lkn.org\/bizkaia-gestamp\/wp-json\/wp\/v2\/posts\/7122\/revisions\/7124"}],"wp:featuredmedia":[{"embeddable":true,"href":"https:\/\/www.cgt-lkn.org\/bizkaia-gestamp\/wp-json\/wp\/v2\/media\/7123"}],"wp:attachment":[{"href":"https:\/\/www.cgt-lkn.org\/bizkaia-gestamp\/wp-json\/wp\/v2\/media?parent=7122"}],"wp:term":[{"taxonomy":"category","embeddable":true,"href":"https:\/\/www.cgt-lkn.org\/bizkaia-gestamp\/wp-json\/wp\/v2\/categories?post=7122"},{"taxonomy":"post_tag","embeddable":true,"href":"https:\/\/www.cgt-lkn.org\/bizkaia-gestamp\/wp-json\/wp\/v2\/tags?post=7122"}],"curies":[{"name":"wp","href":"https:\/\/api.w.org\/{rel}","templated":true}]}}