{"id":7082,"date":"2020-07-03T10:40:28","date_gmt":"2020-07-03T08:40:28","guid":{"rendered":"https:\/\/www.cgt-lkn.org\/bizkaia\/gestamp\/?p=7082"},"modified":"2020-07-03T10:40:28","modified_gmt":"2020-07-03T08:40:28","slug":"video-zutik-en-pie-contra-las-desigualdades-sociales","status":"publish","type":"post","link":"https:\/\/www.cgt-lkn.org\/bizkaia-gestamp\/2020\/07\/03\/video-zutik-en-pie-contra-las-desigualdades-sociales\/","title":{"rendered":"VIDEO Zutik- En pie contra las desigualdades sociales"},"content":{"rendered":"<p><iframe loading=\"lazy\" title=\"Zutik!!  En pie contra las desigualdades sociales\" width=\"700\" height=\"394\" src=\"https:\/\/www.youtube.com\/embed\/cy4doYXup5A?feature=oembed\" frameborder=\"0\" allow=\"accelerometer; autoplay; clipboard-write; encrypted-media; gyroscope; picture-in-picture\" allowfullscreen><\/iframe><\/p>\n<p>&nbsp;<\/p>\n<h1 class=\"entry-title\"><\/h1>\n<p>Para CGT-LKN la presencia en las calles era ya necesaria antes de la pandemia del Covid-19 por la situaci\u00f3n de injusticia social que est\u00e1bamos padeciendo la sociedad en general y la clase trabajadora en particular. Ahora, despu\u00e9s de esta situaci\u00f3n, es m\u00e1s necesario que nunca que suene nuestra voz en las plazas y calles de nuestras ciudades y pueblos.<\/p>\n<p>Ahora m\u00e1s que nunca es necesario\u00a0<strong>defender unos servicios p\u00fablicos de calidad y universales<\/strong>\u00a0que garanticen nuestra salud, nuestra educaci\u00f3n y una forma de transporte sostenible. Es imprescindible que las residencias de personas ancianas o dependientes vuelvan a ser p\u00fablicas. No podemos volver a dejar en manos de la avaricia del capitalismo a nuestros mayores y a las personas m\u00e1s vulnerables.<\/p>\n<p>Hemos de garantizar una vida digna para quienes est\u00e1n en situaci\u00f3n de precariedad, ya sea debida a desempleo sobrevenido o porque el que tienen es precario. Exigimos\u00a0<strong>la desaparici\u00f3n de las horas extras y la reducci\u00f3n de la jornada laboral manteniendo el poder adquisitivo.<\/strong>\u00a0Sabemos que el pleno empleo es una quimera, por eso es necesario una\u00a0<strong>Renta B\u00e1sica de las iguales<\/strong>\u00a0que garantice una vida digna a todas las personas sin condiciones. El Gobierno debe tomar las medidas necesarias y de forma urgente para que ninguna persona afectada por un ERTE est\u00e9 a d\u00eda de hoy sin cobrar lo que le corresponde.<\/p>\n<p>La clase empresarial est\u00e1 obligada a dotar a sus trabajadores y trabajadoras de los EPIS necesarios que garanticen su salud tanto en el trabajo como en los desplazamientos. No podemos dejar que de nuevo las clases sociales con menos recursos paguen esta crisis mientras que el capital -como en 2008- salga mas enriquecido. Una sociedad que se dice avanzada no puede permitir m\u00e1s colas del hambre como las que se est\u00e1n viendo estos d\u00edas.<\/p>\n<p>Por todo esto CGT-LKN estar\u00e1 el pr\u00f3ximo d\u00eda 3<strong>0 de junio en Palacio de la Diputaci\u00f3n Foral de Bizkaia Gran Via 25 a las 12h.<\/strong><\/p>\n<p>Lo har\u00e1 con responsabilidad, atendiendo a todas las medidas de seguridad para la salud que sean necesarias, pero que no nos impedir\u00e1n dejar claro nuestro empe\u00f1o en exigir acciones contundentes<\/p>\n<p><strong>CONTRA LAS DESIGUALDADES SOCIALES<\/strong><\/p>\n<p><img loading=\"lazy\" decoding=\"async\" class=\"aligncenter wp-image-20183\" src=\"https:\/\/www.cgt-lkn.org\/wp-content\/uploads\/2020\/06\/30-Junio-concentracion-CGT-defensa-de-lo-publico-300x167.jpg\" alt=\"\" width=\"435\" height=\"242\" \/><\/p>\n<p>CGT-LKNrentzat, gizarteak orokorrean eta langilegoak bereziki pairatzen ari zen bidegabekeria sozial egoera zela eta, kalean izatea Covid-19 izurritearen aurretik ere beharrezkoa zen. Orain, gertakari honen ostean, gure ahotsa gure herrietako eta hirietako kaleetan eta plazetan entzutea inoiz baino beharrezkoagoa da.<\/p>\n<p>Orain inoiz baino gehiago, gure osasuna, gure hezkuntza eta garraiobide eramangarri batzuk bermatuko dituzten kalitatezko zerbitzu publiko unibertsalak defendatzea beharrezkoa da. Zaharren edo menpekotasunen bat duten pertsonentzako egoitzak publikoak izatera itzultzea ezinbestekoa da. Gure zaharrak eta pertsona ahulenak ezin ditugu berriz ere kapitalismoaren diru-gosearen eskuetan utzi. Lanik ez izanagatik edota lan oso prekarioa izanagatik prekarietate egoeran daudenei bizimodu duina bermatu behar diegu. Ordu extrak desagertzea eta erosketa gaitasuna mantenduz lan ihardunaldiak murriztea aldarrikatzen dugu. Erabateko enplegua ezinezkoa dela badakigu, horregatik salbuespenik gabe pertsona guztiei bizimodu duin bat bermatuko dien berdinen arteko Gutxieneko Errenta bat beharrezkoa da. Gobernuak, egun ERTE baten menpe dagoen orori zor zaiona kobratu gabe egon ez dadin, berehala beharrezkoak diren neurriak hartu behar ditu.<\/p>\n<p>Enpresari klaseak haren langileei lanean zein desplazamentuetan osasuna bermatzeko behar dituzten BPEak eskeintzera behartuta daude.Ezin dugu berriro ere onartu kapitala aberatsagoa irteten den bitartean, krisialdi hau -2008an bezela- baliabide gutxien dituzten<br \/>\nklase sozialek ordaindu dezatela. Bere burua aurreratutzat duen gizarte batek egunotan ikusten diren gosearen hilarak ezin ditu gehiago onartu.<\/p>\n<p>Horregatik, datorren ekainaren 30ean, CGT-LKN kaleetan izango da, erantzunkizunez, osasunerako beharrezkoak diren segurtasun neurriekin, egoeraren gainetik DESBERDINTASUN SOZIALEN AURKAko ekintza irmoak aldarrikatzeko gure asmoa garbi adierazteko.<\/p>\n","protected":false},"excerpt":{"rendered":"<p>Ahora m\u00e1s que nunca es necesario\u00a0<strong>defender unos servicios p\u00fablicos de calidad y universales<\/strong>\u00a0que garanticen nuestra salud, nuestra educaci\u00f3n y una forma de transporte sostenible. Es imprescindible que las residencias de personas ancianas o dependientes vuelvan a ser p\u00fablicas. No podemos volver a dejar en manos de la avaricia del capitalismo a nuestros mayores y a las personas m\u00e1s vulnerables.<\/p>\n<p>Hemos de garantizar una vida digna para quienes est\u00e1n en situaci\u00f3n de precariedad, ya sea debida a desempleo sobrevenido o porque el que tienen es precario. Exigimos\u00a0<strong>la desaparici\u00f3n de las horas extras y la reducci\u00f3n de la jornada laboral manteniendo el poder adquisitivo.<\/strong>\u00a0Sabemos que el pleno empleo es una quimera, por eso es necesario una\u00a0<strong>Renta B\u00e1sica de las iguales<\/strong>\u00a0que garantice una vida digna a todas las personas sin condiciones. El Gobierno debe tomar las medidas necesarias y de forma urgente para que ninguna persona afectada por un ERTE est\u00e9 a d\u00eda de hoy sin cobrar lo que le corresponde.<\/p>\n","protected":false},"author":31,"featured_media":7083,"comment_status":"closed","ping_status":"open","sticky":false,"template":"","format":"standard","meta":{"footnotes":"","_links_to":"","_links_to_target":""},"categories":[30,17],"tags":[131,116],"class_list":["post-7082","post","type-post","status-publish","format-standard","has-post-thumbnail","hentry","category-accion-directa","category-movilizaciones","tag-desigualdades-sociales","tag-movilizaciones"],"publishpress_future_action":{"enabled":false,"date":"2026-05-02 06:20:45","action":"change-status","newStatus":"draft","terms":[],"taxonomy":"category","extraData":[]},"publishpress_future_workflow_manual_trigger":{"enabledWorkflows":[]},"_links":{"self":[{"href":"https:\/\/www.cgt-lkn.org\/bizkaia-gestamp\/wp-json\/wp\/v2\/posts\/7082","targetHints":{"allow":["GET"]}}],"collection":[{"href":"https:\/\/www.cgt-lkn.org\/bizkaia-gestamp\/wp-json\/wp\/v2\/posts"}],"about":[{"href":"https:\/\/www.cgt-lkn.org\/bizkaia-gestamp\/wp-json\/wp\/v2\/types\/post"}],"author":[{"embeddable":true,"href":"https:\/\/www.cgt-lkn.org\/bizkaia-gestamp\/wp-json\/wp\/v2\/users\/31"}],"replies":[{"embeddable":true,"href":"https:\/\/www.cgt-lkn.org\/bizkaia-gestamp\/wp-json\/wp\/v2\/comments?post=7082"}],"version-history":[{"count":1,"href":"https:\/\/www.cgt-lkn.org\/bizkaia-gestamp\/wp-json\/wp\/v2\/posts\/7082\/revisions"}],"predecessor-version":[{"id":7084,"href":"https:\/\/www.cgt-lkn.org\/bizkaia-gestamp\/wp-json\/wp\/v2\/posts\/7082\/revisions\/7084"}],"wp:featuredmedia":[{"embeddable":true,"href":"https:\/\/www.cgt-lkn.org\/bizkaia-gestamp\/wp-json\/wp\/v2\/media\/7083"}],"wp:attachment":[{"href":"https:\/\/www.cgt-lkn.org\/bizkaia-gestamp\/wp-json\/wp\/v2\/media?parent=7082"}],"wp:term":[{"taxonomy":"category","embeddable":true,"href":"https:\/\/www.cgt-lkn.org\/bizkaia-gestamp\/wp-json\/wp\/v2\/categories?post=7082"},{"taxonomy":"post_tag","embeddable":true,"href":"https:\/\/www.cgt-lkn.org\/bizkaia-gestamp\/wp-json\/wp\/v2\/tags?post=7082"}],"curies":[{"name":"wp","href":"https:\/\/api.w.org\/{rel}","templated":true}]}}