{"id":7014,"date":"2020-05-27T19:27:10","date_gmt":"2020-05-27T17:27:10","guid":{"rendered":"http:\/\/www.cgt-lkn.org\/bizkaia\/gestamp\/?p=7014"},"modified":"2020-05-27T19:27:10","modified_gmt":"2020-05-27T17:27:10","slug":"un-ano-desde-el-suicidio-de-veronica-el-caso-iveco-sobreseido-entre-el-silencio-y-el-olvido","status":"publish","type":"post","link":"https:\/\/www.cgt-lkn.org\/bizkaia-gestamp\/2020\/05\/27\/un-ano-desde-el-suicidio-de-veronica-el-caso-iveco-sobreseido-entre-el-silencio-y-el-olvido\/","title":{"rendered":"Un a\u00f1o desde el suicidio de Ver\u00f3nica: el &#8216;caso Iveco&#8217;, sobrese\u00eddo entre el silencio y el olvido."},"content":{"rendered":"<p>Ver\u00f3nica Rubio se quit\u00f3 la vida el 25 de mayo de 2019, despu\u00e9s de que un v\u00eddeo de contenido sexual fuera difundido sin su consentimiento<\/p>\n<p>La jueza ha archivado el caso \u00abante la falta de autor conocido\u00bb y ante la ausencia de una denuncia por parte de la v\u00edctima.<\/p>\n<p><strong>Ver\u00f3nica Rubio<\/strong> se quit\u00f3 la vida hace un a\u00f1o. Entonces el caso fue fagocitado por los medios y discurri\u00f3 entre la indignaci\u00f3n de unos, el periodismo carro\u00f1ero y sensacionalista de otros y la tristeza, consternaci\u00f3n y dolor que a la inmensa mayor\u00eda de la plantilla de Iveco le supuso el suceso y que adem\u00e1s fue tratada injustamente por la infame acci\u00f3n de aquel o aquellos que, seg\u00fan la jueza, no se han podido determinar como los que accionaron el \u201cdispositivo\u201d que acab\u00f3 con su vida. La muerte de la trabajadora puso de relieve la responsabilidad de las empresas en los casos de acoso sexual, las muchas formas que adopta la violencia contra las mujeres y la ausencia de una pedagog\u00eda s\u00f3lida en materia de igualdad y en el uso correcto de las redes sociales. A d\u00eda de hoy ninguno de estos tres supuestos est\u00e1 resuelto.<\/p>\n<p>Un a\u00f1o despu\u00e9s de su suicidio, el juzgado penal n\u00famero cinco de Alcal\u00e1 de Henares (Madrid) ha sobrese\u00eddo el caso. Sin denuncia por parte de la trabajadora, sin indicios de que fuese v\u00edctima de extorsi\u00f3n y sin autores claros del posible delito, la jueza ha decidido archivar el caso. <strong>El procedimiento se inici\u00f3 por la presunta comisi\u00f3n de dos delitos: uno por descubrimiento y revelaci\u00f3n de secretos y otro por infligir a otra persona a un trato degradante, menoscabando gravemente su integridad moral. \u00abLa jueza archiva el caso ante la falta de autor conocido en el primer delito y ante la falta de denuncia en el otro, requisito obligatorio para seguir adelante\u00bb.<\/strong> No entendemos que a estas alturas con los medios t\u00e9cnicos que existen no se haya podido determinar cu\u00e1l fue el responsable o responsables del env\u00edo. Seguramente si se hubiese tratado de otro tipo de delito u otra la persona o instituci\u00f3n atacada la investigaci\u00f3n hubiese sido distinta.<\/p>\n<p>NO vamos a entrar en debates porque ya dijimos lo que pens\u00e1bamos entonces y lo mantenemos. Salvaguardar la memoria y la dignidad de Ver\u00f3nica est\u00e1 por encima de todo para nosotros. Pero lo que tenemos muy claro es que la responsabilidad recae sobre aquellos que comparten un video intimo sin consentimiento de la persona implicada pero en ning\u00fan caso podemos acusar a la mujer por haberse grabado en v\u00eddeo.<\/p>\n<p>Despu\u00e9s del sobreseimiento no sabremos que recorrido tendr\u00e1 la Denuncia en la Inspecci\u00f3n de Trabajo. Lo que ahora importa es que si queremos Un mundo de trabajo sin violencia, nos queda mucho por recorrer. Desde entonces hemos intentado en varias ocasiones reactivar el aspecto de riesgos psicosociales, desarrollar el Plan de Igualdad y los protocolos de acoso as\u00ed como la necesidad de contar con un trabajador social\u2026. pero parece que las prioridades son otras. Tras su fallecimiento la empresa volvi\u00f3 a realizar otra encuesta de GTPW. Como en la anterior SILENCIO. El mismo silencio que mantuvo durante los acontecimientos.<\/p>\n<p>Hoy, un a\u00f1o despu\u00e9s y con hechos sobre la mesa como los que se han dado y se dan en nuestra sociedad hay que denunciar y seguir trabajando con m\u00e1s ah\u00ednco para que no suceda y no dejar a ninguna v\u00edctima m\u00e1s abandonada.<\/p>\n<p>SECCI\u00d3N SINDICAL CGT DE IVECO ESPA\u00d1A S.L. (MADRID)<\/p>\n","protected":false},"excerpt":{"rendered":"<p><strong>Ver\u00f3nica Rubio<\/strong> se quit\u00f3 la vida el 25 de mayo de 2019, despu\u00e9s de que un v\u00eddeo de contenido sexual fuera difundido sin su consentimiento La jueza ha archivado el caso \u00abante la falta de autor conocido\u00bb y ante la ausencia de una denuncia por parte de la v\u00edctima. Ver\u00f3nica Rubio se quit\u00f3 la vida hace un a\u00f1o. Entonces el caso fue fagocitado por los medios y discurri\u00f3 entre la indignaci\u00f3n de unos, el periodismo carro\u00f1ero y sensacionalista de otros y la tristeza.<\/p>\n","protected":false},"author":72,"featured_media":0,"comment_status":"closed","ping_status":"open","sticky":false,"template":"","format":"standard","meta":{"footnotes":"","_links_to":"","_links_to_target":""},"categories":[7,57,68,25],"tags":[107,108,104,84,106],"class_list":["post-7014","post","type-post","status-publish","format-standard","hentry","category-comunicados","category-iveco","category-noticias-igualdad","category-salud-laboral","tag-acoso-laboral","tag-acoso-sexual","tag-iveco","tag-salud-laboral","tag-veronica-rubio"],"publishpress_future_action":{"enabled":false,"date":"2026-05-02 11:16:29","action":"change-status","newStatus":"draft","terms":[],"taxonomy":"category","extraData":[]},"publishpress_future_workflow_manual_trigger":{"enabledWorkflows":[]},"_links":{"self":[{"href":"https:\/\/www.cgt-lkn.org\/bizkaia-gestamp\/wp-json\/wp\/v2\/posts\/7014","targetHints":{"allow":["GET"]}}],"collection":[{"href":"https:\/\/www.cgt-lkn.org\/bizkaia-gestamp\/wp-json\/wp\/v2\/posts"}],"about":[{"href":"https:\/\/www.cgt-lkn.org\/bizkaia-gestamp\/wp-json\/wp\/v2\/types\/post"}],"author":[{"embeddable":true,"href":"https:\/\/www.cgt-lkn.org\/bizkaia-gestamp\/wp-json\/wp\/v2\/users\/72"}],"replies":[{"embeddable":true,"href":"https:\/\/www.cgt-lkn.org\/bizkaia-gestamp\/wp-json\/wp\/v2\/comments?post=7014"}],"version-history":[{"count":1,"href":"https:\/\/www.cgt-lkn.org\/bizkaia-gestamp\/wp-json\/wp\/v2\/posts\/7014\/revisions"}],"predecessor-version":[{"id":7015,"href":"https:\/\/www.cgt-lkn.org\/bizkaia-gestamp\/wp-json\/wp\/v2\/posts\/7014\/revisions\/7015"}],"wp:attachment":[{"href":"https:\/\/www.cgt-lkn.org\/bizkaia-gestamp\/wp-json\/wp\/v2\/media?parent=7014"}],"wp:term":[{"taxonomy":"category","embeddable":true,"href":"https:\/\/www.cgt-lkn.org\/bizkaia-gestamp\/wp-json\/wp\/v2\/categories?post=7014"},{"taxonomy":"post_tag","embeddable":true,"href":"https:\/\/www.cgt-lkn.org\/bizkaia-gestamp\/wp-json\/wp\/v2\/tags?post=7014"}],"curies":[{"name":"wp","href":"https:\/\/api.w.org\/{rel}","templated":true}]}}