{"id":6925,"date":"2020-05-02T21:21:53","date_gmt":"2020-05-02T19:21:53","guid":{"rendered":"http:\/\/www.cgt-lkn.org\/bizkaia\/gestamp\/?p=6925"},"modified":"2020-05-02T21:21:53","modified_gmt":"2020-05-02T19:21:53","slug":"este-lunes-dia-4-a-las-1000-h-video-en-directo-para-continuar-resolviendo-dudas-laborales-covid19","status":"publish","type":"post","link":"https:\/\/www.cgt-lkn.org\/bizkaia-gestamp\/2020\/05\/02\/este-lunes-dia-4-a-las-1000-h-video-en-directo-para-continuar-resolviendo-dudas-laborales-covid19\/","title":{"rendered":"Este Lunes d\u00eda 4 a las 10:00 h. V\u00eddeo en directo para continuar resolviendo dudas laborales #covid19"},"content":{"rendered":"<div dir=\"auto\">\n<div>El lunes 4 volvemos con un nuevo v\u00eddeo en directo para continuar resolviendo dudas laborales.<\/div>\n<div><\/div>\n<div>En esta ocasi\u00f3n contaremos con Miguel \u00c1ngel Garrido, del Gabinete Jur\u00eddico Confederal.<\/div>\n<div><\/div>\n<\/div>\n<div>M. \u00c1ngel Garrido, abogado del gabinete jur\u00eddico de CGT, nos responder\u00e1 preguntas sobre las nuevas medidas sociales y laborales en la crisis del Covid-19.<\/div>\n<div dir=\"auto\">\n<div><\/div>\n<div>Lo podr\u00e9is ver a partir de las 10\u201900 a.m., en Rojo y Negro TV, la televisi\u00f3n de #CGT. #covid19<\/div>\n<div><\/div>\n<\/div>\n<div>https:\/\/www.youtube.com\/watch?v=Z1jYzF_jZkM<\/div>\n","protected":false},"excerpt":{"rendered":"<p>M. \u00c1ngel Garrido, abogado del gabinete jur\u00eddico de CGT, nos responder\u00e1 preguntas sobre las nuevas medidas sociales y laborales en la crisis del Covid-19.<\/p>\n","protected":false},"author":72,"featured_media":6926,"comment_status":"closed","ping_status":"open","sticky":false,"template":"","format":"standard","meta":{"footnotes":"","_links_to":"","_links_to_target":""},"categories":[3,82,1],"tags":[],"class_list":["post-6925","post","type-post","status-publish","format-standard","has-post-thumbnail","hentry","category-asesoria-juridica","category-covid-19","category-general"],"publishpress_future_action":{"enabled":false,"date":"2026-05-09 14:08:04","action":"change-status","newStatus":"draft","terms":[],"taxonomy":"category","extraData":[]},"publishpress_future_workflow_manual_trigger":{"enabledWorkflows":[]},"_links":{"self":[{"href":"https:\/\/www.cgt-lkn.org\/bizkaia-gestamp\/wp-json\/wp\/v2\/posts\/6925","targetHints":{"allow":["GET"]}}],"collection":[{"href":"https:\/\/www.cgt-lkn.org\/bizkaia-gestamp\/wp-json\/wp\/v2\/posts"}],"about":[{"href":"https:\/\/www.cgt-lkn.org\/bizkaia-gestamp\/wp-json\/wp\/v2\/types\/post"}],"author":[{"embeddable":true,"href":"https:\/\/www.cgt-lkn.org\/bizkaia-gestamp\/wp-json\/wp\/v2\/users\/72"}],"replies":[{"embeddable":true,"href":"https:\/\/www.cgt-lkn.org\/bizkaia-gestamp\/wp-json\/wp\/v2\/comments?post=6925"}],"version-history":[{"count":1,"href":"https:\/\/www.cgt-lkn.org\/bizkaia-gestamp\/wp-json\/wp\/v2\/posts\/6925\/revisions"}],"predecessor-version":[{"id":6927,"href":"https:\/\/www.cgt-lkn.org\/bizkaia-gestamp\/wp-json\/wp\/v2\/posts\/6925\/revisions\/6927"}],"wp:featuredmedia":[{"embeddable":true,"href":"https:\/\/www.cgt-lkn.org\/bizkaia-gestamp\/wp-json\/wp\/v2\/media\/6926"}],"wp:attachment":[{"href":"https:\/\/www.cgt-lkn.org\/bizkaia-gestamp\/wp-json\/wp\/v2\/media?parent=6925"}],"wp:term":[{"taxonomy":"category","embeddable":true,"href":"https:\/\/www.cgt-lkn.org\/bizkaia-gestamp\/wp-json\/wp\/v2\/categories?post=6925"},{"taxonomy":"post_tag","embeddable":true,"href":"https:\/\/www.cgt-lkn.org\/bizkaia-gestamp\/wp-json\/wp\/v2\/tags?post=6925"}],"curies":[{"name":"wp","href":"https:\/\/api.w.org\/{rel}","templated":true}]}}