{"id":6907,"date":"2020-04-23T21:05:42","date_gmt":"2020-04-23T19:05:42","guid":{"rendered":"http:\/\/www.cgt-lkn.org\/bizkaia\/gestamp\/?p=6907"},"modified":"2020-04-23T21:05:42","modified_gmt":"2020-04-23T19:05:42","slug":"situacion-de-lxs-trabajadorxs-de-grupos-de-riesgo-a-partir-del-09-04-2020-tras-el-permiso-recuperable","status":"publish","type":"post","link":"https:\/\/www.cgt-lkn.org\/bizkaia-gestamp\/2020\/04\/23\/situacion-de-lxs-trabajadorxs-de-grupos-de-riesgo-a-partir-del-09-04-2020-tras-el-permiso-recuperable\/","title":{"rendered":"SITUACI\u00d3N DE LXS TRABAJADORXS DE GRUPOS DE RIESGO  A PARTIR DEL 09.04.2020, TRAS EL PERMISO RECUPERABLE"},"content":{"rendered":"<p>Se ha modificado la definici\u00f3n de lxs llamadxs TES (Trabajadorxs Especialmente Sensibles), ahora son aquellxs que est\u00e9n aquejadxs de las siguientes dolencias: diabetes, enfermedad cardiovascular, incluida hipertensi\u00f3n, enfermedad pulmonar cr\u00f3nica, inmunodeficiencia o c\u00e1ncer en fase de tratamiento activo.<\/p>\n<p>Queda por tanto eliminado del anterior listado:<\/p>\n<ul>\n<li class=\"first-child\"><strong>Las personas mayores de 60 a\u00f1os sin patolog\u00eda.\u00a0<\/strong>Estos no se consideran TES de manera general.<\/li>\n<li class=\"last-child\"><strong>Trabajadoras embarazadas\u00a0<\/strong>deben compaginar la existencia o no de complicaciones y\/o la presencia de uno o m\u00e1s trastornos, as\u00ed como los referidos niveles de riesgo<\/li>\n<\/ul>\n<p>Seg\u00fan esto,\u00a0<strong>el servicio sanitario del SPRL<\/strong>, -Servicio de Prevenci\u00f3n de Riesgos Laborales-<strong>, debe evaluar la presencia del personal trabajador especialmente sensible en relaci\u00f3n a la infecci\u00f3n de coronavirus SARS-CoV-2, establecer la naturaleza de especial sensibilidad de la persona trabajadora y emitir informe sobre las medidas de prevenci\u00f3n, adaptaci\u00f3n y protecci\u00f3n.\u00a0<\/strong>Y tendr\u00e1 en cuenta la existencia o no de condiciones que permitan hacer el trabajo sin aumentar el riesgo propio de la condici\u00f3n de salud de la persona trabajadora.<\/p>\n<p>El servicio sanitario del servicio de prevenci\u00f3n de la empresa realizar\u00e1 un informe donde acredite la indicaci\u00f3n de incapacidad temporal, con la finalidad de facilitar a los servicios de atenci\u00f3n primaria (m\u00e9dicxs de cabecera) su tramitaci\u00f3n, para trabajadorxs con especial sensibilidad en coronavirus, sin que estas personas tengan posibilidad de adaptaci\u00f3n del puesto de trabajo, reubicaci\u00f3n del puesto y no se d\u00e9 la protecci\u00f3n adecuada que evite el contagio.<\/p>\n<p>Lxs m\u00e9dicxs del SPS, (Servicio P\u00fablico de Salud), ser\u00e1n lxs que emitan los partes de baja para todos los casos de afectaci\u00f3n por covid-19, en las situaciones de aislamiento y de enfermedad, y a todas lxs trabajadorxs por su situaci\u00f3n cl\u00ednica o por indicaci\u00f3n de aislamiento.<\/p>\n<p>La\u00a0<strong>baja<\/strong>, ser\u00e1\u00a0<strong>por Contingencias Comunes<\/strong>. Y la duraci\u00f3n estimada de la Incapacidad Temporal ser\u00e1\u00a0<strong>entre 5 y 30 d\u00edas naturales<\/strong>, y el INSS reclasificar\u00e1 esas bajas derivadas de COVID-19 para que sean reconocidas como\u00a0 Accidente de Trabajo \u00a0a efectos de la prestaci\u00f3n econ\u00f3mica, es decir para lo que se cobrar\u00e1.<\/p>\n<p>&nbsp;<\/p>\n<p><strong>MODELO DE INFORME QUE DEBER\u00c1 EMITIR EL SERVICIO DE PREVENCI\u00d3N<\/strong><\/p>\n<p><a href=\"https:\/\/www.cgt-lkn.org\/wp-content\/uploads\/sites\/20\/2020\/04\/MODELO-DE-INFORME-QUE-DEBER\u00c1-EMITIR-EL-SERVICIO-DE-PREVENCI\u00d3N-cgt.jpg\"><img loading=\"lazy\" decoding=\"async\" class=\"size-full wp-image-6908 aligncenter\" src=\"https:\/\/www.cgt-lkn.org\/wp-content\/uploads\/sites\/20\/2020\/04\/MODELO-DE-INFORME-QUE-DEBER\u00c1-EMITIR-EL-SERVICIO-DE-PREVENCI\u00d3N-cgt.jpg\" alt=\"\" width=\"600\" height=\"468\" srcset=\"https:\/\/www.cgt-lkn.org\/bizkaia-gestamp\/wp-content\/uploads\/sites\/20\/2020\/04\/MODELO-DE-INFORME-QUE-DEBER\u00c1-EMITIR-EL-SERVICIO-DE-PREVENCI\u00d3N-cgt.jpg 600w, https:\/\/www.cgt-lkn.org\/bizkaia-gestamp\/wp-content\/uploads\/sites\/20\/2020\/04\/MODELO-DE-INFORME-QUE-DEBER\u00c1-EMITIR-EL-SERVICIO-DE-PREVENCI\u00d3N-cgt-300x234.jpg 300w, https:\/\/www.cgt-lkn.org\/bizkaia-gestamp\/wp-content\/uploads\/sites\/20\/2020\/04\/MODELO-DE-INFORME-QUE-DEBER\u00c1-EMITIR-EL-SERVICIO-DE-PREVENCI\u00d3N-cgt-150x117.jpg 150w, https:\/\/www.cgt-lkn.org\/bizkaia-gestamp\/wp-content\/uploads\/sites\/20\/2020\/04\/MODELO-DE-INFORME-QUE-DEBER\u00c1-EMITIR-EL-SERVICIO-DE-PREVENCI\u00d3N-cgt-400x312.jpg 400w\" sizes=\"auto, (max-width: 600px) 100vw, 600px\" \/><\/a><\/p>\n<p><strong>La actuaci\u00f3n con este colectivo, en funci\u00f3n del Grupo vulnerable y de la propia situaci\u00f3n de la enfermedad (controlada, descompensada o comorbilidad) y del nivel de riesgo del trabajador o la trabajadora (hasta 4 niveles de riesgo).<\/strong><\/p>\n<p>De la conjugaci\u00f3n de estas variables resulta este cuadro con las medidas a tomar.<\/p>\n<p><a href=\"https:\/\/www.cgt-lkn.org\/wp-content\/uploads\/sites\/20\/2020\/04\/tabla-GRUPOS-DE-RIESGO-A-PARTIR-trabajador-sensibles-coronavirus-cod19-cgt.jpg\"><img loading=\"lazy\" decoding=\"async\" class=\"size-full wp-image-6909 aligncenter\" src=\"https:\/\/www.cgt-lkn.org\/wp-content\/uploads\/sites\/20\/2020\/04\/tabla-GRUPOS-DE-RIESGO-A-PARTIR-trabajador-sensibles-coronavirus-cod19-cgt.jpg\" alt=\"\" width=\"600\" height=\"353\" srcset=\"https:\/\/www.cgt-lkn.org\/bizkaia-gestamp\/wp-content\/uploads\/sites\/20\/2020\/04\/tabla-GRUPOS-DE-RIESGO-A-PARTIR-trabajador-sensibles-coronavirus-cod19-cgt.jpg 600w, https:\/\/www.cgt-lkn.org\/bizkaia-gestamp\/wp-content\/uploads\/sites\/20\/2020\/04\/tabla-GRUPOS-DE-RIESGO-A-PARTIR-trabajador-sensibles-coronavirus-cod19-cgt-300x177.jpg 300w, https:\/\/www.cgt-lkn.org\/bizkaia-gestamp\/wp-content\/uploads\/sites\/20\/2020\/04\/tabla-GRUPOS-DE-RIESGO-A-PARTIR-trabajador-sensibles-coronavirus-cod19-cgt-150x88.jpg 150w, https:\/\/www.cgt-lkn.org\/bizkaia-gestamp\/wp-content\/uploads\/sites\/20\/2020\/04\/tabla-GRUPOS-DE-RIESGO-A-PARTIR-trabajador-sensibles-coronavirus-cod19-cgt-400x235.jpg 400w\" sizes=\"auto, (max-width: 600px) 100vw, 600px\" \/><\/a><\/p>\n","protected":false},"excerpt":{"rendered":"<p>La actuaci\u00f3n con este colectivo, en funci\u00f3n del Grupo vulnerable y de la propia situaci\u00f3n de la enfermedad (controlada, descompensada o comorbilidad) y del nivel de riesgo del trabajador o la trabajadora (hasta 4 niveles de riesgo).<\/p>\n","protected":false},"author":72,"featured_media":6909,"comment_status":"closed","ping_status":"open","sticky":false,"template":"","format":"standard","meta":{"footnotes":"","_links_to":"","_links_to_target":""},"categories":[3,81,7,35,82,79,40,43,23,25],"tags":[],"class_list":["post-6907","post","type-post","status-publish","format-standard","has-post-thumbnail","hentry","category-asesoria-juridica","category-boletines-juridicos","category-comunicados","category-consejos-estudios-informacion","category-covid-19","category-gestamp-bizkaia","category-guias","category-otras-publicaciones","category-publicaciones","category-salud-laboral"],"publishpress_future_action":{"enabled":false,"date":"2026-05-09 14:43:54","action":"change-status","newStatus":"draft","terms":[],"taxonomy":"category","extraData":[]},"publishpress_future_workflow_manual_trigger":{"enabledWorkflows":[]},"_links":{"self":[{"href":"https:\/\/www.cgt-lkn.org\/bizkaia-gestamp\/wp-json\/wp\/v2\/posts\/6907","targetHints":{"allow":["GET"]}}],"collection":[{"href":"https:\/\/www.cgt-lkn.org\/bizkaia-gestamp\/wp-json\/wp\/v2\/posts"}],"about":[{"href":"https:\/\/www.cgt-lkn.org\/bizkaia-gestamp\/wp-json\/wp\/v2\/types\/post"}],"author":[{"embeddable":true,"href":"https:\/\/www.cgt-lkn.org\/bizkaia-gestamp\/wp-json\/wp\/v2\/users\/72"}],"replies":[{"embeddable":true,"href":"https:\/\/www.cgt-lkn.org\/bizkaia-gestamp\/wp-json\/wp\/v2\/comments?post=6907"}],"version-history":[{"count":1,"href":"https:\/\/www.cgt-lkn.org\/bizkaia-gestamp\/wp-json\/wp\/v2\/posts\/6907\/revisions"}],"predecessor-version":[{"id":6910,"href":"https:\/\/www.cgt-lkn.org\/bizkaia-gestamp\/wp-json\/wp\/v2\/posts\/6907\/revisions\/6910"}],"wp:featuredmedia":[{"embeddable":true,"href":"https:\/\/www.cgt-lkn.org\/bizkaia-gestamp\/wp-json\/wp\/v2\/media\/6909"}],"wp:attachment":[{"href":"https:\/\/www.cgt-lkn.org\/bizkaia-gestamp\/wp-json\/wp\/v2\/media?parent=6907"}],"wp:term":[{"taxonomy":"category","embeddable":true,"href":"https:\/\/www.cgt-lkn.org\/bizkaia-gestamp\/wp-json\/wp\/v2\/categories?post=6907"},{"taxonomy":"post_tag","embeddable":true,"href":"https:\/\/www.cgt-lkn.org\/bizkaia-gestamp\/wp-json\/wp\/v2\/tags?post=6907"}],"curies":[{"name":"wp","href":"https:\/\/api.w.org\/{rel}","templated":true}]}}