{"id":6861,"date":"2020-04-13T20:21:48","date_gmt":"2020-04-13T18:21:48","guid":{"rendered":"http:\/\/www.cgt-lkn.org\/bizkaia\/gestamp\/?p=6861"},"modified":"2020-04-21T21:21:56","modified_gmt":"2020-04-21T19:21:56","slug":"el-sepe-reconocera-de-oficio-en-los-ertes-el-aumento-de-la-prestacion-por-hijos-a-cargo","status":"publish","type":"post","link":"https:\/\/www.cgt-lkn.org\/bizkaia-gestamp\/2020\/04\/13\/el-sepe-reconocera-de-oficio-en-los-ertes-el-aumento-de-la-prestacion-por-hijos-a-cargo\/","title":{"rendered":"El SEPE reconocer\u00e1 de oficio en los ERTES el aumento de la prestaci\u00f3n por hijos a cargo"},"content":{"rendered":"<p>Nota informativa de la Direcci\u00f3n General del SEPE sobre el reconocimiento de oficio del aumento de la prestaci\u00f3n de las personas afectadas por ERTE que corresponda por tener hijos o hijas a cargo,\u00a0<strong>sin que las personas afectadas tengan que realizar reclamaci\u00f3n alguna.<\/strong><\/p>\n<p><a href=\"http:\/\/www.sepe.es\/SiteSepe\/contenidos\/COVID-19\/documentos\/Reconocimiento-de-oficio-hijos-web.pdf\">En este enlace puedes descargarte la nota informativa<\/a><\/p>\n<p><a href=\"http:\/\/www.sepe.es\/HomeSepe\/COVID-19\/COVID-19.html\">Consulta el espacio COVID-19<\/a>\u00a0de nuestra web para conocer todas las medidas que el Servicio P\u00fablico de Empleo Estatal (SEPE) viene tomando desde el comienzo de la alerta sanitaria para hacer frente a la situaci\u00f3n generada por la evoluci\u00f3n del COVID- 19<\/p>\n","protected":false},"excerpt":{"rendered":"<p>Nota informativa de la Direcci\u00f3n General del SEPE sobre el reconocimiento de oficio del aumento de la prestaci\u00f3n de las<\/p>\n","protected":false},"author":72,"featured_media":6846,"comment_status":"closed","ping_status":"open","sticky":false,"template":"","format":"standard","meta":{"footnotes":"","_links_to":"","_links_to_target":""},"categories":[7,82],"tags":[47],"class_list":["post-6861","post","type-post","status-publish","format-standard","has-post-thumbnail","hentry","category-comunicados","category-covid-19","tag-ere"],"publishpress_future_action":{"enabled":false,"date":"2026-05-07 05:44:39","action":"change-status","newStatus":"draft","terms":[],"taxonomy":"category","extraData":[]},"publishpress_future_workflow_manual_trigger":{"enabledWorkflows":[]},"_links":{"self":[{"href":"https:\/\/www.cgt-lkn.org\/bizkaia-gestamp\/wp-json\/wp\/v2\/posts\/6861","targetHints":{"allow":["GET"]}}],"collection":[{"href":"https:\/\/www.cgt-lkn.org\/bizkaia-gestamp\/wp-json\/wp\/v2\/posts"}],"about":[{"href":"https:\/\/www.cgt-lkn.org\/bizkaia-gestamp\/wp-json\/wp\/v2\/types\/post"}],"author":[{"embeddable":true,"href":"https:\/\/www.cgt-lkn.org\/bizkaia-gestamp\/wp-json\/wp\/v2\/users\/72"}],"replies":[{"embeddable":true,"href":"https:\/\/www.cgt-lkn.org\/bizkaia-gestamp\/wp-json\/wp\/v2\/comments?post=6861"}],"version-history":[{"count":1,"href":"https:\/\/www.cgt-lkn.org\/bizkaia-gestamp\/wp-json\/wp\/v2\/posts\/6861\/revisions"}],"predecessor-version":[{"id":6862,"href":"https:\/\/www.cgt-lkn.org\/bizkaia-gestamp\/wp-json\/wp\/v2\/posts\/6861\/revisions\/6862"}],"wp:featuredmedia":[{"embeddable":true,"href":"https:\/\/www.cgt-lkn.org\/bizkaia-gestamp\/wp-json\/wp\/v2\/media\/6846"}],"wp:attachment":[{"href":"https:\/\/www.cgt-lkn.org\/bizkaia-gestamp\/wp-json\/wp\/v2\/media?parent=6861"}],"wp:term":[{"taxonomy":"category","embeddable":true,"href":"https:\/\/www.cgt-lkn.org\/bizkaia-gestamp\/wp-json\/wp\/v2\/categories?post=6861"},{"taxonomy":"post_tag","embeddable":true,"href":"https:\/\/www.cgt-lkn.org\/bizkaia-gestamp\/wp-json\/wp\/v2\/tags?post=6861"}],"curies":[{"name":"wp","href":"https:\/\/api.w.org\/{rel}","templated":true}]}}