{"id":6833,"date":"2020-04-02T19:53:04","date_gmt":"2020-04-02T17:53:04","guid":{"rendered":"http:\/\/www.cgt-lkn.org\/bizkaia\/gestamp\/?p=6833"},"modified":"2020-04-05T18:54:38","modified_gmt":"2020-04-05T16:54:38","slug":"covid-19-prestaciones-sociales","status":"publish","type":"post","link":"https:\/\/www.cgt-lkn.org\/bizkaia-gestamp\/2020\/04\/02\/covid-19-prestaciones-sociales\/","title":{"rendered":"Covid-19 Prestaciones sociales"},"content":{"rendered":"<p><iframe loading=\"lazy\" title=\"Covid-19 Prestaciones sociales\" width=\"700\" height=\"394\" src=\"https:\/\/www.youtube.com\/embed\/GpC5wTGtNsU?feature=oembed\" frameborder=\"0\" allow=\"accelerometer; autoplay; clipboard-write; encrypted-media; gyroscope; picture-in-picture\" allowfullscreen><\/iframe><\/p>\n<p><span class=\"style-scope yt-formatted-string\" dir=\"auto\">nlace a p\u00e1ginas oficiales del programa RNtv:<\/span><\/p>\n<p><span class=\"style-scope yt-formatted-string\" dir=\"auto\">Web:\u00a0<\/span><a class=\"yt-simple-endpoint style-scope yt-formatted-string\" href=\"https:\/\/www.youtube.com\/redirect?q=http%3A%2F%2Frojoynegrotv.org%2F&amp;redir_token=fDuU38B51dJ8RhgBkNldNXNSSzl8MTU4NTkzNjExOEAxNTg1ODQ5NzE4&amp;event=video_description&amp;v=GpC5wTGtNsU\" target=\"_blank\" rel=\"nofollow noopener noreferrer\">http:\/\/rojoynegrotv.org\/<\/a><\/p>\n<p><span class=\"style-scope yt-formatted-string\" dir=\"auto\">Canal YouTube:\u00a0<\/span><a class=\"yt-simple-endpoint style-scope yt-formatted-string\" href=\"https:\/\/www.youtube.com\/channel\/UCAdtgt5slNceh_0z2dQqpLw\" rel=\"nofollow\">https:\/\/www.youtube.com\/channel\/UCAdt\u2026<\/a><\/p>\n<p><span class=\"style-scope yt-formatted-string\" dir=\"auto\">Twitter:\u00a0<\/span><a class=\"yt-simple-endpoint style-scope yt-formatted-string\" href=\"https:\/\/www.youtube.com\/redirect?q=https%3A%2F%2Ftwitter.com%2Frojoynegrotv&amp;redir_token=fDuU38B51dJ8RhgBkNldNXNSSzl8MTU4NTkzNjExOEAxNTg1ODQ5NzE4&amp;event=video_description&amp;v=GpC5wTGtNsU\" target=\"_blank\" rel=\"nofollow noopener noreferrer\">https:\/\/twitter.com\/rojoynegrotv<\/a><\/p>\n<p><span class=\"style-scope yt-formatted-string\" dir=\"auto\">Facebook:\u00a0<\/span><a class=\"yt-simple-endpoint style-scope yt-formatted-string\" href=\"https:\/\/www.youtube.com\/redirect?q=https%3A%2F%2Fwww.facebook.com%2FRojo-y-Negro-TV&amp;redir_token=fDuU38B51dJ8RhgBkNldNXNSSzl8MTU4NTkzNjExOEAxNTg1ODQ5NzE4&amp;event=video_description&amp;v=GpC5wTGtNsU\" target=\"_blank\" rel=\"nofollow noopener noreferrer\">https:\/\/www.facebook.com\/Rojo-y-Negro-TV<\/a><\/p>\n<p>#<em>coronavirus<\/em><\/p>\n<p><span class=\"PrettyLink-prefix\">#<\/span><span class=\"PrettyLink-value\">COVID19<\/span><\/p>\n<p>&nbsp;<\/p>\n<p>&nbsp;<\/p>\n","protected":false},"excerpt":{"rendered":"<p>el pr\u00f3ximo lunes <strong>6 de abril<\/strong>, a las\u00a0<strong>10:00 AM<\/strong>, en\u00a0<strong>directo<\/strong>,\u00a0<span class=\"x_style-scope\">os daremos toda la informaci\u00f3n sobre las prestaciones sociales, y otro tipo de ayudas, ante la actual situaci\u00f3n por Covid-19.<\/span><\/p>\n<p><span class=\"x_style-scope\">\u00a0<\/span><span class=\"x_style-scope\">Tambi\u00e9n podr\u00e9is preguntar en directo a trav\u00e9s del chat.<\/span><\/p>\n","protected":false},"author":72,"featured_media":6834,"comment_status":"closed","ping_status":"open","sticky":false,"template":"","format":"standard","meta":{"footnotes":"","_links_to":"","_links_to_target":""},"categories":[3,70,28,73],"tags":[],"class_list":["post-6833","post","type-post","status-publish","format-standard","has-post-thumbnail","hentry","category-asesoria-juridica","category-rojo-y-negro","category-social","category-tv-rojo-y-negro"],"publishpress_future_action":{"enabled":false,"date":"2026-05-07 12:19:09","action":"change-status","newStatus":"draft","terms":[],"taxonomy":"category","extraData":[]},"publishpress_future_workflow_manual_trigger":{"enabledWorkflows":[]},"_links":{"self":[{"href":"https:\/\/www.cgt-lkn.org\/bizkaia-gestamp\/wp-json\/wp\/v2\/posts\/6833","targetHints":{"allow":["GET"]}}],"collection":[{"href":"https:\/\/www.cgt-lkn.org\/bizkaia-gestamp\/wp-json\/wp\/v2\/posts"}],"about":[{"href":"https:\/\/www.cgt-lkn.org\/bizkaia-gestamp\/wp-json\/wp\/v2\/types\/post"}],"author":[{"embeddable":true,"href":"https:\/\/www.cgt-lkn.org\/bizkaia-gestamp\/wp-json\/wp\/v2\/users\/72"}],"replies":[{"embeddable":true,"href":"https:\/\/www.cgt-lkn.org\/bizkaia-gestamp\/wp-json\/wp\/v2\/comments?post=6833"}],"version-history":[{"count":1,"href":"https:\/\/www.cgt-lkn.org\/bizkaia-gestamp\/wp-json\/wp\/v2\/posts\/6833\/revisions"}],"predecessor-version":[{"id":6835,"href":"https:\/\/www.cgt-lkn.org\/bizkaia-gestamp\/wp-json\/wp\/v2\/posts\/6833\/revisions\/6835"}],"wp:featuredmedia":[{"embeddable":true,"href":"https:\/\/www.cgt-lkn.org\/bizkaia-gestamp\/wp-json\/wp\/v2\/media\/6834"}],"wp:attachment":[{"href":"https:\/\/www.cgt-lkn.org\/bizkaia-gestamp\/wp-json\/wp\/v2\/media?parent=6833"}],"wp:term":[{"taxonomy":"category","embeddable":true,"href":"https:\/\/www.cgt-lkn.org\/bizkaia-gestamp\/wp-json\/wp\/v2\/categories?post=6833"},{"taxonomy":"post_tag","embeddable":true,"href":"https:\/\/www.cgt-lkn.org\/bizkaia-gestamp\/wp-json\/wp\/v2\/tags?post=6833"}],"curies":[{"name":"wp","href":"https:\/\/api.w.org\/{rel}","templated":true}]}}