{"id":6826,"date":"2020-03-27T12:29:45","date_gmt":"2020-03-27T11:29:45","guid":{"rendered":"http:\/\/www.cgt-lkn.org\/bizkaia\/gestamp\/?p=6826"},"modified":"2020-04-21T21:23:16","modified_gmt":"2020-04-21T19:23:16","slug":"comunicado-prestaciones-de-desempleo-reunion-del-26","status":"publish","type":"post","link":"https:\/\/www.cgt-lkn.org\/bizkaia-gestamp\/2020\/03\/27\/comunicado-prestaciones-de-desempleo-reunion-del-26\/","title":{"rendered":"Comunicado prestaciones de desempleo + reunion del 26"},"content":{"rendered":"<p>Kaixo!<\/p>\n<p>Seg\u00fan conversaci\u00f3n mantenida con la directora del SEPE (Servicio p\u00fablico de empleo estatal), las prestaciones de desempleo derivadas de los ERTE Covid ser\u00e1n tramitadas por las empresas empleadoras de las afectadas.<\/p>\n<p>Se debe tener en cuenta que la n\u00f3mina del SEPE del mes de abril ya se ha cerrado, por lo que las beneficiarias de las prestaciones de los ERTE COVID seguramente <strong>no se cobrar\u00e1 antes del 10 de mayo.<\/strong><\/p>\n<p>Por otro lado, ayer tuvimos otra reuni\u00f3n con la empresa, pero no hay nada nuevo que destacar Estamos a la espera de que la autoridad laboral informe si acepta el ERTE por fuerza mayor.<\/p>\n<p>Si no lo aceptara se har\u00eda un ERTE por causas econ\u00f3micas, productivas, lo cual es peor para la plantilla y para la empresa porque se perder\u00edan las ayudas de reposici\u00f3n del paro a la plantilla y del pago de la seguridad social a la empresa.<\/p>\n<p>En lo que respecta a las <strong>horas de libre disposici\u00f3n<\/strong> desde CGT-LKN hemos trasladado a la direcci\u00f3n que en momentos extraordinarios tome medidas extraordinarias y no se aproveche de la situaci\u00f3n para quitar las horas de libre disposici\u00f3n solicitadas que coinciden con el ERTE, porque todo indica que las van a quitar. Desde CGT-LKN esto nos parece un golpe bajo para aprovechar la coyuntura y cuando se arranque con normalidad, tener a su disposici\u00f3n al personal para sacar el trabajo.<\/p>\n<p>Desde CGT-LKN pedimos en general y en particular, a las personas que ahora les quitan estos d\u00edas, sac\u00e1ndoles del ERTE, para una vez \u201cdisfrutados el o los d\u00edas\u201d volver a aplicarles el ERTE que: ceder a los intereses de la direcci\u00f3n de empresa cuando le interesa, porque pida un esfuerzo, como ya hemos visto en muchas ocasiones y cuando a la direcci\u00f3n le interesa tambi\u00e9n patada en el culo, debe ser sin\u00f3nimo de reflexi\u00f3n y esa debe ser individual y a la vez colectiva. De forma que cuando pida esfuerzos a la plantilla eso tenga respuesta.<\/p>\n<p>La direcci\u00f3n tambi\u00e9n inform\u00f3 de una perdida, por parte de Mercedes, de producci\u00f3n durante estos d\u00edas, que no se prev\u00e9 recuperar, lo que podr\u00eda hacer que Mercedes pare todo el mes de agosto. Pero esta todo por ver.<\/p>\n<p>En lo que respecta al resto de temas, como \u00bfcuando vamos a arrancar?, medidas preventivas, etc. sigue todo igual. En cuanto tengamos informaci\u00f3n, que sea ya asegurada, os informaremos con m\u00e1s detalle.<\/p>\n<p>Queremos aprovechar la ocasi\u00f3n para adjuntaros una peque\u00f1a gu\u00eda r\u00e1pida Covid-19 sobre Seguridad y Salud en los centros de trabajo.<\/p>\n<p><a href=\"https:\/\/cgt.org.es\/wp-content\/uploads\/2020\/03\/Guia-Rapida-CoVid19.pdf\"><img loading=\"lazy\" decoding=\"async\" class=\"size-full wp-image-6824 alignleft\" src=\"https:\/\/www.cgt-lkn.org\/wp-content\/uploads\/sites\/20\/2020\/03\/Covid-19-sobre-Seguridad-y-Salud-cgt.jpg\" alt=\"\" width=\"133\" height=\"200\" srcset=\"https:\/\/www.cgt-lkn.org\/bizkaia-gestamp\/wp-content\/uploads\/sites\/20\/2020\/03\/Covid-19-sobre-Seguridad-y-Salud-cgt.jpg 133w, https:\/\/www.cgt-lkn.org\/bizkaia-gestamp\/wp-content\/uploads\/sites\/20\/2020\/03\/Covid-19-sobre-Seguridad-y-Salud-cgt-100x150.jpg 100w\" sizes=\"auto, (max-width: 133px) 100vw, 133px\" \/><\/a><a href=\"https:\/\/cgt.org.es\/wp-content\/uploads\/2020\/03\/Guia-Rapida-CoVid19.pdf\">https:\/\/cgt.org.es\/wp-content\/uploads\/2020\/03\/Guia-Rapida-CoVid19.pdf<\/a><\/p>\n<p>&nbsp;<\/p>\n<p>&nbsp;<\/p>\n<p>&nbsp;<\/p>\n<p>&nbsp;<\/p>\n<p>&nbsp;<\/p>\n<p>Salud.<\/p>\n<p>27 de Marzo de 2020<\/p>\n","protected":false},"excerpt":{"rendered":"<p>Se debe tener en cuenta que la n\u00f3mina del SEPE del mes de abril ya se ha cerrado, por lo que las beneficiarias de las prestaciones de los ERTE COVID seguramente <strong>no se cobrar\u00e1 antes del 10 de mayo.<\/strong><\/p>\n","protected":false},"author":72,"featured_media":4774,"comment_status":"closed","ping_status":"open","sticky":false,"template":"","format":"standard","meta":{"footnotes":"","_links_to":"","_links_to_target":""},"categories":[7,82,13,79],"tags":[47],"class_list":["post-6826","post","type-post","status-publish","format-standard","has-post-thumbnail","hentry","category-comunicados","category-covid-19","category-gestamp","category-gestamp-bizkaia","tag-ere"],"publishpress_future_action":{"enabled":false,"date":"2026-05-07 08:21:15","action":"change-status","newStatus":"draft","terms":[],"taxonomy":"category","extraData":[]},"publishpress_future_workflow_manual_trigger":{"enabledWorkflows":[]},"_links":{"self":[{"href":"https:\/\/www.cgt-lkn.org\/bizkaia-gestamp\/wp-json\/wp\/v2\/posts\/6826","targetHints":{"allow":["GET"]}}],"collection":[{"href":"https:\/\/www.cgt-lkn.org\/bizkaia-gestamp\/wp-json\/wp\/v2\/posts"}],"about":[{"href":"https:\/\/www.cgt-lkn.org\/bizkaia-gestamp\/wp-json\/wp\/v2\/types\/post"}],"author":[{"embeddable":true,"href":"https:\/\/www.cgt-lkn.org\/bizkaia-gestamp\/wp-json\/wp\/v2\/users\/72"}],"replies":[{"embeddable":true,"href":"https:\/\/www.cgt-lkn.org\/bizkaia-gestamp\/wp-json\/wp\/v2\/comments?post=6826"}],"version-history":[{"count":1,"href":"https:\/\/www.cgt-lkn.org\/bizkaia-gestamp\/wp-json\/wp\/v2\/posts\/6826\/revisions"}],"predecessor-version":[{"id":6827,"href":"https:\/\/www.cgt-lkn.org\/bizkaia-gestamp\/wp-json\/wp\/v2\/posts\/6826\/revisions\/6827"}],"wp:featuredmedia":[{"embeddable":true,"href":"https:\/\/www.cgt-lkn.org\/bizkaia-gestamp\/wp-json\/wp\/v2\/media\/4774"}],"wp:attachment":[{"href":"https:\/\/www.cgt-lkn.org\/bizkaia-gestamp\/wp-json\/wp\/v2\/media?parent=6826"}],"wp:term":[{"taxonomy":"category","embeddable":true,"href":"https:\/\/www.cgt-lkn.org\/bizkaia-gestamp\/wp-json\/wp\/v2\/categories?post=6826"},{"taxonomy":"post_tag","embeddable":true,"href":"https:\/\/www.cgt-lkn.org\/bizkaia-gestamp\/wp-json\/wp\/v2\/tags?post=6826"}],"curies":[{"name":"wp","href":"https:\/\/api.w.org\/{rel}","templated":true}]}}