{"id":6818,"date":"2020-03-25T11:52:55","date_gmt":"2020-03-25T10:52:55","guid":{"rendered":"http:\/\/www.cgt-lkn.org\/bizkaia\/gestamp\/?p=6818"},"modified":"2020-04-21T21:23:46","modified_gmt":"2020-04-21T19:23:46","slug":"este-lunes-cgt-respondera-a-tus-dudas-sobre-los-erte-en-directo-a-las-1000-h","status":"publish","type":"post","link":"https:\/\/www.cgt-lkn.org\/bizkaia-gestamp\/2020\/03\/25\/este-lunes-cgt-respondera-a-tus-dudas-sobre-los-erte-en-directo-a-las-1000-h\/","title":{"rendered":"Este lunes CGT responder\u00e1 a tus dudas sobre los ERTE en directo a las 10:00 h"},"content":{"rendered":"<p><span class=\"style-scope yt-formatted-string\" dir=\"auto\">El pr\u00f3ximo lunes 30 de marzo, a las <\/span><span class=\"style-scope yt-formatted-string\" dir=\"auto\">10:00<\/span><span class=\"style-scope yt-formatted-string\" dir=\"auto\"> de la ma\u00f1ana, Tomas Rodr\u00edguez, Secretario de Acci\u00f3n Sindical de la CGT, responder\u00e1 a tus dudas sobre los ERTE que se est\u00e1n produciendo por la crisis del Covid-19, en directo, por el Canal de Youtube de Rojo y Negro TV<\/span><\/p>\n<p>&nbsp;<\/p>\n<p><iframe loading=\"lazy\" title=\"Covid-19 ERTE\" width=\"700\" height=\"394\" src=\"https:\/\/www.youtube.com\/embed\/Fd_VH-V_5pI?feature=oembed\" frameborder=\"0\" allow=\"accelerometer; autoplay; clipboard-write; encrypted-media; gyroscope; picture-in-picture\" allowfullscreen><\/iframe><\/p>\n","protected":false},"excerpt":{"rendered":"<p><span class=\"style-scope yt-formatted-string\" dir=\"auto\">El pr\u00f3ximo lunes 30 de marzo, a las <\/span><span class=\"style-scope yt-formatted-string\" dir=\"auto\">10:00<\/span><span class=\"style-scope yt-formatted-string\" dir=\"auto\"> de la ma\u00f1ana, Tomas Rodr\u00edguez, Secretario de Acci\u00f3n Sindical de la CGT, responder\u00e1 a tus dudas sobre los ERTE que se est\u00e1n produciendo por la crisis del Covid-19, en directo, por el Canal de Youtube de Rojo y Negro TV<\/span><\/p>\n","protected":false},"author":72,"featured_media":6813,"comment_status":"closed","ping_status":"open","sticky":false,"template":"","format":"standard","meta":{"footnotes":"","_links_to":"","_links_to_target":""},"categories":[3,7,82,73],"tags":[],"class_list":["post-6818","post","type-post","status-publish","format-standard","has-post-thumbnail","hentry","category-asesoria-juridica","category-comunicados","category-covid-19","category-tv-rojo-y-negro"],"publishpress_future_action":{"enabled":false,"date":"2026-05-07 13:55:47","action":"change-status","newStatus":"draft","terms":[],"taxonomy":"category","extraData":[]},"publishpress_future_workflow_manual_trigger":{"enabledWorkflows":[]},"_links":{"self":[{"href":"https:\/\/www.cgt-lkn.org\/bizkaia-gestamp\/wp-json\/wp\/v2\/posts\/6818","targetHints":{"allow":["GET"]}}],"collection":[{"href":"https:\/\/www.cgt-lkn.org\/bizkaia-gestamp\/wp-json\/wp\/v2\/posts"}],"about":[{"href":"https:\/\/www.cgt-lkn.org\/bizkaia-gestamp\/wp-json\/wp\/v2\/types\/post"}],"author":[{"embeddable":true,"href":"https:\/\/www.cgt-lkn.org\/bizkaia-gestamp\/wp-json\/wp\/v2\/users\/72"}],"replies":[{"embeddable":true,"href":"https:\/\/www.cgt-lkn.org\/bizkaia-gestamp\/wp-json\/wp\/v2\/comments?post=6818"}],"version-history":[{"count":1,"href":"https:\/\/www.cgt-lkn.org\/bizkaia-gestamp\/wp-json\/wp\/v2\/posts\/6818\/revisions"}],"predecessor-version":[{"id":6819,"href":"https:\/\/www.cgt-lkn.org\/bizkaia-gestamp\/wp-json\/wp\/v2\/posts\/6818\/revisions\/6819"}],"wp:featuredmedia":[{"embeddable":true,"href":"https:\/\/www.cgt-lkn.org\/bizkaia-gestamp\/wp-json\/wp\/v2\/media\/6813"}],"wp:attachment":[{"href":"https:\/\/www.cgt-lkn.org\/bizkaia-gestamp\/wp-json\/wp\/v2\/media?parent=6818"}],"wp:term":[{"taxonomy":"category","embeddable":true,"href":"https:\/\/www.cgt-lkn.org\/bizkaia-gestamp\/wp-json\/wp\/v2\/categories?post=6818"},{"taxonomy":"post_tag","embeddable":true,"href":"https:\/\/www.cgt-lkn.org\/bizkaia-gestamp\/wp-json\/wp\/v2\/tags?post=6818"}],"curies":[{"name":"wp","href":"https:\/\/api.w.org\/{rel}","templated":true}]}}