{"id":6816,"date":"2020-03-24T00:02:09","date_gmt":"2020-03-23T23:02:09","guid":{"rendered":"http:\/\/www.cgt-lkn.org\/bizkaia\/gestamp\/?p=6816"},"modified":"2020-04-21T21:24:01","modified_gmt":"2020-04-21T19:24:01","slug":"informacion-reunion-de-hoy-lunes-23-a-las-1700-entre-comite-y-direccion","status":"publish","type":"post","link":"https:\/\/www.cgt-lkn.org\/bizkaia-gestamp\/2020\/03\/24\/informacion-reunion-de-hoy-lunes-23-a-las-1700-entre-comite-y-direccion\/","title":{"rendered":"Informaci\u00f3n reuni\u00f3n de hoy lunes 23 a las 17:00 entre comit\u00e9 y direcci\u00f3n:"},"content":{"rendered":"<p>Kaixo,<\/p>\n<div>Desde la secci\u00f3n sindical CGT-LKN enumeramos los puntos tratados en la reuni\u00f3n de hoy lunes 23 a las 17:00 entre comit\u00e9 y direcci\u00f3n:<\/div>\n<div><\/div>\n<div>1\u00ba Pese ser solicitada el paro de la producci\u00f3n por parte del comit\u00e9 a la direcci\u00f3n est\u00e1 ha presentado un cuadro productivo para la presente semana S13 que lo considera de m\u00ednimos.<\/div>\n<div>Estos servicios m\u00ednimos han sido nuevamente admitidos por el comit\u00e9.<\/div>\n<div><\/div>\n<div>2\u00ba Se ha preguntado sobre el estado de la solicitud del ERTE por parte de Gestamp Bizkaia. La direcci\u00f3n nos comunica que est\u00e1 presentado y que todav\u00eda no hay ni valoraci\u00f3n ni respuesta desde la autoridad laboral sobre su naturaleza. Todos estamos de acuerdo en que es de inter\u00e9s general que este ERTE sea considerado por la autoridad laboral como \u201ccausa de fuerza mayor\u201d y no como de \u201cnecesidades t\u00e9cnicas productivas u organizativas\u201d debido a las ventajosas prestaciones que ofrece el primero frente al segundo.<\/div>\n<div><\/div>\n<div>3\u00aa Se ha propuesto una nueva reuni\u00f3n para el pr\u00f3ximo jueves 26 a las 17h en la que se tratara la respuesta y valoraci\u00f3n de la autoridad laboral respeto al ERTE de Gestamp Bizkaia que se supone que ya estar\u00e1 en conocimiento de la empresa.<\/div>\n<div><\/div>\n<div>4\u00ba Sobre los d\u00edas pedidos de libre disposici\u00f3n por parte de las personas trabajadoras durante el ERTE la direcci\u00f3n de empresa ha respondido que los d\u00edas ya admitidos por la empresa lo seguir\u00e1n siendo de manera que la empresa no llamar\u00e1 a trabajar a esas personas esos d\u00edas y las desafectar\u00e1 o sacar\u00e1 del ERTE para que esos d\u00edas sean disfrutados.<\/div>\n<div><\/div>\n<div>5\u00ba El comit\u00e9 ha propuesto que las desafectadas que vayan a trabajar no sean siempre las mismas personas y que vayan rotando entre diferentes, a lo cual la empresa ha accedido acordando que cada dos semanas sean diferentes personas las desafectadas del ERTE.<\/div>\n<div><\/div>\n<div>6\u00ba La direcci\u00f3n ha comentado que Mercedes Alemania ha solicitado a Mercedes Vitoria, de manera formal, que reanude la actividad el 6 de abril, pero todos dudamos que sea as\u00ed debido a que el estado de alerta sanitaria se ha prorrogado hasta el d\u00eda 12.<\/div>\n<div><\/div>\n<div>7\u00ba A d\u00eda de hoy han sido avisados ya 40 eventuales a los que se les finaliza el contrato antes del 2 de abril. Este es el tr\u00e1mite previo a la no renovaci\u00f3n.<\/div>\n<div><\/div>\n<p>Salud.<\/p>\n<blockquote class=\"wp-embedded-content\" data-secret=\"PwFWAUprHo\"><p><a href=\"https:\/\/www.cgt-lkn.org\/bizkaia\/afiliate\">Afiliate<\/a><\/p><\/blockquote>\n<p><iframe loading=\"lazy\" class=\"wp-embedded-content\" sandbox=\"allow-scripts\" security=\"restricted\" style=\"position: absolute; clip: rect(1px, 1px, 1px, 1px);\" title=\"\u00abAfiliate\u00bb \u2014 CGT-LKN Bizkaia\" src=\"https:\/\/www.cgt-lkn.org\/bizkaia\/afiliate\/embed#?secret=PwFWAUprHo\" data-secret=\"PwFWAUprHo\" width=\"600\" height=\"338\" frameborder=\"0\" marginwidth=\"0\" marginheight=\"0\" scrolling=\"no\"><\/iframe><\/p>\n","protected":false},"excerpt":{"rendered":"<p>Desde la secci\u00f3n sindical CGT-LKN enumeramos los puntos tratados en la reuni\u00f3n de hoy lunes 23 a las 17:00 entre comit\u00e9 y direcci\u00f3n:<\/p>\n","protected":false},"author":72,"featured_media":4774,"comment_status":"closed","ping_status":"open","sticky":false,"template":"","format":"standard","meta":{"footnotes":"","_links_to":"","_links_to_target":""},"categories":[7,82,79],"tags":[],"class_list":["post-6816","post","type-post","status-publish","format-standard","has-post-thumbnail","hentry","category-comunicados","category-covid-19","category-gestamp-bizkaia"],"publishpress_future_action":{"enabled":false,"date":"2026-05-07 13:50:05","action":"change-status","newStatus":"draft","terms":[],"taxonomy":"category","extraData":[]},"publishpress_future_workflow_manual_trigger":{"enabledWorkflows":[]},"_links":{"self":[{"href":"https:\/\/www.cgt-lkn.org\/bizkaia-gestamp\/wp-json\/wp\/v2\/posts\/6816","targetHints":{"allow":["GET"]}}],"collection":[{"href":"https:\/\/www.cgt-lkn.org\/bizkaia-gestamp\/wp-json\/wp\/v2\/posts"}],"about":[{"href":"https:\/\/www.cgt-lkn.org\/bizkaia-gestamp\/wp-json\/wp\/v2\/types\/post"}],"author":[{"embeddable":true,"href":"https:\/\/www.cgt-lkn.org\/bizkaia-gestamp\/wp-json\/wp\/v2\/users\/72"}],"replies":[{"embeddable":true,"href":"https:\/\/www.cgt-lkn.org\/bizkaia-gestamp\/wp-json\/wp\/v2\/comments?post=6816"}],"version-history":[{"count":1,"href":"https:\/\/www.cgt-lkn.org\/bizkaia-gestamp\/wp-json\/wp\/v2\/posts\/6816\/revisions"}],"predecessor-version":[{"id":6817,"href":"https:\/\/www.cgt-lkn.org\/bizkaia-gestamp\/wp-json\/wp\/v2\/posts\/6816\/revisions\/6817"}],"wp:featuredmedia":[{"embeddable":true,"href":"https:\/\/www.cgt-lkn.org\/bizkaia-gestamp\/wp-json\/wp\/v2\/media\/4774"}],"wp:attachment":[{"href":"https:\/\/www.cgt-lkn.org\/bizkaia-gestamp\/wp-json\/wp\/v2\/media?parent=6816"}],"wp:term":[{"taxonomy":"category","embeddable":true,"href":"https:\/\/www.cgt-lkn.org\/bizkaia-gestamp\/wp-json\/wp\/v2\/categories?post=6816"},{"taxonomy":"post_tag","embeddable":true,"href":"https:\/\/www.cgt-lkn.org\/bizkaia-gestamp\/wp-json\/wp\/v2\/tags?post=6816"}],"curies":[{"name":"wp","href":"https:\/\/api.w.org\/{rel}","templated":true}]}}