{"id":6807,"date":"2020-03-17T00:08:38","date_gmt":"2020-03-16T23:08:38","guid":{"rendered":"http:\/\/www.cgt-lkn.org\/bizkaia\/gestamp\/?p=6807"},"modified":"2020-04-21T21:24:34","modified_gmt":"2020-04-21T19:24:34","slug":"parte-1-reunion-comite-empresa-17-03necesidades-productivas-para-la-semana-s12-esta-semana","status":"publish","type":"post","link":"https:\/\/www.cgt-lkn.org\/bizkaia-gestamp\/2020\/03\/17\/parte-1-reunion-comite-empresa-17-03necesidades-productivas-para-la-semana-s12-esta-semana\/","title":{"rendered":"Reuni\u00f3n comit\u00e9 -empresa 17\/03:NECESIDADES PRODUCTIVAS PARA LA SEMANA S12: Esta semana"},"content":{"rendered":"<p>NECESIDADES PRODUCTIVAS PARA LA SEMANA S12: Esta semana<\/p>\n<p>La empresa primeramente ha presentado un cuadro de relevos productivos para la presente semana S12 por tratarse de necesidades inaplazables con otros clientes diferentes a Mercedes y Volkswagen.<\/p>\n<p>&nbsp;<\/p>\n<p>Estas necesidades se actualizar\u00e1n diariamente debido a los, m\u00e1s que probables, cambios que pudieran ir sucediendo afectando con ello a las necesidades de personal.<\/p>\n<p>&nbsp;<\/p>\n<p>Desde el comit\u00e9 se le ha pedido a la empresa que reduzca al m\u00e1ximo el n\u00famero de turnos productivos presentados para esta semana S12, cosa que ha hecho reduci\u00e9ndolos a los mostrados en la imagen para las c\u00e9lulas y l\u00edneas afectadas.<\/p>\n<p>&nbsp;<\/p>\n<p>Desde el comit\u00e9 se ha permitido que sea as\u00ed y se ha modificado el orden y la cantidad de los turnos para intentar, por un lado, reducir al m\u00e1ximo el n\u00famero de personas que asistan a sus puestos dando respuesta a las necesidades m\u00ednimas y por otro se ha exigido el incremento de medidas preventivas contra contagios para estas personas: las coincidencias en el vestuario ser\u00e1n de al menos un metro de distancia como m\u00ednimo con un aforo muy reducido, se incrementar\u00e1 la limpieza en vestuarios y puestos, se repartir\u00e1n mascarillas a todo el personal que acuda a trabajar que ser\u00e1 preferentemente en el turno de ma\u00f1ana, se dar\u00e1 una peque\u00f1a formaci\u00f3n para la correcta implementaci\u00f3n de estas medidas adem\u00e1s de todas las anteriormente mencionadas.<\/p>\n<p>&nbsp;<\/p>\n<p>El comit\u00e9 de empresa controlar\u00e1 que todas estas medidas preventivas sean implementadas correctamente por la empresa.<\/p>\n<p>&nbsp;<\/p>\n<p>Pese a que pueda parecer contradictorio el paro de la producci\u00f3n este lunes 16 a las 14:00 con esta \u00faltima llamada a una producci\u00f3n m\u00ednima de una parte de la plantilla, CGT-LKN la ve aceptable si realmente se cumplen en la convicci\u00f3n de que las nuevas medidas preventivas reforzadas y su correcto cumplimiento ayudan a mejorar las existentes para evitar posibles contagios.<\/p>\n<p>&nbsp;<\/p>\n<p>La empresa ira avisando diariamente a las personas que tiene que ir a trabajar estos d\u00edas.<\/p>\n","protected":false},"excerpt":{"rendered":"<p>La empresa ira avisando diariamente a las personas que tiene que ir a trabajar estos d\u00edas.<\/p>\n","protected":false},"author":72,"featured_media":0,"comment_status":"closed","ping_status":"open","sticky":false,"template":"","format":"standard","meta":{"footnotes":"","_links_to":"","_links_to_target":""},"categories":[7,82,79],"tags":[],"class_list":["post-6807","post","type-post","status-publish","format-standard","hentry","category-comunicados","category-covid-19","category-gestamp-bizkaia"],"publishpress_future_action":{"enabled":false,"date":"2026-05-07 14:59:35","action":"change-status","newStatus":"draft","terms":[],"taxonomy":"category","extraData":[]},"publishpress_future_workflow_manual_trigger":{"enabledWorkflows":[]},"_links":{"self":[{"href":"https:\/\/www.cgt-lkn.org\/bizkaia-gestamp\/wp-json\/wp\/v2\/posts\/6807","targetHints":{"allow":["GET"]}}],"collection":[{"href":"https:\/\/www.cgt-lkn.org\/bizkaia-gestamp\/wp-json\/wp\/v2\/posts"}],"about":[{"href":"https:\/\/www.cgt-lkn.org\/bizkaia-gestamp\/wp-json\/wp\/v2\/types\/post"}],"author":[{"embeddable":true,"href":"https:\/\/www.cgt-lkn.org\/bizkaia-gestamp\/wp-json\/wp\/v2\/users\/72"}],"replies":[{"embeddable":true,"href":"https:\/\/www.cgt-lkn.org\/bizkaia-gestamp\/wp-json\/wp\/v2\/comments?post=6807"}],"version-history":[{"count":2,"href":"https:\/\/www.cgt-lkn.org\/bizkaia-gestamp\/wp-json\/wp\/v2\/posts\/6807\/revisions"}],"predecessor-version":[{"id":6810,"href":"https:\/\/www.cgt-lkn.org\/bizkaia-gestamp\/wp-json\/wp\/v2\/posts\/6807\/revisions\/6810"}],"wp:attachment":[{"href":"https:\/\/www.cgt-lkn.org\/bizkaia-gestamp\/wp-json\/wp\/v2\/media?parent=6807"}],"wp:term":[{"taxonomy":"category","embeddable":true,"href":"https:\/\/www.cgt-lkn.org\/bizkaia-gestamp\/wp-json\/wp\/v2\/categories?post=6807"},{"taxonomy":"post_tag","embeddable":true,"href":"https:\/\/www.cgt-lkn.org\/bizkaia-gestamp\/wp-json\/wp\/v2\/tags?post=6807"}],"curies":[{"name":"wp","href":"https:\/\/api.w.org\/{rel}","templated":true}]}}