{"id":6796,"date":"2020-03-13T16:01:09","date_gmt":"2020-03-13T15:01:09","guid":{"rendered":"http:\/\/www.cgt-lkn.org\/bizkaia\/gestamp\/?p=6796"},"modified":"2020-04-21T21:24:56","modified_gmt":"2020-04-21T19:24:56","slug":"protocolo-actuacion-covid-19_cronograma","status":"publish","type":"post","link":"https:\/\/www.cgt-lkn.org\/bizkaia-gestamp\/2020\/03\/13\/protocolo-actuacion-covid-19_cronograma\/","title":{"rendered":"PROTOCOLO ACTUACION COVID 19_cronograma"},"content":{"rendered":"<p>Comunicaros que siguiendo las recomendaciones del Ministerio de Sanidad y como medida preventiva a partir del pr\u00f3ximo lunes 16 de Marzo, en RRHH salvo casos excepcionales, se atender\u00e1 de 7:00 a 15:00; por tel\u00e9fono 944507000 \u00f3 a trav\u00e9s del email rrhhbizkaia@gestamp.com. Pod\u00e9is dejar los justificantes en el buz\u00f3n habilitado para ello o enviarlos a trav\u00e9s del email de RRHH.<br \/>\nPor otro lado el personal de taller que disponga de taquilla en los vestuarios y con objeto de tener bien identificada la ubicaci\u00f3n de cada persona, necesitamos que a trav\u00e9s de \u201cmodificaci\u00f3n de datos\u201c nos confirm\u00e9is el n\u00famero de taquilla que utiliz\u00e1is, entre hoy y el lunes d\u00eda 16 de marzo. Gracias.<\/p>\n<p><a href=\"https:\/\/www.cgt-lkn.org\/wp-content\/uploads\/sites\/20\/2020\/03\/PROTOCOLO-ACTUACION-COVID-19_cronograma-1.pdf\">PROTOCOLO ACTUACION COVID 19_cronograma<\/a> PDF<\/p>\n<p><a href=\"https:\/\/www.cgt-lkn.org\/wp-content\/uploads\/sites\/20\/2020\/03\/PAUTAS-A-SEGUIR-EN-EL-COMEDOR_130320.pdf\">PAUTAS A SEGUIR EN EL COMEDOR_130320<\/a> <a href=\"https:\/\/www.cgt-lkn.org\/wp-content\/uploads\/sites\/20\/2020\/03\/PROTOCOLO-ACTUACION-COVID-19_cronograma.pdf\">PROTOCOLO ACTUACION COVID 19_cronograma<\/a> en PDF<\/p>\n<p><a href=\"https:\/\/www.cgt-lkn.org\/wp-content\/uploads\/sites\/20\/2020\/03\/PROTOCOLO-ACTUACION-COVID-19_cronograma.jpg\"><img loading=\"lazy\" decoding=\"async\" class=\"size-full wp-image-6800 aligncenter\" src=\"https:\/\/www.cgt-lkn.org\/wp-content\/uploads\/sites\/20\/2020\/03\/PROTOCOLO-ACTUACION-COVID-19_cronograma.jpg\" alt=\"\" width=\"600\" height=\"431\" srcset=\"https:\/\/www.cgt-lkn.org\/bizkaia-gestamp\/wp-content\/uploads\/sites\/20\/2020\/03\/PROTOCOLO-ACTUACION-COVID-19_cronograma.jpg 600w, https:\/\/www.cgt-lkn.org\/bizkaia-gestamp\/wp-content\/uploads\/sites\/20\/2020\/03\/PROTOCOLO-ACTUACION-COVID-19_cronograma-300x216.jpg 300w, https:\/\/www.cgt-lkn.org\/bizkaia-gestamp\/wp-content\/uploads\/sites\/20\/2020\/03\/PROTOCOLO-ACTUACION-COVID-19_cronograma-150x108.jpg 150w, https:\/\/www.cgt-lkn.org\/bizkaia-gestamp\/wp-content\/uploads\/sites\/20\/2020\/03\/PROTOCOLO-ACTUACION-COVID-19_cronograma-400x287.jpg 400w\" sizes=\"auto, (max-width: 600px) 100vw, 600px\" \/><\/a><\/p>\n<p><a href=\"https:\/\/www.cgt-lkn.org\/wp-content\/uploads\/sites\/20\/2020\/03\/horario-botiquin-coronavirus.jpg\"><img loading=\"lazy\" decoding=\"async\" class=\"size-full wp-image-6797 aligncenter\" src=\"https:\/\/www.cgt-lkn.org\/wp-content\/uploads\/sites\/20\/2020\/03\/horario-botiquin-coronavirus.jpg\" alt=\"\" width=\"600\" height=\"417\" \/><\/a><\/p>\n","protected":false},"excerpt":{"rendered":"<p><a href=\"https:\/\/www.cgt-lkn.org\/wp-content\/uploads\/sites\/20\/2020\/03\/horario-botiquin-coronavirus.jpg\"><img loading=\"lazy\" decoding=\"async\" class=\"wp-image-6797 alignleft\" src=\"https:\/\/www.cgt-lkn.org\/wp-content\/uploads\/sites\/20\/2020\/03\/horario-botiquin-coronavirus.jpg\" alt=\"\" width=\"258\" height=\"179\" \/><\/a>Comunicaros que siguiendo las recomendaciones del Ministerio de Sanidad y como medida preventiva a partir del pr\u00f3ximo lunes 16 de Marzo, en RRHH salvo casos excepcionales, se atender\u00e1 de 7:00 a 15:00; por tel\u00e9fono 944507000 \u00f3 a trav\u00e9s del email rrhhbizkaia@gestamp.com. Pod\u00e9is dejar los justificantes en el buz\u00f3n habilitado para ello o enviarlos a trav\u00e9s del email de RRHH.<\/p>\n<p>Por otro lado el personal de taller que disponga de taquilla en los vestuarios y con objeto de tener bien identificada la ubicaci\u00f3n de cada persona, necesitamos que a trav\u00e9s de \u201cmodificaci\u00f3n de datos\u201c nos confirm\u00e9is el n\u00famero de taquilla que utiliz\u00e1is, entre hoy y el lunes d\u00eda 16 de marzo. Gracias.<\/p>\n","protected":false},"author":72,"featured_media":6800,"comment_status":"closed","ping_status":"open","sticky":false,"template":"","format":"standard","meta":{"footnotes":"","_links_to":"","_links_to_target":""},"categories":[82,13],"tags":[],"class_list":["post-6796","post","type-post","status-publish","format-standard","has-post-thumbnail","hentry","category-covid-19","category-gestamp"],"publishpress_future_action":{"enabled":false,"date":"2026-05-07 14:59:04","action":"change-status","newStatus":"draft","terms":[],"taxonomy":"category","extraData":[]},"publishpress_future_workflow_manual_trigger":{"enabledWorkflows":[]},"_links":{"self":[{"href":"https:\/\/www.cgt-lkn.org\/bizkaia-gestamp\/wp-json\/wp\/v2\/posts\/6796","targetHints":{"allow":["GET"]}}],"collection":[{"href":"https:\/\/www.cgt-lkn.org\/bizkaia-gestamp\/wp-json\/wp\/v2\/posts"}],"about":[{"href":"https:\/\/www.cgt-lkn.org\/bizkaia-gestamp\/wp-json\/wp\/v2\/types\/post"}],"author":[{"embeddable":true,"href":"https:\/\/www.cgt-lkn.org\/bizkaia-gestamp\/wp-json\/wp\/v2\/users\/72"}],"replies":[{"embeddable":true,"href":"https:\/\/www.cgt-lkn.org\/bizkaia-gestamp\/wp-json\/wp\/v2\/comments?post=6796"}],"version-history":[{"count":1,"href":"https:\/\/www.cgt-lkn.org\/bizkaia-gestamp\/wp-json\/wp\/v2\/posts\/6796\/revisions"}],"predecessor-version":[{"id":6803,"href":"https:\/\/www.cgt-lkn.org\/bizkaia-gestamp\/wp-json\/wp\/v2\/posts\/6796\/revisions\/6803"}],"wp:featuredmedia":[{"embeddable":true,"href":"https:\/\/www.cgt-lkn.org\/bizkaia-gestamp\/wp-json\/wp\/v2\/media\/6800"}],"wp:attachment":[{"href":"https:\/\/www.cgt-lkn.org\/bizkaia-gestamp\/wp-json\/wp\/v2\/media?parent=6796"}],"wp:term":[{"taxonomy":"category","embeddable":true,"href":"https:\/\/www.cgt-lkn.org\/bizkaia-gestamp\/wp-json\/wp\/v2\/categories?post=6796"},{"taxonomy":"post_tag","embeddable":true,"href":"https:\/\/www.cgt-lkn.org\/bizkaia-gestamp\/wp-json\/wp\/v2\/tags?post=6796"}],"curies":[{"name":"wp","href":"https:\/\/api.w.org\/{rel}","templated":true}]}}