{"id":6786,"date":"2020-03-20T11:22:56","date_gmt":"2020-03-20T10:22:56","guid":{"rendered":"http:\/\/www.cgt-lkn.org\/bizkaia\/gestamp\/?p=6786"},"modified":"2020-03-10T11:34:35","modified_gmt":"2020-03-10T10:34:35","slug":"que-es-la-cuarta-revolucion-industrial-y-por-que-deberia-preocuparnos","status":"publish","type":"post","link":"https:\/\/www.cgt-lkn.org\/bizkaia-gestamp\/2020\/03\/20\/que-es-la-cuarta-revolucion-industrial-y-por-que-deberia-preocuparnos\/","title":{"rendered":"Qu\u00e9 es la cuarta revoluci\u00f3n industrial (y por qu\u00e9 deber\u00eda preocuparnos)"},"content":{"rendered":"<div class=\"story-body\">\n<div class=\"story-body__inner\">\n<p class=\"story-body__introduction\">A finales del siglo XVII fue la m\u00e1quina de vapor. Esta vez, ser\u00e1n los robots integrados en sistemas ciberf\u00edsicos los responsables de una transformaci\u00f3n radical.<\/p>\n<p>Los economistas le han puesto nombre:\u00a0<strong>la cuarta revoluci\u00f3n industrial.<\/strong><\/p>\n<p>Marcada por la convergencia de tecnolog\u00edas digitales, f\u00edsicas y biol\u00f3gicas, anticipan que cambiar\u00e1 el mundo tal como lo conocemos.<\/p>\n<p>\u00bfSuena muy radical? Es que, de cumplirse los vaticinios, lo ser\u00e1.\u00a0<strong>Y est\u00e1 ocurriendo, dicen, a gran escala y a toda velocidad.<\/strong><\/p>\n<p>\u201cEstamos al borde de una revoluci\u00f3n tecnol\u00f3gica que modificar\u00e1 fundamentalmente la forma en que vivimos, trabajamos y nos relacionamos. En su escala, alcance y complejidad, la transformaci\u00f3n ser\u00e1 distinta a cualquier cosa que el g\u00e9nero humano haya experimentado antes\u201d, vaticina Klaus Schwab, autor del libro \u201cLa cuarta revoluci\u00f3n industrial\u201d, publicado este a\u00f1o.<\/p>\n<figure class=\"media-landscape has-caption full-width\"><span class=\"image-and-copyright-container\"><img loading=\"lazy\" decoding=\"async\" class=\"responsive-image__img js-image-replace aligncenter\" src=\"https:\/\/ichef.bbci.co.uk\/news\/624\/cpsprodpb\/1447C\/production\/_91886038_gettyimages-51363341.jpg\" alt=\"L\u00ednea de producci\u00f3n en f\u00e1brica automatizada con sistemas ciberf\u00edsicos en EE.UU.\" width=\"651\" height=\"366\" \/><span class=\"off-screen\">Image copyright<\/span><span class=\"story-image-copyright\">GETTY IMAGES<\/span><\/span><figcaption class=\"media-caption\"><span class=\"off-screen\">Image caption<\/span><span class=\"media-caption__text\">La manufactura cambiar\u00e1 de un modo radical y, con ella, el mundo del empleo.<\/span><\/figcaption><\/figure>\n<p>Los \u201cnuevos poderes\u201d del cambio vendr\u00e1n de la mano de la ingenier\u00eda gen\u00e9tica y las neurotecnolog\u00edas, dos \u00e1reas que parecen cr\u00edpticas y lejanas para el ciudadano de a pie.<\/p>\n<p>Pero las repercusiones impactar\u00e1n en c\u00f3mo somos y nos relacionamos hasta en los rincones m\u00e1s lejanos del planeta:<strong>\u00a0la revoluci\u00f3n afectar\u00e1 \u201cel mercado del empleo, el futuro del trabajo, la desigualdad en el ingreso\u201d\u00a0<\/strong>y sus coletazos impactar\u00e1n la seguridad geopol\u00edtica y los marcos \u00e9ticos.<\/p>\n<h2 class=\"story-body__crosshead\">La f\u00e1brica autom\u00e1tica y muy, muy inteligente<\/h2>\n<p>Entonces, \u00bfde qu\u00e9 se trata el cambio y por qu\u00e9 hay quienes creen que se trata de una revoluci\u00f3n?<\/p>\n<p>Lo importante, destacan los te\u00f3ricos de la idea, es que no se trata de desarrollos, sino del\u00a0<i>encuentro\u00a0<\/i>de esos desarrollos. Y en ese sentido, representa un cambio de paradigma, en lugar de un paso m\u00e1s en la carrera tecnol\u00f3gica fren\u00e9tica.<\/p>\n<div id=\"bbc-news-vj-iframe-content-placeholder\"><\/div>\n<div id=\"ns_datapic_cuarta-revolucion-claves\" class=\"idt__news ns_datapic_stat ns_datapic_stat--cuarta-revolucion-claves newsspec_infographic_template\">\n<div class=\"ns_outer_wrapper ns_outer_wrapper__align-bottom\">\n<div class=\"ns_inner_wrapper\">\n<div class=\"ns_header_wrapper\">\n<h2 class=\"ns_title\">5 claves para entender la REVOLUCI\u00d3N 4.0<\/h2>\n<\/div>\n<ul class=\"ns_impact-figures ns_separator \">\n<li class=\"ns_impact first-child\"><span class=\"ns_impact__fig\">1.<\/span>\u00a0Alemania fue el primer pa\u00eds en establecerla en la agenda de gobierno como \u201cestrategia de alta tecnolog\u00eda\u201d<\/li>\n<li class=\"ns_impact\"><span class=\"ns_impact__fig\">2.<\/span>\u00a0Se basa en sistemas ciberf\u00edsicos, que combinan infraestructura f\u00edsica con software, sensores, nanotecnolog\u00eda, tecnolog\u00eda digital de comunicaciones<\/li>\n<li class=\"ns_impact\"><span class=\"ns_impact__fig\">3.<\/span>\u00a0La internet de las cosas jugar\u00e1 un rol fundamental<\/li>\n<li class=\"ns_impact\"><span class=\"ns_impact__fig\">4.<\/span>\u00a0Permitir\u00e1 agregar US$$14,2 billones a la econom\u00eda mundial en los pr\u00f3ximos 15 a\u00f1os<\/li>\n<li class=\"ns_impact\"><span class=\"ns_impact__fig\">5.<\/span>\u00a0Cambiar\u00e1 el mundo del empleo por completo y afectar\u00e1 a industrias en todo el planeta<\/li>\n<li class=\"ns_impact last-child\"><\/li>\n<\/ul>\n<div class=\"ns_footer ns_small-text\">WEF, 2016<\/div>\n<\/div>\n<div class=\"ns_outer_wrapper_img_src\">Getty Images<\/div>\n<\/div>\n<\/div>\n<p>\u201cLa cuarta revoluci\u00f3n industrial,\u00a0<strong>no se define por un conjunto de tecnolog\u00edas emergentes en s\u00ed mismas, sino por la transici\u00f3n hacia nuevos sistemas que est\u00e1n construidos sobre la infraestructura de la revoluci\u00f3n digital (anterior)<\/strong>\u201c, dice Schwab, que es director ejecutivo del Foro Econ\u00f3mico Mundial (WEF, por sus siglas en ingl\u00e9s) y uno de los principales entusiastas de la \u201crevoluci\u00f3n\u201d.<\/p>\n<p>\u201cHay tres razones por las que las transformaciones actuales no representan una prolongaci\u00f3n de la tercera revoluci\u00f3n industrial, sino la llegada de una distinta: la velocidad, el alcance y el impacto en los sistemas. La velocidad de los avances actuales no tiene precedentes en la historia\u2026 Y est\u00e1 interfiriendo en casi todas las industrias de todos los pa\u00edses\u201d, apunta el WEF.<\/p>\n<p>Tambi\u00e9n llamada 4.0,\u00a0<strong>la revoluci\u00f3n sigue a los otros tres procesos hist\u00f3ricos<\/strong><strong>transformadores<\/strong>: la primera marc\u00f3 el paso de la producci\u00f3n manual a la mecanizada, entre 1760 y 1830; la segunda, alrededor de 1850, trajo la electricidad y permiti\u00f3 la manufactura en masa.<\/p>\n<figure class=\"media-landscape has-caption full-width\"><span class=\"image-and-copyright-container\"><img loading=\"lazy\" decoding=\"async\" class=\"responsive-image__img js-image-replace aligncenter\" src=\"https:\/\/ichef.bbci.co.uk\/news\/624\/cpsprodpb\/8A8C\/production\/_91886453_gettyimages-3399438.jpg\" alt=\"Primera Revoluci\u00f3n Industrial, ilustraci\u00f3n\" width=\"637\" height=\"358\" \/><span class=\"off-screen\">Image copyright<\/span><span class=\"story-image-copyright\">HULTON ARCHIVE<\/span><\/span><figcaption class=\"media-caption\"><span class=\"off-screen\">Image caption<\/span><span class=\"media-caption__text\">La primera revoluci\u00f3n industrial permiti\u00f3 pasar a la producci\u00f3n mecanizada, gracias a novedades como el motor a vapor.<\/span><\/figcaption><\/figure>\n<p>Para la tercera hubo que esperar a mediados del siglo XX, con la llegada de la electr\u00f3nica y la tecnolog\u00eda de la informaci\u00f3n y las telecomunicaciones.<\/p>\n<p>Ahora, el cuarto giro trae consigo una tendencia a la automatizaci\u00f3n total de la manufactura \u2013\u00a0<strong>su nombre proviene, de hecho, de un proyecto de estrategia de alta tecnolog\u00eda del gobierno de Alemania, sobre el que trabajan desde 201<\/strong><strong>3<\/strong><strong>para\u00a0<\/strong><strong>llevar su\u00a0<\/strong><strong>producci\u00f3n<\/strong><strong>\u00a0a una total independencia de la mano de obra humana.<\/strong><\/p>\n<p>La automatizaci\u00f3n corre por cuenta de\u00a0<strong>sistemas ciberf\u00edsicos<\/strong>, hechos posibles por el internet de la cosas y el\u00a0<i>cloud computing\u00a0<\/i>o nube.<\/p>\n<p>Los sistemas ciberf\u00edsicos, que combinan maquinaria f\u00edsica y tangible con procesos digitales, son capaces de tomar decisiones descentralizadas y de cooperar -entre ellos y con los humanos- mediante el internet de las cosas.<\/p>\n<p>Lo que veremos, dicen los te\u00f3ricos, es\u00a0<strong>una \u201cf\u00e1brica inteligente\u201d<\/strong>. Verdaderamente inteligente.<\/p>\n<figure class=\"media-landscape has-caption full-width\"><span class=\"image-and-copyright-container\"><img loading=\"lazy\" decoding=\"async\" class=\"responsive-image__img js-image-replace alignright\" src=\"https:\/\/ichef.bbci.co.uk\/news\/624\/cpsprodpb\/126CC\/production\/_91886457_gettyimages-1324420.jpg\" alt=\"Trabajador con rollo de fibra \u00f3ptica.\" width=\"447\" height=\"251\" \/><span class=\"off-screen\">Image copyright<\/span><span class=\"story-image-copyright\">GETTY IMAGES<\/span><\/span><figcaption class=\"media-caption\"><span class=\"off-screen\">Image caption<\/span><span class=\"media-caption__text\">\u00bfY qu\u00e9 pasar\u00e1 con el empleo?<\/span><\/figcaption><\/figure>\n<p>El principio b\u00e1sico es que\u00a0<strong>las empresas podr\u00e1n crear redes inteligentes que podr\u00e1n controlarse a s\u00ed mismas, a lo largo de toda la cadena de valor.<\/strong><\/p>\n<p>Los guarismos econ\u00f3micos son impactantes: seg\u00fan calcul\u00f3 la consultora Accenture en 2015,<strong>\u00a0un<\/strong><strong>a<\/strong><strong>\u00a0versi\u00f3n a escala industrial de\u00a0<\/strong><strong>est<\/strong><strong>a revoluci\u00f3n podr\u00eda agregar U<\/strong><strong>S<\/strong><strong>$14,2 billones a la econom\u00eda mundial en los pr\u00f3ximos 15 a\u00f1os.<\/strong><\/p>\n<p>En el Foro de Davos, en enero de este a\u00f1o, hubo un anticipo de lo que los acad\u00e9micos m\u00e1s entusiastas tienen en la cabeza cuando hablan de Revoluci\u00f3n 4.0: nanotecnolog\u00edas, neurotecnolog\u00edas, robots, inteligencia artificial, biotecnolog\u00eda, sistemas de almacenamiento de energ\u00eda, drones e impresoras 3D ser\u00e1n sus art\u00edfices.<\/p>\n<p>Pero ser\u00e1n tambi\u00e9n los gestores de una de las premisas m\u00e1s controvertidas del cambio:<strong>\u00a0la cuarta revoluci\u00f3n podr\u00eda acabar con cinco millones de puestos de trabajo<\/strong>\u00a0en los 15 pa\u00edses m\u00e1s industrializados del mundo.<\/p>\n<figure class=\"media-landscape has-caption full-width\"><span class=\"image-and-copyright-container\"><img loading=\"lazy\" decoding=\"async\" class=\"responsive-image__img js-image-replace alignleft\" src=\"https:\/\/ichef-1.bbci.co.uk\/news\/624\/cpsprodpb\/6764\/production\/_91886462_gettyimages-505545544.jpg\" alt=\"Escenario del Foro de Davos.\" width=\"381\" height=\"214\" \/><span class=\"off-screen\">Image copyright<\/span><span class=\"story-image-copyright\">GETTY IMAGES<\/span><\/span><figcaption class=\"media-caption\"><span class=\"off-screen\">Image caption<\/span><span class=\"media-caption__text\">En el Foro de Davos, en enero pasado, la cuarta revoluci\u00f3n industrial fue la estrella del debate.<\/span><\/figcaption><\/figure>\n<h2 class=\"story-body__crosshead\">Revoluci\u00f3n, \u00bfpara qui\u00e9n?<\/h2>\n<p>Son precisamente los pa\u00edses m\u00e1s avanzados los que encarnar\u00e1n los cambios con mayor rapidez, pero a la vez los expertos destacan que<strong>\u00a0son las econom\u00edas emergentes las que podr\u00e1n sacarle mayor beneficio.<\/strong><\/p>\n<p>La cuarta revoluci\u00f3n\u00a0<strong>tiene el potencial de elevar los niveles de ingreso globales y mejorar la calidad de vida de poblaciones enteras<\/strong>, apunta Schwab, las mismas que se han beneficiado con la llegada del mundo digital (y la posibilidad, por caso, de hacer pagos, escuchar m\u00fasica o pedir un taxi desde un celular ubicuo y barato).<\/p>\n<p>Sin embargo, el proceso de transformaci\u00f3n\u00a0<strong>s\u00f3lo beneficiar\u00e1 a quienes sean capaces de innovar y adaptarse<\/strong>.<\/p>\n<figure class=\"media-landscape has-caption full-width\"><span class=\"image-and-copyright-container\"><img loading=\"lazy\" decoding=\"async\" class=\"responsive-image__img js-image-replace aligncenter\" src=\"https:\/\/ichef.bbci.co.uk\/news\/624\/cpsprodpb\/0F80\/production\/_91886930_thinkstockphotos-534116316.jpg\" alt=\"Gr\u00e1fico de internet de las cosas\" width=\"642\" height=\"642\" \/><span class=\"off-screen\">Image copyright<\/span><span class=\"story-image-copyright\">THINKSTOCK<\/span><\/span><figcaption class=\"media-caption\"><span class=\"off-screen\">Image caption<\/span><span class=\"media-caption__text\">Un esquema de la internet de las cosas (IoT, en ingl\u00e9s) sobre la que se apoya la transformaci\u00f3n.<\/span><\/figcaption><\/figure>\n<p>\u201cEl futuro del empleo estar\u00e1 hecho de trabajos que no existen, en industrias que usan tecnolog\u00edas nuevas, en condiciones planetarias que ning\u00fan ser humano jam\u00e1s ha experimentado\u201d, resume David Ritter, CEO de Greenpeace Australia\/Pac\u00edfico, en una columna sobre la cuarta revoluci\u00f3n para el diario brit\u00e1nico\u00a0<i>The Guardian<\/i>.<\/p>\n<p>Aunque los empresarios parecen entusiasmados \u2013 m\u00e1s que intimidados- por la magnitud del reto:\u00a0<strong>un sondeo revela que 70% tiene expectativas positivas sobre la cuarta revoluci\u00f3n industrial.<\/strong><\/p>\n<p>As\u00ed se desprende del \u00faltimo Bar\u00f3metro Global de Innovaci\u00f3n, una medici\u00f3n que publica\u00a0<i>General Electric<\/i>\u00a0cada a\u00f1o y que recoge opiniones de m\u00e1s de 4.000 l\u00edderes y personas interesadas en las transformaciones de 23 pa\u00edses.<\/p>\n<div id=\"bbc-news-vj-iframe-content-placeholder\"><\/div>\n<div id=\"ns_datapic_cuarta-revolucion-sondeo\" class=\"idt__news ns_datapic_stat ns_datapic_stat--cuarta-revolucion-sondeo newsspec_infographic_template\">\n<div class=\"ns_outer_wrapper ns_outer_wrapper__align-bottom\">\n<div class=\"ns_inner_wrapper\">\n<div class=\"ns_header_wrapper\">\n<h2 class=\"ns_title\">LA CUARTA REVOLUCI\u00d3N<\/h2>\n<h3 class=\"ns_subtitle\">\u00bfQu\u00e9 opinan los empresarios?<\/h3>\n<\/div>\n<div class=\"ns_header\">\n<div class=\"ns_super_impact ns_header_left\">\n<p class=\"ns_super_impact__fig\">70%<\/p>\n<p>de los ejecutivos tiene expectativas positivas<\/p>\n<\/div>\n<\/div>\n<ul class=\"ns_impact-figures ns_separator \">\n<li class=\"ns_impact first-child\"><span class=\"ns_impact__fig\">85%\u00a0<\/span>cree que las innovaciones de los sistemas ciberf\u00edsicos ser\u00e1n beneficiosas<\/li>\n<li class=\"ns_impact\"><span class=\"ns_impact__fig\">64%<\/span>\u00a0est\u00e1 dispuesto a asumir los riesgos de innovar<\/li>\n<li class=\"ns_impact last-child\"><span class=\"ns_impact__fig\">17%\u00a0<\/span>teme por el impacto negativo en los trabajadores<\/li>\n<\/ul>\n<div class=\"ns_footer ns_small-text\">Bar\u00f3metro Global de Innovaci\u00f3n 2016, GE<\/div>\n<\/div>\n<div class=\"ns_outer_wrapper_img_src\">Getty<\/div>\n<\/div>\n<\/div>\n<p>Aunque la distribuci\u00f3n regional es desigual y son\u00a0<strong>los mercados emergentes de Asia principalmente los que est\u00e1n adoptando los cambios de manera m\u00e1s disruptiva<\/strong>\u00a0que sus pares de econom\u00edas desarrolladas.<\/p>\n<p>\u201cSer disruptivo es el est\u00e1ndar de oro para ejecutivos y ciudadanos, pero sigue siendo un objetivo complicado de llevar a la pr\u00e1ctica\u201d, reconoce el estudio.<\/p>\n<h2 class=\"story-body__crosshead\">Los peligros del cibermodelo<\/h2>\n<p>As\u00ed, no todos ven el futuro con optimismo:\u00a0<strong>los sondeos reflejan las preocupaciones de empresarios por el \u201cdarwinismo tecnol\u00f3gico\u201d, donde aquellos que no se adapten no logr<\/strong><strong>ar\u00e1n<\/strong><strong>\u00a0sobrevivir.<\/strong><\/p>\n<p>Y si ello ocurre a toda velocidad, como se\u00f1alan los entusiastas de la cuarta revoluci\u00f3n, el efecto puede ser m\u00e1s devastador que el que gener\u00f3 a su turno la tercera revoluci\u00f3n.<\/p>\n<figure class=\"media-landscape has-caption full-width\"><span class=\"image-and-copyright-container\"><img loading=\"lazy\" decoding=\"async\" class=\"responsive-image__img js-image-replace aligncenter\" src=\"https:\/\/ichef-1.bbci.co.uk\/news\/624\/cpsprodpb\/1D90\/production\/_91886570_thinkstockphotos-122585208-2.jpg\" alt=\"Hombre y robot, ilustraci\u00f3n.\" width=\"614\" height=\"614\" \/><span class=\"off-screen\">Image copyright<\/span><span class=\"story-image-copyright\">THINKSTOCK<\/span><\/span><figcaption class=\"media-caption\"><span class=\"off-screen\">Image caption<\/span><span class=\"media-caption__text\">La revoluci\u00f3n tendr\u00e1 que escribir una nueva relaci\u00f3n entre los hombres y los robots. Pero detr\u00e1s hay dilemas \u00e9ticos y sociales por resolver, dicen los cr\u00edticos.<\/span><\/figcaption><\/figure>\n<p>\u201cEn el juego del desarrollo tecnol\u00f3gico, siempre hay perdedores. Y una de las formas de inequidad que m\u00e1s me preocupa es la de los valores.\u00a0<strong>Hay un real riesgo de que la \u00e9lite tecnocr\u00e1tica vea todos los cambios que vienen como una justificaci\u00f3n de sus valores<\/strong>\u201c, le dice a BBC Mundo Elizabeth Garbee, investigadora de la Escuela para el Futuro de la Innovaci\u00f3n en la Sociedad de la Universidad Estatal de Arizona (ASU).<\/p>\n<p>\u201cEse tipo de ideolog\u00eda limita gravemente las perspectivas que se traen a la mesa a la hora de tomar decisiones (pol\u00edticas), lo que a su vez exacerba la inequidad que ya vemos en el mundo hoy\u201d, agrega.<\/p>\n<p>\u201cDado que mantener el\u00a0<i>statu<\/i><i>s<\/i><i>\u00a0quo<\/i>\u00a0no es una opci\u00f3n, necesitamos un debate fundamental sobre la forma y los objetivos de esta nueva econom\u00eda\u201d, apunta Ritter, que considera que debe haber un \u201cdebate democr\u00e1tico\u201d en torno a los cambios tecnol\u00f3gicos.<\/p>\n<figure class=\"media-landscape has-caption full-width\"><span class=\"image-and-copyright-container\"><img loading=\"lazy\" decoding=\"async\" class=\"responsive-image__img js-image-replace aligncenter\" src=\"https:\/\/ichef.bbci.co.uk\/news\/624\/cpsprodpb\/10408\/production\/_91886566_gettyimages-53059593.jpg\" alt=\"Joven asi\u00e1tico frente a computadoras.\" width=\"605\" height=\"340\" \/><span class=\"off-screen\">Image copyright<\/span><span class=\"story-image-copyright\">GETTY IMAGES<\/span><\/span><figcaption class=\"media-caption\"><span class=\"off-screen\">Image caption<\/span><span class=\"media-caption__text\">Los mercados emergentes de Asia est\u00e1n a la vanguardia de la cuarta revoluci\u00f3n, dicen los expertos.<\/span><\/figcaption><\/figure>\n<p>Por una parte,\u00a0<strong>hay quienes descreen que se trate de una cuarta revoluci\u00f3n:\u00a0<\/strong>es cierto que los cambios son muchos y muy profundos, pero el concepto fue por primera vez usado en 1940 (en un documento de una revista de Harvard titulado \u201cLa \u00faltima oportunidad de Estados Unidos\u201d, que pintaba un futuro sombr\u00edo por el avance de la tecnolog\u00eda) y su uso representa una \u201cpereza intelectual\u201d, dice Garbee.<\/p>\n<p>Otros, m\u00e1s pragm\u00e1ticos, alertan que la cuarta revoluci\u00f3n\u00a0<strong>no har\u00e1 sino aumentar la desigualdad en el reparto del ingreso y traer\u00e1 consigo toda clase de dilemas de seguridad geopol\u00edtica.<\/strong><\/p>\n<p>El mismo WEF reconoce que\u00a0<strong>\u201clos beneficios de la apertura est\u00e1n en riesgo\u201d por medidas proteccionistas, especialmente barreras no tarifarias y normativas del comercio mundial, que se han exacerbado desde la crisis financiera de 2007<\/strong>: un desaf\u00edo que la cuarta revoluci\u00f3n deber\u00e1 sortear si quiere entregar lo que promete.<\/p>\n<p>\u201cEl entusiasmo no es injustificado, estas tecnolog\u00edas representan avances asombrosos. Pero el entusiasmo no es excusa para la ingenuidad y la historia est\u00e1 plagada de ejemplos de c\u00f3mo la tecnolog\u00eda pasa por encima de los marcos sociales, \u00e9ticos y pol\u00edticos que necesitamos para hacer buen uso de ella\u201d, remata Garbee.<\/p>\n<figure class=\"media-landscape has-caption full-width\"><span class=\"image-and-copyright-container\"><img loading=\"lazy\" decoding=\"async\" class=\"responsive-image__img js-image-replace aligncenter\" src=\"https:\/\/ichef-1.bbci.co.uk\/news\/624\/cpsprodpb\/CEE8\/production\/_91886925_gettyimages-466087492.jpg\" alt=\"Angela Merkel, en una f\u00e1brica de robots en Alemania\" width=\"551\" height=\"310\" \/><span class=\"off-screen\">Image copyright<\/span><span class=\"story-image-copyright\">GETTY IMAGES<\/span><\/span><figcaption class=\"media-caption\"><span class=\"off-screen\">Image caption<\/span><span class=\"media-caption__text\">Angela Merkel, en una f\u00e1brica de robots: para Alemania, la revoluci\u00f3n 4.0 es una prioridad.<\/span><\/figcaption><\/figure>\n<\/div>\n<\/div>\n<div class=\"tags-container\">\n<h2 class=\"tags-title story-body__crosshead\"><\/h2>\n<p class=\"tags-title story-body__crosshead\">Fuente:\u00a0http:\/\/www.bbc.com\/mundo\/noticias-37631834<\/p>\n<\/div>\n","protected":false},"excerpt":{"rendered":"<p><strong>Hay un real riesgo de que la \u00e9lite tecnocr\u00e1tica vea todos los cambios que vienen como una justificaci\u00f3n de sus valores<\/strong>\u00ab<\/p>\n","protected":false},"author":72,"featured_media":6789,"comment_status":"closed","ping_status":"open","sticky":false,"template":"","format":"standard","meta":{"footnotes":"","_links_to":"","_links_to_target":""},"categories":[5,22],"tags":[],"class_list":["post-6786","post","type-post","status-publish","format-standard","has-post-thumbnail","hentry","category-automocion","category-en-la-prensa"],"publishpress_future_action":{"enabled":false,"date":"2026-05-07 14:59:36","action":"change-status","newStatus":"draft","terms":[],"taxonomy":"category","extraData":[]},"publishpress_future_workflow_manual_trigger":{"enabledWorkflows":[]},"_links":{"self":[{"href":"https:\/\/www.cgt-lkn.org\/bizkaia-gestamp\/wp-json\/wp\/v2\/posts\/6786","targetHints":{"allow":["GET"]}}],"collection":[{"href":"https:\/\/www.cgt-lkn.org\/bizkaia-gestamp\/wp-json\/wp\/v2\/posts"}],"about":[{"href":"https:\/\/www.cgt-lkn.org\/bizkaia-gestamp\/wp-json\/wp\/v2\/types\/post"}],"author":[{"embeddable":true,"href":"https:\/\/www.cgt-lkn.org\/bizkaia-gestamp\/wp-json\/wp\/v2\/users\/72"}],"replies":[{"embeddable":true,"href":"https:\/\/www.cgt-lkn.org\/bizkaia-gestamp\/wp-json\/wp\/v2\/comments?post=6786"}],"version-history":[{"count":3,"href":"https:\/\/www.cgt-lkn.org\/bizkaia-gestamp\/wp-json\/wp\/v2\/posts\/6786\/revisions"}],"predecessor-version":[{"id":6790,"href":"https:\/\/www.cgt-lkn.org\/bizkaia-gestamp\/wp-json\/wp\/v2\/posts\/6786\/revisions\/6790"}],"wp:featuredmedia":[{"embeddable":true,"href":"https:\/\/www.cgt-lkn.org\/bizkaia-gestamp\/wp-json\/wp\/v2\/media\/6789"}],"wp:attachment":[{"href":"https:\/\/www.cgt-lkn.org\/bizkaia-gestamp\/wp-json\/wp\/v2\/media?parent=6786"}],"wp:term":[{"taxonomy":"category","embeddable":true,"href":"https:\/\/www.cgt-lkn.org\/bizkaia-gestamp\/wp-json\/wp\/v2\/categories?post=6786"},{"taxonomy":"post_tag","embeddable":true,"href":"https:\/\/www.cgt-lkn.org\/bizkaia-gestamp\/wp-json\/wp\/v2\/tags?post=6786"}],"curies":[{"name":"wp","href":"https:\/\/api.w.org\/{rel}","templated":true}]}}