{"id":6735,"date":"2020-02-05T10:47:12","date_gmt":"2020-02-05T09:47:12","guid":{"rendered":"http:\/\/www.cgt-lkn.org\/bizkaia\/gestamp\/?p=6735"},"modified":"2020-02-05T10:47:12","modified_gmt":"2020-02-05T09:47:12","slug":"charla-presentacion-del-libro-el-narco-oasis-vasco-5-de-febrero-a-las-1930-hs-en-cgt-bailen7-bajo","status":"publish","type":"post","link":"https:\/\/www.cgt-lkn.org\/bizkaia-gestamp\/2020\/02\/05\/charla-presentacion-del-libro-el-narco-oasis-vasco-5-de-febrero-a-las-1930-hs-en-cgt-bailen7-bajo\/","title":{"rendered":"Charla\/Presentaci\u00f3n del libro \u201cEL NARCO-OASIS VASCO\u201d: 5 de Febrero a las 19:30 hs. en CGT (Bail\u00e9n,7-bajo)"},"content":{"rendered":"<p><a href=\"https:\/\/www.cgt-lkn.org\/wp-content\/uploads\/sites\/20\/2020\/02\/el-narco-oasis-vasco.jpg\"><img loading=\"lazy\" decoding=\"async\" class=\"size-full wp-image-6736 aligncenter\" src=\"https:\/\/www.cgt-lkn.org\/wp-content\/uploads\/sites\/20\/2020\/02\/el-narco-oasis-vasco.jpg\" alt=\"\" width=\"400\" height=\"638\" srcset=\"https:\/\/www.cgt-lkn.org\/bizkaia-gestamp\/wp-content\/uploads\/sites\/20\/2020\/02\/el-narco-oasis-vasco.jpg 400w, https:\/\/www.cgt-lkn.org\/bizkaia-gestamp\/wp-content\/uploads\/sites\/20\/2020\/02\/el-narco-oasis-vasco-188x300.jpg 188w, https:\/\/www.cgt-lkn.org\/bizkaia-gestamp\/wp-content\/uploads\/sites\/20\/2020\/02\/el-narco-oasis-vasco-94x150.jpg 94w\" sizes=\"auto, (max-width: 400px) 100vw, 400px\" \/><\/a>\u201c\u2026\u2026\u2026\u2026..Hac\u00eda falta m\u00e1s de una mano para levantar tanto peso. 95 kilos, concretamente. De speed para ser m\u00e1s exactos. Ocurri\u00f3 en 2006, fue una de las mayores\u00a0<a href=\"https:\/\/www.elconfidencial.com\/sociedad\/2006-04-06\/detenidos-dos-ertzainas-y-otras-cuatro-personas-por-trafico-de-speed_532059\/\">incautaciones de esa droga<\/a>\u00a0en Espa\u00f1a y entre los detenidos hubo dos agentes de la Ertzaintza. Por este caso y por otros similares, el periodista y crimin\u00f3logo Ahoztar Zelaieta ha decidido titular su \u00faltimo libro con un t\u00e9rmino que no deja lugar a dudas: \u201cEl narco-oasis vasco\u201d.<\/p>\n<p>Lo de \u201coasis\u201d viene por aquellas afirmaciones sobre lo diferente que resulta Euskadi, sobre todo cuando de hablar de males se trata. Lo de \u201cnarco\u201d apunta al coraz\u00f3n de esta historia que acaba de publicar la editorial Txalaparta. Una historia repleta de alijos, narcotraficantes, polic\u00edas, pol\u00edticos\u2026 \u201cCapos del narcotr\u00e1fico y mafias policiales con impunidad pol\u00edtica\u201d, abunda el subt\u00edtulo de este libro. Mientras el foco medi\u00e1tico se\u00f1alaba a Galicia y Andaluc\u00eda como origen del tr\u00e1fico de droga en Europa, Euskal Herria, sin abrir telediarios, protagonizaba r\u00e9cords en alijos, convirti\u00e9ndose en un enclave internacional estrat\u00e9gico\u201d, apunta Txalaparta. De ah\u00ed que Zelaieta haya titulado uno de los cap\u00edtulos de su libro con el t\u00e9rmino \u201ceuskal-fari\u00f1a\u201d, en relaci\u00f3n a los v\u00ednculos entre narcos vascos y gallegos\u2026\u2026<\/p>\n","protected":false},"excerpt":{"rendered":"<p>\u201c\u2026\u2026\u2026\u2026..Hac\u00eda falta m\u00e1s de una mano para levantar tanto peso. 95 kilos, concretamente. De speed para ser m\u00e1s exactos. Ocurri\u00f3 en 2006, fue una de las mayores\u00a0<a href=\"https:\/\/www.elconfidencial.com\/sociedad\/2006-04-06\/detenidos-dos-ertzainas-y-otras-cuatro-personas-por-trafico-de-speed_532059\/\">incautaciones de esa droga<\/a>\u00a0en Espa\u00f1a y entre los detenidos hubo dos agentes de la Ertzaintza. Por este caso y por otros similares, el periodista y crimin\u00f3logo Ahoztar Zelaieta ha decidido titular su \u00faltimo libro con un t\u00e9rmino que no deja lugar a dudas: \u201cEl narco-oasis vasco\u201d.<\/p>\n","protected":false},"author":72,"featured_media":6736,"comment_status":"closed","ping_status":"open","sticky":false,"template":"","format":"standard","meta":{"footnotes":"","_links_to":"","_links_to_target":""},"categories":[20],"tags":[],"class_list":["post-6735","post","type-post","status-publish","format-standard","has-post-thumbnail","hentry","category-opinion-debate"],"publishpress_future_action":{"enabled":false,"date":"2026-05-08 13:39:55","action":"change-status","newStatus":"draft","terms":[],"taxonomy":"category","extraData":[]},"publishpress_future_workflow_manual_trigger":{"enabledWorkflows":[]},"_links":{"self":[{"href":"https:\/\/www.cgt-lkn.org\/bizkaia-gestamp\/wp-json\/wp\/v2\/posts\/6735","targetHints":{"allow":["GET"]}}],"collection":[{"href":"https:\/\/www.cgt-lkn.org\/bizkaia-gestamp\/wp-json\/wp\/v2\/posts"}],"about":[{"href":"https:\/\/www.cgt-lkn.org\/bizkaia-gestamp\/wp-json\/wp\/v2\/types\/post"}],"author":[{"embeddable":true,"href":"https:\/\/www.cgt-lkn.org\/bizkaia-gestamp\/wp-json\/wp\/v2\/users\/72"}],"replies":[{"embeddable":true,"href":"https:\/\/www.cgt-lkn.org\/bizkaia-gestamp\/wp-json\/wp\/v2\/comments?post=6735"}],"version-history":[{"count":1,"href":"https:\/\/www.cgt-lkn.org\/bizkaia-gestamp\/wp-json\/wp\/v2\/posts\/6735\/revisions"}],"predecessor-version":[{"id":6737,"href":"https:\/\/www.cgt-lkn.org\/bizkaia-gestamp\/wp-json\/wp\/v2\/posts\/6735\/revisions\/6737"}],"wp:featuredmedia":[{"embeddable":true,"href":"https:\/\/www.cgt-lkn.org\/bizkaia-gestamp\/wp-json\/wp\/v2\/media\/6736"}],"wp:attachment":[{"href":"https:\/\/www.cgt-lkn.org\/bizkaia-gestamp\/wp-json\/wp\/v2\/media?parent=6735"}],"wp:term":[{"taxonomy":"category","embeddable":true,"href":"https:\/\/www.cgt-lkn.org\/bizkaia-gestamp\/wp-json\/wp\/v2\/categories?post=6735"},{"taxonomy":"post_tag","embeddable":true,"href":"https:\/\/www.cgt-lkn.org\/bizkaia-gestamp\/wp-json\/wp\/v2\/tags?post=6735"}],"curies":[{"name":"wp","href":"https:\/\/api.w.org\/{rel}","templated":true}]}}