{"id":6717,"date":"2020-01-31T10:16:34","date_gmt":"2020-01-31T09:16:34","guid":{"rendered":"http:\/\/www.cgt-lkn.org\/bizkaia\/gestamp\/?p=6717"},"modified":"2020-01-31T20:28:37","modified_gmt":"2020-01-31T19:28:37","slug":"video-coeficientes-reductores-para-la-jubilacion-real-decreto-1698-2011","status":"publish","type":"post","link":"https:\/\/www.cgt-lkn.org\/bizkaia-gestamp\/2020\/01\/31\/video-coeficientes-reductores-para-la-jubilacion-real-decreto-1698-2011\/","title":{"rendered":"V\u00cdDEO, Coeficientes Reductores para la jubilaci\u00f3n: Real Decreto 1698\/2011"},"content":{"rendered":"<p><iframe loading=\"lazy\" title=\"RNtv Real Decreto 1698\/2011\" width=\"700\" height=\"394\" src=\"https:\/\/www.youtube.com\/embed\/1taeb-1_xOo?feature=oembed\" frameborder=\"0\" allow=\"accelerometer; autoplay; clipboard-write; encrypted-media; gyroscope; picture-in-picture\" allowfullscreen><\/iframe><\/p>\n<p>&nbsp;<\/p>\n<p><span class=\"style-scope yt-formatted-string\" dir=\"auto\">En la \u00faltima legislatura del gobierno de Jos\u00e9 Luis Rodr\u00edguez Zapatero, se aprueba el Real Decreto 1698\/2011, estableciendo los criterios para la aplicaci\u00f3n de los coeficientes reductores en la edad de jubilaci\u00f3n. En este Real Decreto se determina el procedimiento general que debe observarse para rebajar la edad de jubilaci\u00f3n, teniendo en cuenta la siniestralidad en el sector, morbilidad, mortalidad, penosidad, turnicidad, el trabajo nocturno y el sometimiento a ritmos de producci\u00f3n, la peligrosidad y toxicidad de las condiciones del trabajo, su incidencia en los procesos de incapacidad laboral que genera en los trabajadores y los requerimientos f\u00edsicos exigidos para el desarrollo de la actividad. <\/span><\/p>\n<p><span class=\"style-scope yt-formatted-string\" dir=\"auto\">Este Real Decreto se aplicar\u00e1 a las personas por cuenta ajena y por cuenta propia incluidas en cualquiera de los reg\u00edmenes que integran el sistema de la Seguridad Social. Establece los requisitos que deben cumplir los trabajadores y trabajadoras para que se les apliquen los coeficientes reductores. El inicio del procedimiento, su tramitaci\u00f3n y qui\u00e9nes pueden solicitar su aplicaci\u00f3n. Y qu\u00e9 Administraciones y Organismos son los encargados de hacer los estudios y desarrollar la tramitaci\u00f3n de las solicitudes. <\/span><\/p>\n<p><span class=\"style-scope yt-formatted-string\" dir=\"auto\">Tras nueve a\u00f1os de abandono de las instituciones y de la mayor\u00eda de los partidos pol\u00edticos, el Decreto no se ha desarrollado, impidiendo de hecho la aplicaci\u00f3n de coeficientes reductores a la edad de jubilaci\u00f3n en trabajos con riesgos a los que tampoco quieren poner remedio. Este Real Decreto se aprueba pocos d\u00edas antes del final de la \u00faltima legislatura de Rodr\u00edguez Zapatero, a la que sigue un gobierno del Partido Popular, con Mariano Rajoy como Presidente del Gobierno, quien deja la aplicaci\u00f3n del Real Decreto en v\u00eda muerta.<\/span><\/p>\n<p><span class=\"style-scope yt-formatted-string\" dir=\"auto\"> Desde 2011 se presentan en la Direcci\u00f3n General de Ordenaci\u00f3n de la Seguridad Social (DGOSS), que es el organismo que debe realizar los estudios previos, cerca de una treintena de solicitudes de diferentes sectores. Desde la fecha de entrega de la solicitud, \u00e9stas se encuentran en un estado de \u201ceterno estudio\u201d. <\/span><\/p>\n<p><span class=\"style-scope yt-formatted-string\" dir=\"auto\">El gobierno hace dejaci\u00f3n de su responsabilidad y obligaci\u00f3n de hacer cumplir la ley al no dotar a la Direcci\u00f3n General de Ordenaci\u00f3n de la Seguridad Social de recursos suficientes, tanto humanos como econ\u00f3micos, motivo por el cual las resoluciones de estas solicitudes se demoran en el tiempo hasta el d\u00eda de hoy. <\/span><\/p>\n<p><span class=\"style-scope yt-formatted-string\" dir=\"auto\">Hay que resaltar que el Real Decreto est\u00e1 en v\u00eda muerta para la mayor\u00eda de los sectores solicitantes, pero tambi\u00e9n hay que destacar que \u201ccasualmente\u201d a principios del a\u00f1o 2019 se promulgo el Real Decreto que otorgaba el coeficiente reductor del 0,2 % al colectivo de polic\u00edas locales. Evidentemente la \u00fanica conclusi\u00f3n que podemos sacar de esto es que el Gobierno s\u00f3lo atiende las peticiones que le interesan, dejando en el olvido a la inmensa mayor\u00eda de trabajadores y trabajadoras, quienes dejan su salud y su vida para el crecimiento econ\u00f3mico y social del Estado espa\u00f1ol. En definitiva, entendemos que el Gobierno debe de llevar a cabo tres importantes movimientos:<\/span><\/p>\n<p><span class=\"style-scope yt-formatted-string\" dir=\"auto\"> Primero: Dotar a la DGOSS de recursos econ\u00f3micos y humanos suficientes para que se realicen los estudios necesarios para la aplicaci\u00f3n de los coeficientes reductores seg\u00fan los sectores solicitados y se d\u00e9 traslado al Congreso de los resultados para que se aprueben los Reales Decretos, aplicando los coeficientes que resulten de los estudios. <\/span><\/p>\n<p><span class=\"style-scope yt-formatted-string\" dir=\"auto\">Segundo: Incluir en los pr\u00f3ximos Presupuestos Generales del Estado la partida econ\u00f3mica necesaria para afrontar las jubilaciones que se produzcan. As\u00ed mismo, debe realizar los estudios econ\u00f3micos necesarios para financiar las futuras pensiones que resulten de estas jubilaciones. <\/span><\/p>\n<p><span class=\"style-scope yt-formatted-string\" dir=\"auto\">Enlace a p\u00e1ginas oficiales del programa RNtv: Web: <\/span><a class=\"yt-simple-endpoint style-scope yt-formatted-string\" href=\"https:\/\/www.youtube.com\/redirect?q=http%3A%2F%2Frojoynegrotv.org%2F&amp;v=1taeb-1_xOo&amp;redir_token=kk3_LfJYMegON6F-tOwBEjOGLH98MTU4MDU0Njk5NkAxNTgwNDYwNTk2&amp;event=video_description\" target=\"_blank\" rel=\"nofollow noopener noreferrer\">http:\/\/rojoynegrotv.org\/<\/a><span class=\"style-scope yt-formatted-string\" dir=\"auto\"> Canal YouTube: <\/span><a class=\"yt-simple-endpoint style-scope yt-formatted-string\" href=\"https:\/\/www.youtube.com\/channel\/UCAdtgt5slNceh_0z2dQqpLw\" rel=\"nofollow\">https:\/\/www.youtube.com\/channel\/UCAdt&#8230;<\/a><span class=\"style-scope yt-formatted-string\" dir=\"auto\"> Twitter: <\/span><a class=\"yt-simple-endpoint style-scope yt-formatted-string\" href=\"https:\/\/www.youtube.com\/redirect?q=https%3A%2F%2Ftwitter.com%2Frojoynegrotv&amp;v=1taeb-1_xOo&amp;redir_token=kk3_LfJYMegON6F-tOwBEjOGLH98MTU4MDU0Njk5NkAxNTgwNDYwNTk2&amp;event=video_description\" target=\"_blank\" rel=\"nofollow noopener noreferrer\">https:\/\/twitter.com\/rojoynegrotv<\/a><span class=\"style-scope yt-formatted-string\" dir=\"auto\"> Facebook: <\/span><a class=\"yt-simple-endpoint style-scope yt-formatted-string\" href=\"https:\/\/www.youtube.com\/redirect?q=https%3A%2F%2Fwww.facebook.com%2FRojo-y-Negro-TV&amp;v=1taeb-1_xOo&amp;redir_token=kk3_LfJYMegON6F-tOwBEjOGLH98MTU4MDU0Njk5NkAxNTgwNDYwNTk2&amp;event=video_description\" target=\"_blank\" rel=\"nofollow noopener noreferrer\">https:\/\/www.facebook.com\/Rojo-y-Negro-TV<\/a><\/p>\n","protected":false},"excerpt":{"rendered":"<p><span class=\"style-scope yt-formatted-string\" dir=\"auto\">El gobierno hace dejaci\u00f3n de su responsabilidad y obligaci\u00f3n de hacer cumplir la ley al no dotar a la Direcci\u00f3n General de Ordenaci\u00f3n de la Seguridad Social de recursos suficientes, tanto humanos como econ\u00f3micos, motivo por el cual las resoluciones de estas solicitudes se demoran en el tiempo hasta el d\u00eda de hoy.<\/span><\/p>\n","protected":false},"author":72,"featured_media":0,"comment_status":"closed","ping_status":"open","sticky":false,"template":"","format":"standard","meta":{"footnotes":"","_links_to":"","_links_to_target":""},"categories":[5,7,69],"tags":[],"class_list":["post-6717","post","type-post","status-publish","format-standard","hentry","category-automocion","category-comunicados","category-legislacion"],"publishpress_future_action":{"enabled":false,"date":"2026-05-07 14:59:49","action":"change-status","newStatus":"draft","terms":[],"taxonomy":"category","extraData":[]},"publishpress_future_workflow_manual_trigger":{"enabledWorkflows":[]},"_links":{"self":[{"href":"https:\/\/www.cgt-lkn.org\/bizkaia-gestamp\/wp-json\/wp\/v2\/posts\/6717","targetHints":{"allow":["GET"]}}],"collection":[{"href":"https:\/\/www.cgt-lkn.org\/bizkaia-gestamp\/wp-json\/wp\/v2\/posts"}],"about":[{"href":"https:\/\/www.cgt-lkn.org\/bizkaia-gestamp\/wp-json\/wp\/v2\/types\/post"}],"author":[{"embeddable":true,"href":"https:\/\/www.cgt-lkn.org\/bizkaia-gestamp\/wp-json\/wp\/v2\/users\/72"}],"replies":[{"embeddable":true,"href":"https:\/\/www.cgt-lkn.org\/bizkaia-gestamp\/wp-json\/wp\/v2\/comments?post=6717"}],"version-history":[{"count":6,"href":"https:\/\/www.cgt-lkn.org\/bizkaia-gestamp\/wp-json\/wp\/v2\/posts\/6717\/revisions"}],"predecessor-version":[{"id":6723,"href":"https:\/\/www.cgt-lkn.org\/bizkaia-gestamp\/wp-json\/wp\/v2\/posts\/6717\/revisions\/6723"}],"wp:attachment":[{"href":"https:\/\/www.cgt-lkn.org\/bizkaia-gestamp\/wp-json\/wp\/v2\/media?parent=6717"}],"wp:term":[{"taxonomy":"category","embeddable":true,"href":"https:\/\/www.cgt-lkn.org\/bizkaia-gestamp\/wp-json\/wp\/v2\/categories?post=6717"},{"taxonomy":"post_tag","embeddable":true,"href":"https:\/\/www.cgt-lkn.org\/bizkaia-gestamp\/wp-json\/wp\/v2\/tags?post=6717"}],"curies":[{"name":"wp","href":"https:\/\/api.w.org\/{rel}","templated":true}]}}