{"id":6631,"date":"2019-11-23T10:43:07","date_gmt":"2019-11-23T09:43:07","guid":{"rendered":"http:\/\/www.cgt-lkn.org\/bizkaia\/gestamp\/?p=6631"},"modified":"2019-11-23T10:43:07","modified_gmt":"2019-11-23T09:43:07","slug":"el-comite-informa-huelga-del-metal-de-bizkaia","status":"publish","type":"post","link":"https:\/\/www.cgt-lkn.org\/bizkaia-gestamp\/2019\/11\/23\/el-comite-informa-huelga-del-metal-de-bizkaia\/","title":{"rendered":"EL COMIT\u00c9 INFORMA :HUELGA DEL METAL DE BIZKAIA"},"content":{"rendered":"<p><a href=\"https:\/\/www.cgt-lkn.org\/wp-content\/uploads\/sites\/20\/2016\/10\/cgt-informa.png\"><img loading=\"lazy\" decoding=\"async\" class=\"size-full wp-image-4774 aligncenter\" src=\"https:\/\/www.cgt-lkn.org\/wp-content\/uploads\/sites\/20\/2016\/10\/cgt-informa.png\" alt=\"\" width=\"659\" height=\"198\" srcset=\"https:\/\/www.cgt-lkn.org\/bizkaia-gestamp\/wp-content\/uploads\/sites\/20\/2016\/10\/cgt-informa.png 659w, https:\/\/www.cgt-lkn.org\/bizkaia-gestamp\/wp-content\/uploads\/sites\/20\/2016\/10\/cgt-informa-300x90.png 300w, https:\/\/www.cgt-lkn.org\/bizkaia-gestamp\/wp-content\/uploads\/sites\/20\/2016\/10\/cgt-informa-150x45.png 150w, https:\/\/www.cgt-lkn.org\/bizkaia-gestamp\/wp-content\/uploads\/sites\/20\/2016\/10\/cgt-informa-400x120.png 400w\" sizes=\"auto, (max-width: 659px) 100vw, 659px\" \/><\/a><\/p>\n<p>Mediante notas de Comit\u00e9 o notas conjuntas de todos los sindicatos os hemos ido informando del devenir de la negociaci\u00f3n del Convenio del Metal de Bizkaia. La \u00faltima nota de la intersindical que tenemos en los tablones hace referencia a lo negociado hasta el 15 de noviembre. Esta misma semana, el martes 19 de noviembre y el jueves 21 de noviembre , la mesa negociadora del metal se ha vuelto a reunir , pero por desgracia no ha habido ning\u00fan avance rese\u00f1able, que incluso haya requerido de una nota.<\/p>\n<ul>\n<li>Como dec\u00edamos , la \u00faltima reuni\u00f3n fue ayer jueves, y se ha convocado otra reuni\u00f3n de la mesa negociadora para el lunes a la tarde . En todo momento hemos intentado que tuvieseis informaci\u00f3n puntual de lo que suced\u00eda en dichas reuniones . Como \u00faltimamente se han intensificado las reuniones, pasando de reunirse 1 vez a la semana , a 2-3 veces por semana, ello dificulta tambi\u00e9n hacer un reporte puntual de lo que sucede en cada reuni\u00f3n.<\/li>\n<li>Dado que la convocatoria de huelga de 8 d\u00edas en noviembre \u2013 diciembre , arranca el 28 y 29 de la semana que viene, estamos seguros de que ser\u00e1 una semana de v\u00e9rtigo en cuanto a reuniones, noticias, &#8230;por lo cual , hemos decidido que durante el lunes- martes \u2013 mi\u00e9rcoles, en horario de ma\u00f1ana y tarde , habr\u00e1 miembros del Comit\u00e9 en el local del Comit\u00e9, para explicaros lo que sepamos de la negociaci\u00f3n, las aclaraciones o preguntas que teng\u00e1is respecto a los d\u00edas de huelga,\u2026.<\/li>\n<\/ul>\n<p>Seg\u00fan se vaya despejando el panorama, ya sea para bien o para mal, no descartamos llamar una asamblea, pero con la poca informaci\u00f3n que a hay a d\u00eda de hoy no la vemos operativa.<\/p>\n<p>El horario de atenci\u00f3n al personal en el local del comit\u00e9 ( lunes-martes-mi\u00e9rcoles) sera: Ma\u00f1ana &#8211; 10,00- 13,00 horas.y\u00a0Tarde &#8211; 15,00 \u2013 17,00 horas.<\/p>\n<p>Esperemos que los pocos d\u00edas que quedan antes de las convocatorias de huelga, sean fruct\u00edferos , y se llegue a alg\u00fan acuerdo.<\/p>\n<p>De no ser as\u00ed, nos quedar\u00e1 otra que secundar las convocatorias de huelga, y seguir peleando por un Convenio para el Metal de Bizkaia. Confiamos en que la respuesta de la plantilla de Gestamp Bizkaia estar\u00e1 a la altura de las circunstancias.<\/p>\n<p>Seguiremos informando<\/p>\n<p>&nbsp;<\/p>\n<p>En Abadi\u00f1o a 22 de de noviembre de 2019<\/p>\n","protected":false},"excerpt":{"rendered":"<p>Habr\u00e1 miembros del Comit\u00e9 en el local del Comit\u00e9, para explicaros lo que sepamos de la negociaci\u00f3n, las aclaraciones o preguntas que teng\u00e1is respecto a los d\u00edas de huelga,\u2026.<\/p>\n<p>El horario de atenci\u00f3n al personal en el local del comit\u00e9 ( lunes-martes-mi\u00e9rcoles) sera: Ma\u00f1ana &#8211; 10,00- 13,00 horas.y Tarde &#8211; 15,00 \u2013 17,00 horas.<\/p>\n","protected":false},"author":72,"featured_media":4774,"comment_status":"closed","ping_status":"open","sticky":false,"template":"","format":"standard","meta":{"footnotes":"","_links_to":"","_links_to_target":""},"categories":[7,13,79],"tags":[],"class_list":["post-6631","post","type-post","status-publish","format-standard","has-post-thumbnail","hentry","category-comunicados","category-gestamp","category-gestamp-bizkaia"],"publishpress_future_action":{"enabled":false,"date":"2026-05-07 14:59:48","action":"change-status","newStatus":"draft","terms":[],"taxonomy":"category","extraData":[]},"publishpress_future_workflow_manual_trigger":{"enabledWorkflows":[]},"_links":{"self":[{"href":"https:\/\/www.cgt-lkn.org\/bizkaia-gestamp\/wp-json\/wp\/v2\/posts\/6631","targetHints":{"allow":["GET"]}}],"collection":[{"href":"https:\/\/www.cgt-lkn.org\/bizkaia-gestamp\/wp-json\/wp\/v2\/posts"}],"about":[{"href":"https:\/\/www.cgt-lkn.org\/bizkaia-gestamp\/wp-json\/wp\/v2\/types\/post"}],"author":[{"embeddable":true,"href":"https:\/\/www.cgt-lkn.org\/bizkaia-gestamp\/wp-json\/wp\/v2\/users\/72"}],"replies":[{"embeddable":true,"href":"https:\/\/www.cgt-lkn.org\/bizkaia-gestamp\/wp-json\/wp\/v2\/comments?post=6631"}],"version-history":[{"count":1,"href":"https:\/\/www.cgt-lkn.org\/bizkaia-gestamp\/wp-json\/wp\/v2\/posts\/6631\/revisions"}],"predecessor-version":[{"id":6632,"href":"https:\/\/www.cgt-lkn.org\/bizkaia-gestamp\/wp-json\/wp\/v2\/posts\/6631\/revisions\/6632"}],"wp:featuredmedia":[{"embeddable":true,"href":"https:\/\/www.cgt-lkn.org\/bizkaia-gestamp\/wp-json\/wp\/v2\/media\/4774"}],"wp:attachment":[{"href":"https:\/\/www.cgt-lkn.org\/bizkaia-gestamp\/wp-json\/wp\/v2\/media?parent=6631"}],"wp:term":[{"taxonomy":"category","embeddable":true,"href":"https:\/\/www.cgt-lkn.org\/bizkaia-gestamp\/wp-json\/wp\/v2\/categories?post=6631"},{"taxonomy":"post_tag","embeddable":true,"href":"https:\/\/www.cgt-lkn.org\/bizkaia-gestamp\/wp-json\/wp\/v2\/tags?post=6631"}],"curies":[{"name":"wp","href":"https:\/\/api.w.org\/{rel}","templated":true}]}}