{"id":6626,"date":"2019-11-20T12:51:08","date_gmt":"2019-11-20T11:51:08","guid":{"rendered":"http:\/\/www.cgt-lkn.org\/bizkaia\/gestamp\/?p=6626"},"modified":"2019-11-20T12:51:08","modified_gmt":"2019-11-20T11:51:08","slug":"declaracion-del-encuentro-de-la-industria-automotriz-de-la-red-sindical-internacional-de-solidaridad-y-de-luchas","status":"publish","type":"post","link":"https:\/\/www.cgt-lkn.org\/bizkaia-gestamp\/2019\/11\/20\/declaracion-del-encuentro-de-la-industria-automotriz-de-la-red-sindical-internacional-de-solidaridad-y-de-luchas\/","title":{"rendered":"Declaraci\u00f3n del encuentro de la industria automotriz de la Red Sindical Internacional de Solidaridad y de Luchas"},"content":{"rendered":"<p><a href=\"https:\/\/www.cgt-lkn.org\/wp-content\/uploads\/sites\/20\/2019\/11\/red-internacional-trabajadores-automocion-web.jpg\"><img loading=\"lazy\" decoding=\"async\" class=\"size-full wp-image-6627 aligncenter\" src=\"https:\/\/www.cgt-lkn.org\/wp-content\/uploads\/sites\/20\/2019\/11\/red-internacional-trabajadores-automocion-web.jpg\" alt=\"\" width=\"600\" height=\"163\" srcset=\"https:\/\/www.cgt-lkn.org\/bizkaia-gestamp\/wp-content\/uploads\/sites\/20\/2019\/11\/red-internacional-trabajadores-automocion-web.jpg 600w, https:\/\/www.cgt-lkn.org\/bizkaia-gestamp\/wp-content\/uploads\/sites\/20\/2019\/11\/red-internacional-trabajadores-automocion-web-300x82.jpg 300w, https:\/\/www.cgt-lkn.org\/bizkaia-gestamp\/wp-content\/uploads\/sites\/20\/2019\/11\/red-internacional-trabajadores-automocion-web-150x41.jpg 150w, https:\/\/www.cgt-lkn.org\/bizkaia-gestamp\/wp-content\/uploads\/sites\/20\/2019\/11\/red-internacional-trabajadores-automocion-web-400x109.jpg 400w\" sizes=\"auto, (max-width: 600px) 100vw, 600px\" \/><\/a><\/p>\n<p>Desde la Red Sindical Internacional de Solidaridad y de Luchas , hemos de analizar la situaci\u00f3n de la Industria 4.0 en cada pa\u00eds, para combatir los graves efectos que est\u00e1 teniendo en el sector, y as\u00ed trabajar y luchar conjuntamente para elaborar un programa de reivindicaciones que nos conduzca a conseguir mejores condiciones laborales; las cuales han de pasar por:<\/p>\n<ul>\n<li class=\"first-child\">la disminuci\u00f3n de los ritmos de trabajo<\/li>\n<li>la reducci\u00f3n de la jornada laboral sin diminuci\u00f3n de salario<\/li>\n<li>aumento de salarios<\/li>\n<li>mejorar las condiciones de salud y seguridad en el trabajo<\/li>\n<li>reducir la edad de jubilaci\u00f3n<\/li>\n<li>rechazar la subordinaci\u00f3n de la competitividad de las empresas y sus l\u00f3gicas de beneficios<\/li>\n<li class=\"last-child\">la eliminaci\u00f3n de la contrataci\u00f3n precaria<\/li>\n<\/ul>\n<p>&nbsp;<\/p>\n<p>En definitiva, que la industria 4.0 no sea utilizada por las empresas para aumentar sus beneficios a costa de nuestra salud.<\/p>\n<p>Desde la Red tenemos que trabajar tambi\u00e9n en proponer alternativas energ\u00e9ticas no contaminantes, las cuales mejoren las condiciones laborales. De nada sirve reducir las horas y los ritmos de trabajo, si d\u00eda a d\u00eda seguimos viendo como las grandes multinacionales (y no solo ellas) emiten emisiones que est\u00e1n destruyendo el planeta, mientras los diferentes gobiernos no hacen nada para remediarlo.<\/p>\n<p>Desde las centrales sindicales reunidas en Paris, hacemos un llamamiento a todo el sector industrial a participar en el 4to encuentro de la Red Sindical Internacional de Solidaridad y de Luchas ya que es de vital importancia tener una respuesta global y organizada a los ataques que desde el capitalismo est\u00e1 sufriendo la clase trabajadora, para conseguir una transformaci\u00f3n social .<\/p>\n","protected":false},"excerpt":{"rendered":"<p>Desde la Red Sindical Internacional de Solidaridad y de Luchas , hemos de analizar la situaci\u00f3n de la Industria 4.0 en cada pa\u00eds, para combatir los graves efectos que est\u00e1 teniendo en el sector, y as\u00ed trabajar y luchar conjuntamente para elaborar un programa de reivindicaciones que nos conduzca a conseguir mejores condiciones laborales; las cuales han de pasar por<\/p>\n","protected":false},"author":72,"featured_media":6627,"comment_status":"closed","ping_status":"open","sticky":false,"template":"","format":"standard","meta":{"footnotes":"","_links_to":"","_links_to_target":""},"categories":[5,7,8,18,27],"tags":[],"class_list":["post-6626","post","type-post","status-publish","format-standard","has-post-thumbnail","hentry","category-automocion","category-comunicados","category-coordinadora-de-automocion","category-mundo","category-sindical"],"publishpress_future_action":{"enabled":false,"date":"2026-05-07 15:00:42","action":"change-status","newStatus":"draft","terms":[],"taxonomy":"category","extraData":[]},"publishpress_future_workflow_manual_trigger":{"enabledWorkflows":[]},"_links":{"self":[{"href":"https:\/\/www.cgt-lkn.org\/bizkaia-gestamp\/wp-json\/wp\/v2\/posts\/6626","targetHints":{"allow":["GET"]}}],"collection":[{"href":"https:\/\/www.cgt-lkn.org\/bizkaia-gestamp\/wp-json\/wp\/v2\/posts"}],"about":[{"href":"https:\/\/www.cgt-lkn.org\/bizkaia-gestamp\/wp-json\/wp\/v2\/types\/post"}],"author":[{"embeddable":true,"href":"https:\/\/www.cgt-lkn.org\/bizkaia-gestamp\/wp-json\/wp\/v2\/users\/72"}],"replies":[{"embeddable":true,"href":"https:\/\/www.cgt-lkn.org\/bizkaia-gestamp\/wp-json\/wp\/v2\/comments?post=6626"}],"version-history":[{"count":1,"href":"https:\/\/www.cgt-lkn.org\/bizkaia-gestamp\/wp-json\/wp\/v2\/posts\/6626\/revisions"}],"predecessor-version":[{"id":6628,"href":"https:\/\/www.cgt-lkn.org\/bizkaia-gestamp\/wp-json\/wp\/v2\/posts\/6626\/revisions\/6628"}],"wp:featuredmedia":[{"embeddable":true,"href":"https:\/\/www.cgt-lkn.org\/bizkaia-gestamp\/wp-json\/wp\/v2\/media\/6627"}],"wp:attachment":[{"href":"https:\/\/www.cgt-lkn.org\/bizkaia-gestamp\/wp-json\/wp\/v2\/media?parent=6626"}],"wp:term":[{"taxonomy":"category","embeddable":true,"href":"https:\/\/www.cgt-lkn.org\/bizkaia-gestamp\/wp-json\/wp\/v2\/categories?post=6626"},{"taxonomy":"post_tag","embeddable":true,"href":"https:\/\/www.cgt-lkn.org\/bizkaia-gestamp\/wp-json\/wp\/v2\/tags?post=6626"}],"curies":[{"name":"wp","href":"https:\/\/api.w.org\/{rel}","templated":true}]}}