{"id":662,"date":"2012-01-08T13:06:31","date_gmt":"2012-01-08T13:06:31","guid":{"rendered":"http:\/\/www.cgt-lkn.org\/bizkaia\/estampa\/?p=662"},"modified":"2013-11-14T14:04:43","modified_gmt":"2013-11-14T14:04:43","slug":"comunicado-cgt-lkt","status":"publish","type":"post","link":"https:\/\/www.cgt-lkn.org\/bizkaia-gestamp\/2012\/01\/08\/comunicado-cgt-lkt\/","title":{"rendered":"Comunicado CGT-LKT"},"content":{"rendered":"<p>Mediante este comunicado queremos explicar por qu\u00e9 CGT-LKN no va a acudir a la <strong>reuni\u00f3n por separado<\/strong> a la que nos ha\u00a0emplazado la empresa tras el plante del otro d\u00eda.<\/p>\n<p>Desconocemos la raz\u00f3n de la convocatoria, pero sea lo que sea que quieran tratar, se debe hacer en el seno del comit\u00e9 en su totalidad, porque somos el reflejo de lo que la plantilla ha elegido en las recientes elecciones.<\/p>\n<p>Rechazamos toda negociaci\u00f3n en solitario, porque las negociaciones colectivas son,eso, colectivas, donde est\u00e1n todos los sindicatos, que representan a tod@s l@s trabajadores\/as.<\/p>\n<p>Si ahora permitimos que se \u201cnegocie\u201d por separado con cada sindicato, lo pr\u00f3ximo podr\u00eda ser que cada uno\/a suba a negociar sus condiciones laborales en solitario.<\/p>\n<p>Es curioso que desde CGT-LKN y desde el comit\u00e9 llevamos reclamando m\u00e1s reuniones con la empresa sobre temas tan pol\u00e9micos como, categor\u00edas, porcentaje de eventuales, seguridad etc\u2026 y la empresa no ha hecho m\u00e1s que dar largas y atrasarlas y de la noche a la ma\u00f1ana pasan de no poder hacer una reuni\u00f3n a hacer cuatro en dos d\u00edas.<\/p>\n<p>Est\u00e1 demostrado que el que algo quiere, siempre encuentra un medio y el que nada quiere, buena excusa es el remedio.<\/p>\n<p>Por todo esto desde CGT-LKN queremos dejar claro, que ni ahora ni nunca, va a negociar nada con la empresa a espaldas del comit\u00e9, porque ser\u00eda hacerlo a espaldas de los compa\u00f1eros\/as.<\/p>\n<p>Emplazamos al resto del comit\u00e9, a que <strong>reflexionen<\/strong> sobre las <strong>formas<\/strong> y el modo <strong>antidemocr\u00e1tico<\/strong> que tiene la empresa, para dividir las fuerzas sindicales, por el cual se crear\u00eda\u00a0un clima de desuni\u00f3n en el que nos perjudicar\u00eda seriamente en futuras acciones colectivas, que sin duda habr\u00e1 que tomar en fechas no muy lejanas y rechacen la invitaci\u00f3n de la empresa<\/p>\n<p>&nbsp;<\/p>\n<p>Un saludo<\/p>\n<p>\u00a0\u00a0\u00a0\u00a0\u00a0\u00a0\u00a0\u00a0\u00a0\u00a0\u00a0\u00a0\u00a0\u00a0\u00a0\u00a0\u00a0\u00a0\u00a0\u00a0\u00a0\u00a0\u00a0\u00a0\u00a0\u00a0\u00a0\u00a0\u00a0\u00a0\u00a0\u00a0\u00a0\u00a0\u00a0\u00a0\u00a0\u00a0\u00a0\u00a0\u00a0\u00a0\u00a0\u00a0\u00a0\u00a0\u00a0\u00a0\u00a0\u00a0\u00a0\u00a0\u00a0\u00a0\u00a0\u00a0\u00a0\u00a0\u00a0\u00a0\u00a0\u00a0\u00a0\u00a0\u00a0\u00a0\u00a0\u00a0\u00a0\u00a0\u00a0\u00a0\u00a0\u00a0\u00a0\u00a0\u00a0\u00a0\u00a0\u00a0\u00a0 Abadi\u00f1on 2011ko Azaroaren 28an<\/p>\n","protected":false},"excerpt":{"rendered":"<p>Reuni\u00f3n en soitario con la empresa.<\/p>\n","protected":false},"author":72,"featured_media":0,"comment_status":"closed","ping_status":"open","sticky":false,"template":"","format":"standard","meta":{"footnotes":"","_links_to":"","_links_to_target":""},"categories":[7],"tags":[],"class_list":["post-662","post","type-post","status-publish","format-standard","hentry","category-comunicados"],"publishpress_future_action":{"enabled":false,"date":"2026-05-07 09:26:21","action":"change-status","newStatus":"draft","terms":[],"taxonomy":"category","extraData":[]},"publishpress_future_workflow_manual_trigger":{"enabledWorkflows":[]},"_links":{"self":[{"href":"https:\/\/www.cgt-lkn.org\/bizkaia-gestamp\/wp-json\/wp\/v2\/posts\/662","targetHints":{"allow":["GET"]}}],"collection":[{"href":"https:\/\/www.cgt-lkn.org\/bizkaia-gestamp\/wp-json\/wp\/v2\/posts"}],"about":[{"href":"https:\/\/www.cgt-lkn.org\/bizkaia-gestamp\/wp-json\/wp\/v2\/types\/post"}],"author":[{"embeddable":true,"href":"https:\/\/www.cgt-lkn.org\/bizkaia-gestamp\/wp-json\/wp\/v2\/users\/72"}],"replies":[{"embeddable":true,"href":"https:\/\/www.cgt-lkn.org\/bizkaia-gestamp\/wp-json\/wp\/v2\/comments?post=662"}],"version-history":[{"count":1,"href":"https:\/\/www.cgt-lkn.org\/bizkaia-gestamp\/wp-json\/wp\/v2\/posts\/662\/revisions"}],"predecessor-version":[{"id":2378,"href":"https:\/\/www.cgt-lkn.org\/bizkaia-gestamp\/wp-json\/wp\/v2\/posts\/662\/revisions\/2378"}],"wp:attachment":[{"href":"https:\/\/www.cgt-lkn.org\/bizkaia-gestamp\/wp-json\/wp\/v2\/media?parent=662"}],"wp:term":[{"taxonomy":"category","embeddable":true,"href":"https:\/\/www.cgt-lkn.org\/bizkaia-gestamp\/wp-json\/wp\/v2\/categories?post=662"},{"taxonomy":"post_tag","embeddable":true,"href":"https:\/\/www.cgt-lkn.org\/bizkaia-gestamp\/wp-json\/wp\/v2\/tags?post=662"}],"curies":[{"name":"wp","href":"https:\/\/api.w.org\/{rel}","templated":true}]}}