{"id":6583,"date":"2019-10-12T09:30:38","date_gmt":"2019-10-12T07:30:38","guid":{"rendered":"http:\/\/www.cgt-lkn.org\/bizkaia\/gestamp\/?p=6583"},"modified":"2020-11-25T16:55:25","modified_gmt":"2020-11-25T15:55:25","slug":"por-un-convenio-digno-para-el-metal-de-bizkaia","status":"publish","type":"post","link":"https:\/\/www.cgt-lkn.org\/bizkaia-gestamp\/2019\/10\/12\/por-un-convenio-digno-para-el-metal-de-bizkaia\/","title":{"rendered":"\u00a1POR UN CONVENIO DIGNO PARA EL METAL DE BIZKAIA!"},"content":{"rendered":"<p>Antes de nada queremos felicitar a todos los trabajadores y trabajadoras del Metal de Bizkaia que han secundado la \u00faltima convocatoria de huelga de una semana, as\u00ed como las convocatorias anteriores de mayo y junio. Somos absoluta- mente conscientes de que la huelga es el \u00faltimo instrumento que tenemos los trabajadores y trabajadoras para defender nuestros derechos y forzar a que la patronal se siente a nego- ciar. Por desgracia, despu\u00e9s de largos a\u00f1os sin convenio, casi 20 meses de negociaciones in\u00fatiles, a veces no queda otra. Por mucho que la patronal y sus medios afines (televisi\u00f3n, radios, prensa\u2026) hayan tratado de minimizar el impacto de la huelga, todos y todas hemos comprobado que hay menti- ras dif\u00edciles de sostener. En un mundo donde la informaci\u00f3n ya no solo corre por los medios habituales, ha hecho que la cortina de humo de la patronal haya sido neutralizada, ya sea por las redes sociales, o porque nosotros y nosotras mis- mas hemos podido comprobar el alcance de la huelga en nuestros centros de trabajo, dejando en evidencia el burdo montaje medi\u00e1tico de la patronal y sus serviles medios de comunicaci\u00f3n.<\/p>\n<p>Tanto es as\u00ed, que con el paso del tiempo han tenido que ir re- conociendo que somos miles de trabajadores y trabajadoras los que hemos secundado la huelga, y participado en mani- festaciones y piquetes informativos. Durante d\u00edas han inten- tando silenciar el \u00e9xito de la huelga poniendo el acento en los \u201cincidentes\u201dque ha habido en manifestaciones y pique- tes, en vez de reconocer el seguimiento masivo de la huelga, y casi total en comarcas como el Duranguesado, donde se asientan muchas de las empresas que conforman el sector del Metal de Bizkaia. Hablan de la coacci\u00f3n de los piquetes y silencian la coacci\u00f3n directa y manifiesta que muchos empre- sarios han ejercido sobre sus plantillas para que no ejerzan su derecho leg\u00edtimo de huelga, ensa\u00f1\u00e1ndose con trabajadores y trabajadoras eventuales, de ETT o subcontratadxs. Que les cuenten a ellos y ellas, quien es el que ejerce la presi\u00f3n en las huelgas.<\/p>\n<p>Lo mismo ha pasado con el se\u00f1or Urkullu y los partidos que sostienen su gobierno neoliberal (PNV y PSE). El se\u00f1or Urku- llu, adem\u00e1s de mandar diariamente a la Ertzaina a apalear, identificar y multar a los y las huelguistas, en un calent\u00f3n y al calor de una charla entre empresarios y empresarias, carg\u00f3 toda la responsabilidad de la falta de convenio en los sindi- catos y los trabajadores y trabajadoras. \u00a1Hace falta tener mu- cha jeta y cero sensibilidad para hacer esas declaraciones!<\/p>\n<p>Parece ser que las 55.000 familias que viven directamente del sector, y muchos miles m\u00e1s indirectamente poco o nada importan a nuestro Lehendakari. Al final y en vista del clamor popular (la consigna m\u00e1s coreada en las manifestaciones ha sido \u201cUrkullu cabr\u00f3n trabaja de pe\u00f3n\u201d) el propio Urkullu, as\u00ed como el PNV y el PSE han corregido sus declaraciones, y en un giro de 180 grados, ahora, piden a la patronal que d\u00e9 pasos para llegar a un acuerdo.<\/p>\n<p>Porque lo hemos dicho muchas veces. Lo que est\u00e1 en juego es mucho m\u00e1s que el convenio del metal. Lo que est\u00e1 en juego es un modelo de sociedad, un modelo de relaciones laborales\u2026y en el fondo, el reparto de la riqueza. La rique- za generada no puede quedar exclusivamente en manos de cuatro empresarios insaciables. Tambi\u00e9n es responsabilidad de nuestros gobernantes frenar la precarizaci\u00f3n y desregula- ci\u00f3n de un sector tan importante como el metal de Bizkaia. Hace a\u00f1os, camuflados en una supuesta reindustrializaci\u00f3n destrozaron todo el sector industrial de la margen izquierda para sustituirlo por una \u201cindustria\u201dde servicios que solo ha tra\u00eddo m\u00e1s precariedad, contratos parciales, sueldos misera- bles\u2026en definitiva m\u00e1s trabajadores y trabajadoras pobres.<\/p>\n<p><strong>Por<\/strong>\u00a0<strong>ello,<\/strong>\u00a0<strong>y<\/strong>\u00a0<strong>desde<\/strong>\u00a0<strong>la<\/strong>\u00a0<strong>fortaleza<\/strong>\u00a0<strong>que<\/strong>\u00a0<strong>dan<\/strong>\u00a0<strong>el<\/strong>\u00a0<strong>\u00e9xito<\/strong>\u00a0<strong>de<\/strong>\u00a0<strong>las<\/strong>\u00a0<strong>10<\/strong><strong>\u00a0jornadas de huelga que llevamos a nuestras espaldas, volvemos a reclamar al FVEM que deje su arrogancia y prepotencia a un lado, y que se siente a negociar con los sindicatos un convenio con unas condiciones dignas para los trabajadores y trabajadoras del sector del metal de Bizkaia. De igual manera emplazamos al Gobierno vasco y la Diputaci\u00f3n Foral De Bizkaia a que tomen cartas en el asunto y se preocupen de las condiciones de vida de las gentes a las que dicen representar, y sino que dimitan. Emplazados est\u00e1n.<\/strong><\/p>\n<p><strong>Ahora<\/strong>\u00a0<strong>es<\/strong>\u00a0<strong>a<\/strong>\u00a0<strong>la<\/strong>\u00a0<strong>patronal<\/strong>\u00a0<strong>a<\/strong>\u00a0<strong>quien<\/strong>\u00a0<strong>le<\/strong>\u00a0<strong>toca<\/strong>\u00a0<strong>mover<\/strong>\u00a0<strong>ficha.<\/strong>\u00a0<strong>Ya<\/strong>\u00a0<strong>es<\/strong>\u00a0<strong>hora<\/strong>\u00a0<strong>de<\/strong>\u00a0<strong>que<\/strong>\u00a0<strong>se<\/strong>\u00a0<strong>den<\/strong>\u00a0<strong>cuenta<\/strong>\u00a0<strong>de<\/strong>\u00a0<strong>que<\/strong>\u00a0<strong>cada<\/strong>\u00a0<strong>vez<\/strong>\u00a0<strong>est\u00e1n<\/strong>\u00a0<strong>m\u00e1s<\/strong>\u00a0<strong>solos<\/strong>\u00a0<strong>en<\/strong>\u00a0<strong>ese<\/strong>\u00a0<strong>viaje<\/strong><strong>\u00a0a<\/strong>\u00a0<strong>ninguna<\/strong>\u00a0<strong>parte.<\/strong>\u00a0<strong>Que<\/strong>\u00a0<strong>sepan<\/strong>\u00a0<strong>que<\/strong>\u00a0<strong>los<\/strong>\u00a0<strong>tra-<\/strong>\u00a0<strong>bajadores<\/strong>\u00a0<strong>y<\/strong>\u00a0<strong>trabajadoras<\/strong>\u00a0<strong>del<\/strong>\u00a0<strong>Metal<\/strong>\u00a0<strong>no<\/strong>\u00a0<strong>pararemos<\/strong>\u00a0<strong>hasta<\/strong><strong>\u00a0conseguir nuestras reivindicaciones.<\/strong><\/p>\n<p><strong>Defenderemos<\/strong>\u00a0<strong>nuestra<\/strong>\u00a0<strong>industria,<\/strong>\u00a0<strong>nuestros<\/strong>\u00a0<strong>puestos<\/strong>\u00a0<strong>de<\/strong><strong>\u00a0trabajo y nuestras condiciones laborales. Lo que est\u00e1 en juego es nuestro futuro y el de generaciones venideras, y por supuesto, no lo vamos a regalar.<\/strong><\/p>\n<p>&nbsp;<\/p>\n<p style=\"text-align: center\"><strong>POR<\/strong>\u00a0<strong>UNA<\/strong>\u00a0<strong>NEGOCIACI\u00d3N<\/strong>\u00a0<strong>REAL<\/strong>\u00a0<strong>PARA<\/strong>\u00a0<strong>EL<\/strong>\u00a0<strong>CONVENIO<\/strong>\u00a0<strong>DEL<\/strong>\u00a0<strong>METAL<\/strong>\u00a0<strong>DE<\/strong>\u00a0<strong>BIZKAIA<\/strong><\/p>\n<p style=\"text-align: center\">CONTRA LA PRECARIEDAD, CONTRA LA POBREZA<\/p>\n<p style=\"text-align: center\">ELA \u2022 CCOO \u2022 LAB \u2022 UGT \u2022 ESK \u2022 CGT \u2022 USO \u2022 CNT<\/p>\n","protected":false},"excerpt":{"rendered":"<p><strong>Ahora<\/strong>\u00a0<strong>es<\/strong>\u00a0<strong>a<\/strong>\u00a0<strong>la<\/strong>\u00a0<strong>patronal<\/strong>\u00a0<strong>a<\/strong>\u00a0<strong>quien<\/strong>\u00a0<strong>le<\/strong>\u00a0<strong>toca<\/strong>\u00a0<strong>mover<\/strong>\u00a0<strong>ficha.<\/strong>\u00a0<strong>Ya<\/strong>\u00a0<strong>es<\/strong>\u00a0<strong>hora<\/strong>\u00a0<strong>de<\/strong>\u00a0<strong>que<\/strong>\u00a0<strong>se<\/strong>\u00a0<strong>den<\/strong>\u00a0<strong>cuenta<\/strong>\u00a0<strong>de<\/strong>\u00a0<strong>que<\/strong>\u00a0<strong>cada<\/strong>\u00a0<strong>vez<\/strong>\u00a0<strong>est\u00e1n<\/strong>\u00a0<strong>m\u00e1s<\/strong>\u00a0<strong>solos<\/strong>\u00a0<strong>en<\/strong>\u00a0<strong>ese<\/strong>\u00a0<strong>viaje<\/strong><strong>\u00a0a<\/strong>\u00a0<strong>ninguna<\/strong>\u00a0<strong>parte.<\/strong>\u00a0<strong>Que<\/strong>\u00a0<strong>sepan<\/strong>\u00a0<strong>que<\/strong>\u00a0<strong>los<\/strong>\u00a0<strong>tra-<\/strong>\u00a0<strong>bajadores<\/strong>\u00a0<strong>y<\/strong>\u00a0<strong>trabajadoras<\/strong>\u00a0<strong>del<\/strong>\u00a0<strong>Metal<\/strong>\u00a0<strong>no<\/strong>\u00a0<strong>pararemos<\/strong>\u00a0<strong>hasta<\/strong><strong>\u00a0conseguir nuestras reivindicaciones.<\/strong><\/p>\n","protected":false},"author":72,"featured_media":6478,"comment_status":"closed","ping_status":"open","sticky":false,"template":"","format":"standard","meta":{"footnotes":"","_links_to":"","_links_to_target":""},"categories":[7,17],"tags":[],"class_list":["post-6583","post","type-post","status-publish","format-standard","has-post-thumbnail","hentry","category-comunicados","category-movilizaciones"],"publishpress_future_action":{"enabled":false,"date":"2026-05-07 16:19:28","action":"change-status","newStatus":"draft","terms":[],"taxonomy":"category","extraData":[]},"publishpress_future_workflow_manual_trigger":{"enabledWorkflows":[]},"_links":{"self":[{"href":"https:\/\/www.cgt-lkn.org\/bizkaia-gestamp\/wp-json\/wp\/v2\/posts\/6583","targetHints":{"allow":["GET"]}}],"collection":[{"href":"https:\/\/www.cgt-lkn.org\/bizkaia-gestamp\/wp-json\/wp\/v2\/posts"}],"about":[{"href":"https:\/\/www.cgt-lkn.org\/bizkaia-gestamp\/wp-json\/wp\/v2\/types\/post"}],"author":[{"embeddable":true,"href":"https:\/\/www.cgt-lkn.org\/bizkaia-gestamp\/wp-json\/wp\/v2\/users\/72"}],"replies":[{"embeddable":true,"href":"https:\/\/www.cgt-lkn.org\/bizkaia-gestamp\/wp-json\/wp\/v2\/comments?post=6583"}],"version-history":[{"count":3,"href":"https:\/\/www.cgt-lkn.org\/bizkaia-gestamp\/wp-json\/wp\/v2\/posts\/6583\/revisions"}],"predecessor-version":[{"id":6586,"href":"https:\/\/www.cgt-lkn.org\/bizkaia-gestamp\/wp-json\/wp\/v2\/posts\/6583\/revisions\/6586"}],"wp:featuredmedia":[{"embeddable":true,"href":"https:\/\/www.cgt-lkn.org\/bizkaia-gestamp\/wp-json\/wp\/v2\/media\/6478"}],"wp:attachment":[{"href":"https:\/\/www.cgt-lkn.org\/bizkaia-gestamp\/wp-json\/wp\/v2\/media?parent=6583"}],"wp:term":[{"taxonomy":"category","embeddable":true,"href":"https:\/\/www.cgt-lkn.org\/bizkaia-gestamp\/wp-json\/wp\/v2\/categories?post=6583"},{"taxonomy":"post_tag","embeddable":true,"href":"https:\/\/www.cgt-lkn.org\/bizkaia-gestamp\/wp-json\/wp\/v2\/tags?post=6583"}],"curies":[{"name":"wp","href":"https:\/\/api.w.org\/{rel}","templated":true}]}}