{"id":6509,"date":"2019-06-28T08:47:16","date_gmt":"2019-06-28T06:47:16","guid":{"rendered":"http:\/\/www.cgt-lkn.org\/bizkaia\/gestamp\/?p=6509"},"modified":"2019-06-27T09:06:42","modified_gmt":"2019-06-27T07:06:42","slug":"cgt-metal-se-reune-en-el-congreso-con-esquerra-republicana-de-catalunya-erc-para-hablar-y-avanzar-acerca-de-la-aplicacion-digna-del-rd-1698-2011-sobre-coeficientes-reductores-en-la-edad-de-jubilacio","status":"publish","type":"post","link":"https:\/\/www.cgt-lkn.org\/bizkaia-gestamp\/2019\/06\/28\/cgt-metal-se-reune-en-el-congreso-con-esquerra-republicana-de-catalunya-erc-para-hablar-y-avanzar-acerca-de-la-aplicacion-digna-del-rd-1698-2011-sobre-coeficientes-reductores-en-la-edad-de-jubilacio\/","title":{"rendered":"CGT-Metal se re\u00fane en el Congreso con Esquerra Republicana de Catalunya (ERC) para hablar y avanzar acerca de la aplicaci\u00f3n digna del RD 1698\/2011 sobre coeficientes reductores en la edad de jubilaci\u00f3n"},"content":{"rendered":"<p>Hace unas semanas, la Federaci\u00f3n Metal\u00fargica de CGT (FESIM) enviamos una carta en la que emplaz\u00e1bamos a los diferentes grupos parlamentarios a mantener una reuni\u00f3n con el fin de exponer la situaci\u00f3n en la que se encuentra este RD, y avanzar as\u00ed en nuestra lucha por una aplicaci\u00f3n justa de los Coeficientes Reductores a la edad de jubilaci\u00f3n.<\/p>\n<p>En la ma\u00f1ana de hoy, los diputados de ERC Gabriel Rufi\u00e1n y Jordi Salvador se han reunido con el Secretario General de la FESIM y con miembros de las secciones sindicales de CGT en FUNOSA (L\u00b4Anoia) y CAF Zaragoza.<\/p>\n<p>Este encuentro ha servido como toma de contacto para exponer por parte de CGT los inconvenientes y las numerosas trabas administrativas que nos estamos encontrando para que este RD sea aplicado de manera justa y paritaria en todos aquellos sectores laborales donde consideramos que es de justicia su aplicaci\u00f3n.<\/p>\n<p>Tanto desde CGT como por parte de ERC nos hemos comprometido a seguir trabajado de manera conjunta para trasladar al ejecutivo una bater\u00eda de preguntas con el fin de aclarar, por un lado la situaci\u00f3n en la que se encuentra este RD, y por otro conocer las intenciones reales que tiene el gobierno acerca de este asunto.<\/p>\n<p>Desde CGT lamentamos que a fecha de hoy tan solo ERC se ha reunido con nosotros para tratar este tema, lo cual agradecemos; seguimos a la espera de contestaci\u00f3n por parte del resto de grupos parlamentarios que, al parecer, deben de estar muy ocupados a d\u00eda de hoy.<\/p>\n<p>Desde CGT seguiremos peleando por una aplicaci\u00f3n digna de los coeficientes reductores, y desde estas l\u00edneas hacemos un llamamiento a la clase trabajadora para que, en caso de que este RD siga cogiendo polvo en una estanter\u00eda, secunde las movilizaciones que desde CGT convocaremos despu\u00e9s de los meses de verano, con el fin de conseguir nuestro objetivo.<\/p>\n<p><a href=\"https:\/\/www.cgt-lkn.org\/wp-content\/uploads\/sites\/20\/2019\/06\/CGT-re\u00fane-Congreso-con-Esquerra-Republicana-de-Catalunya-sobre-coeficientes-reductores-en-la-jubilac.jpg\"><img loading=\"lazy\" decoding=\"async\" class=\"size-full wp-image-6510 aligncenter\" src=\"https:\/\/www.cgt-lkn.org\/wp-content\/uploads\/sites\/20\/2019\/06\/CGT-re\u00fane-Congreso-con-Esquerra-Republicana-de-Catalunya-sobre-coeficientes-reductores-en-la-jubilac.jpg\" alt=\"\" width=\"567\" height=\"319\" srcset=\"https:\/\/www.cgt-lkn.org\/bizkaia-gestamp\/wp-content\/uploads\/sites\/20\/2019\/06\/CGT-re\u00fane-Congreso-con-Esquerra-Republicana-de-Catalunya-sobre-coeficientes-reductores-en-la-jubilac.jpg 567w, https:\/\/www.cgt-lkn.org\/bizkaia-gestamp\/wp-content\/uploads\/sites\/20\/2019\/06\/CGT-re\u00fane-Congreso-con-Esquerra-Republicana-de-Catalunya-sobre-coeficientes-reductores-en-la-jubilac-300x169.jpg 300w, https:\/\/www.cgt-lkn.org\/bizkaia-gestamp\/wp-content\/uploads\/sites\/20\/2019\/06\/CGT-re\u00fane-Congreso-con-Esquerra-Republicana-de-Catalunya-sobre-coeficientes-reductores-en-la-jubilac-150x84.jpg 150w, https:\/\/www.cgt-lkn.org\/bizkaia-gestamp\/wp-content\/uploads\/sites\/20\/2019\/06\/CGT-re\u00fane-Congreso-con-Esquerra-Republicana-de-Catalunya-sobre-coeficientes-reductores-en-la-jubilac-400x225.jpg 400w\" sizes=\"auto, (max-width: 567px) 100vw, 567px\" \/><\/a>Tanto desde CGT como por parte de ERC nos hemos comprometido a seguir trabajado de manera conjunta para trasladar al ejecutivo una bater\u00eda de preguntas con el fin de aclarar, por un lado la situaci\u00f3n en la que se encuentra este RD, y por otro conocer las intenciones reales que tiene el gobierno acerca de este asunto.<\/p>\n<p>Desde CGT lamentamos que a fecha de hoy tan solo ERC se ha reunido con nosotros para tratar este tema, lo cual agradecemos; seguimos a la espera de contestaci\u00f3n por parte del resto de grupos parlamentarios que, al parecer, deben de estar muy ocupados a d\u00eda de hoy.<\/p>\n<p>Desde CGT seguiremos peleando por una aplicaci\u00f3n digna de los coeficientes reductores, y desde estas l\u00edneas hacemos un llamamiento a la clase trabajadora para que, en caso de que este RD siga cogiendo polvo en una estanter\u00eda, secunde las movilizaciones que desde CGT convocaremos despu\u00e9s de los meses de verano, con el fin de conseguir nuestro objetivo.<\/p>\n<p>26 de junio de 2019<\/p>\n<p>CGT-FESIM<\/p>\n","protected":false},"excerpt":{"rendered":"<p><a href=\"https:\/\/www.cgt-lkn.org\/wp-content\/uploads\/sites\/20\/2019\/06\/CGT-re\u00fane-Congreso-con-Esquerra-Republicana-de-Catalunya-sobre-coeficientes-reductores-en-la-jubilac.jpg\"><img loading=\"lazy\" decoding=\"async\" class=\" wp-image-6510 alignleft\" src=\"https:\/\/www.cgt-lkn.org\/wp-content\/uploads\/sites\/20\/2019\/06\/CGT-re\u00fane-Congreso-con-Esquerra-Republicana-de-Catalunya-sobre-coeficientes-reductores-en-la-jubilac.jpg\" alt=\"\" width=\"183\" height=\"103\" srcset=\"https:\/\/www.cgt-lkn.org\/bizkaia-gestamp\/wp-content\/uploads\/sites\/20\/2019\/06\/CGT-re\u00fane-Congreso-con-Esquerra-Republicana-de-Catalunya-sobre-coeficientes-reductores-en-la-jubilac.jpg 567w, https:\/\/www.cgt-lkn.org\/bizkaia-gestamp\/wp-content\/uploads\/sites\/20\/2019\/06\/CGT-re\u00fane-Congreso-con-Esquerra-Republicana-de-Catalunya-sobre-coeficientes-reductores-en-la-jubilac-300x169.jpg 300w, https:\/\/www.cgt-lkn.org\/bizkaia-gestamp\/wp-content\/uploads\/sites\/20\/2019\/06\/CGT-re\u00fane-Congreso-con-Esquerra-Republicana-de-Catalunya-sobre-coeficientes-reductores-en-la-jubilac-150x84.jpg 150w, https:\/\/www.cgt-lkn.org\/bizkaia-gestamp\/wp-content\/uploads\/sites\/20\/2019\/06\/CGT-re\u00fane-Congreso-con-Esquerra-Republicana-de-Catalunya-sobre-coeficientes-reductores-en-la-jubilac-400x225.jpg 400w\" sizes=\"auto, (max-width: 183px) 100vw, 183px\" \/><\/a>Hace unas semanas, la Federaci\u00f3n Metal\u00fargica de CGT (FESIM) enviamos una carta en la emplaz\u00e1bamos a los diferentes grupos parlamentarios a mantener una reuni\u00f3n con el fin de exponer la situaci\u00f3n en la que se encuentra este RD, y avanzar as\u00ed en nuestra lucha por una aplicaci\u00f3n justa de los Coeficientes Reductores a la edad de jubilaci\u00f3n<\/p>\n","protected":false},"author":72,"featured_media":0,"comment_status":"closed","ping_status":"open","sticky":false,"template":"","format":"standard","meta":{"footnotes":"","_links_to":"","_links_to_target":""},"categories":[22,70,27],"tags":[],"class_list":["post-6509","post","type-post","status-publish","format-standard","hentry","category-en-la-prensa","category-rojo-y-negro","category-sindical"],"publishpress_future_action":{"enabled":false,"date":"2026-05-07 16:19:58","action":"change-status","newStatus":"draft","terms":[],"taxonomy":"category","extraData":[]},"publishpress_future_workflow_manual_trigger":{"enabledWorkflows":[]},"_links":{"self":[{"href":"https:\/\/www.cgt-lkn.org\/bizkaia-gestamp\/wp-json\/wp\/v2\/posts\/6509","targetHints":{"allow":["GET"]}}],"collection":[{"href":"https:\/\/www.cgt-lkn.org\/bizkaia-gestamp\/wp-json\/wp\/v2\/posts"}],"about":[{"href":"https:\/\/www.cgt-lkn.org\/bizkaia-gestamp\/wp-json\/wp\/v2\/types\/post"}],"author":[{"embeddable":true,"href":"https:\/\/www.cgt-lkn.org\/bizkaia-gestamp\/wp-json\/wp\/v2\/users\/72"}],"replies":[{"embeddable":true,"href":"https:\/\/www.cgt-lkn.org\/bizkaia-gestamp\/wp-json\/wp\/v2\/comments?post=6509"}],"version-history":[{"count":2,"href":"https:\/\/www.cgt-lkn.org\/bizkaia-gestamp\/wp-json\/wp\/v2\/posts\/6509\/revisions"}],"predecessor-version":[{"id":6516,"href":"https:\/\/www.cgt-lkn.org\/bizkaia-gestamp\/wp-json\/wp\/v2\/posts\/6509\/revisions\/6516"}],"wp:attachment":[{"href":"https:\/\/www.cgt-lkn.org\/bizkaia-gestamp\/wp-json\/wp\/v2\/media?parent=6509"}],"wp:term":[{"taxonomy":"category","embeddable":true,"href":"https:\/\/www.cgt-lkn.org\/bizkaia-gestamp\/wp-json\/wp\/v2\/categories?post=6509"},{"taxonomy":"post_tag","embeddable":true,"href":"https:\/\/www.cgt-lkn.org\/bizkaia-gestamp\/wp-json\/wp\/v2\/tags?post=6509"}],"curies":[{"name":"wp","href":"https:\/\/api.w.org\/{rel}","templated":true}]}}