{"id":6469,"date":"2019-05-31T12:56:08","date_gmt":"2019-05-31T10:56:08","guid":{"rendered":"http:\/\/www.cgt-lkn.org\/bizkaia\/gestamp\/?p=6469"},"modified":"2019-05-31T12:56:08","modified_gmt":"2019-05-31T10:56:08","slug":"concrecion-horaria","status":"publish","type":"post","link":"https:\/\/www.cgt-lkn.org\/bizkaia-gestamp\/2019\/05\/31\/concrecion-horaria\/","title":{"rendered":"CONCRECI\u00d3N HORARIA"},"content":{"rendered":"<p><strong><u><a href=\"https:\/\/www.cgt-lkn.org\/wp-content\/uploads\/sites\/20\/2019\/05\/descarga.jpg\"><img loading=\"lazy\" decoding=\"async\" class=\"size-full wp-image-6467 aligncenter\" src=\"https:\/\/www.cgt-lkn.org\/wp-content\/uploads\/sites\/20\/2019\/05\/descarga.jpg\" alt=\"\" width=\"225\" height=\"225\" srcset=\"https:\/\/www.cgt-lkn.org\/bizkaia-gestamp\/wp-content\/uploads\/sites\/20\/2019\/05\/descarga.jpg 225w, https:\/\/www.cgt-lkn.org\/bizkaia-gestamp\/wp-content\/uploads\/sites\/20\/2019\/05\/descarga-150x150.jpg 150w\" sizes=\"auto, (max-width: 225px) 100vw, 225px\" \/><\/a><\/u><\/strong><\/p>\n<p><strong><u>Adaptaci\u00f3n de la duraci\u00f3n y distribuci\u00f3n de la jornada de trabajo sin reducirla cuando se trata de conciliar.<\/u><\/strong><\/p>\n<p>El derecho est\u00e1 pensado para padres y madres de menores de 12 a\u00f1os, tambi\u00e9n vale para cuidado de otros familiares.<\/p>\n<p>El <strong>derecho<\/strong> se hace <strong>universal,<\/strong> <u>aunque no est\u00e9 recogido en el convenio<\/u>. Porque lo dice nuestra biblia laboral, el Estatuto de los trabajadores, y eso va a misa. Todas y todos los trabajadores tenemos derecho a ello.<\/p>\n<p><strong>Tenemos derecho<\/strong> no s\u00f3lo a reducir, si no <strong>tambi\u00e9n a adaptar nuestra jornada para compatibilizar nuestra vida familiar y laboral<\/strong>. Si adaptamos jornada cobramos lo mismo, porque trabajamos las mismas horas, aunque con distinta distribuci\u00f3n, y podemos adaptar nuestro horario de muy distintas maneras, por ejemplo:<\/p>\n<p>-Cambiando el turno por otro que nos venga mejor.<\/p>\n<p>-Entrando m\u00e1s tarde y saliendo m\u00e1s tarde.<\/p>\n<p>-Teletrabajando una parte de la jornada.<\/p>\n<p>Legalmente este derecho como sigue, por obra y gracia del Estatuto de los Trabajadores (ET) los tenemos todas y todos los trabajadores, da igual empleo, contrato, categor\u00eda, turno o empresa.<\/p>\n<p><strong>La empresa NO puede poner ninguna norma contra<\/strong> esta conciliaci\u00f3n, esto es la ley.<\/p>\n<p>El derecho de adaptaci\u00f3n de jornada <strong>es compatible 100% con la reducci\u00f3n<\/strong> voluntaria, es decir podemos trabajar menos horas y las horas que trabajemos adaptarlas a las necesidades de conciliaci\u00f3n.<\/p>\n<p>El derecho termina cuando el o la menor cumpla 12 a\u00f1os de edad, pero en el caso de cuidar a un familiar el derecho continua mientras exista esa necesidad de cuidados.<\/p>\n<p>La adaptaci\u00f3n de jornada se pide a la empresa por escrito. Como nuestro convenio no lo recoge la empresa tiene 30 d\u00edas para responder. Si la respuesta no nos satisface se puede demandar y el procedimiento se tramitar\u00e1 por v\u00eda urgente.<\/p>\n<p>Se desarrolla en el art\u00edculo 34.8 relativo al derecho de conciliaci\u00f3n de adaptaci\u00f3n y distribuci\u00f3n de la jornada.<\/p>\n<p>&nbsp;<\/p>\n<p>Hasta ahora, era un derecho vac\u00edo porque relegaba el ejercicio individual a lo que estuviera previsto en la negociaci\u00f3n colectiva sin establecer una obligaci\u00f3n de negociaci\u00f3n.<\/p>\n<p>&nbsp;<\/p>\n<p>31 de mayo de 2019.<\/p>\n<p>&nbsp;<\/p>\n<p>Salud.<\/p>\n","protected":false},"excerpt":{"rendered":"<p><strong><u><a href=\"https:\/\/www.cgt-lkn.org\/wp-content\/uploads\/sites\/20\/2019\/05\/descarga.jpg\"><img loading=\"lazy\" decoding=\"async\" class=\"size-full wp-image-6467 alignleft\" src=\"https:\/\/www.cgt-lkn.org\/wp-content\/uploads\/sites\/20\/2019\/05\/descarga.jpg\" alt=\"\" width=\"225\" height=\"225\" srcset=\"https:\/\/www.cgt-lkn.org\/bizkaia-gestamp\/wp-content\/uploads\/sites\/20\/2019\/05\/descarga.jpg 225w, https:\/\/www.cgt-lkn.org\/bizkaia-gestamp\/wp-content\/uploads\/sites\/20\/2019\/05\/descarga-150x150.jpg 150w\" sizes=\"auto, (max-width: 225px) 100vw, 225px\" \/><\/a>Adaptaci\u00f3n de la duraci\u00f3n y distribuci\u00f3n de la jornada de trabajo sin reducirla cuando se trata de conciliar.<\/u><\/strong><\/p>\n<p>El derecho est\u00e1 pensado para padres y madres de menores de 12 a\u00f1os, tambi\u00e9n vale para cuidado de otros familiares.<\/p>\n<p>El <strong>derecho<\/strong> se hace <strong>universal,<\/strong> <u>aunque no est\u00e9 recogido en el convenio<\/u>. Porque lo dice nuestra biblia laboral, el Estatuto de los trabajadores, y eso va a misa. Todas y todos los trabajadores tenemos derecho a ello.<\/p>\n<p><strong>Tenemos derecho<\/strong> no s\u00f3lo a reducir, si no <strong>tambi\u00e9n a adaptar nuestra jornada para compatibilizar nuestra vida familiar y laboral<\/strong><\/p>\n","protected":false},"author":72,"featured_media":0,"comment_status":"closed","ping_status":"open","sticky":false,"template":"","format":"standard","meta":{"footnotes":"","_links_to":"","_links_to_target":""},"categories":[7,79,15,43,23],"tags":[],"class_list":["post-6469","post","type-post","status-publish","format-standard","hentry","category-comunicados","category-gestamp-bizkaia","category-informacion-y-documentos","category-otras-publicaciones","category-publicaciones"],"publishpress_future_action":{"enabled":false,"date":"2026-05-07 06:41:01","action":"change-status","newStatus":"draft","terms":[],"taxonomy":"category","extraData":[]},"publishpress_future_workflow_manual_trigger":{"enabledWorkflows":[]},"_links":{"self":[{"href":"https:\/\/www.cgt-lkn.org\/bizkaia-gestamp\/wp-json\/wp\/v2\/posts\/6469","targetHints":{"allow":["GET"]}}],"collection":[{"href":"https:\/\/www.cgt-lkn.org\/bizkaia-gestamp\/wp-json\/wp\/v2\/posts"}],"about":[{"href":"https:\/\/www.cgt-lkn.org\/bizkaia-gestamp\/wp-json\/wp\/v2\/types\/post"}],"author":[{"embeddable":true,"href":"https:\/\/www.cgt-lkn.org\/bizkaia-gestamp\/wp-json\/wp\/v2\/users\/72"}],"replies":[{"embeddable":true,"href":"https:\/\/www.cgt-lkn.org\/bizkaia-gestamp\/wp-json\/wp\/v2\/comments?post=6469"}],"version-history":[{"count":1,"href":"https:\/\/www.cgt-lkn.org\/bizkaia-gestamp\/wp-json\/wp\/v2\/posts\/6469\/revisions"}],"predecessor-version":[{"id":6470,"href":"https:\/\/www.cgt-lkn.org\/bizkaia-gestamp\/wp-json\/wp\/v2\/posts\/6469\/revisions\/6470"}],"wp:attachment":[{"href":"https:\/\/www.cgt-lkn.org\/bizkaia-gestamp\/wp-json\/wp\/v2\/media?parent=6469"}],"wp:term":[{"taxonomy":"category","embeddable":true,"href":"https:\/\/www.cgt-lkn.org\/bizkaia-gestamp\/wp-json\/wp\/v2\/categories?post=6469"},{"taxonomy":"post_tag","embeddable":true,"href":"https:\/\/www.cgt-lkn.org\/bizkaia-gestamp\/wp-json\/wp\/v2\/tags?post=6469"}],"curies":[{"name":"wp","href":"https:\/\/api.w.org\/{rel}","templated":true}]}}