{"id":6463,"date":"2019-05-30T08:00:38","date_gmt":"2019-05-30T06:00:38","guid":{"rendered":"http:\/\/www.cgt-lkn.org\/bizkaia\/gestamp\/?p=6463"},"modified":"2019-05-30T08:00:38","modified_gmt":"2019-05-30T06:00:38","slug":"cgt-iveco-pide-cautela-ante-el-suicidio-de-una-trabajadora-de-la-fabrica-en-madrid","status":"publish","type":"post","link":"https:\/\/www.cgt-lkn.org\/bizkaia-gestamp\/2019\/05\/30\/cgt-iveco-pide-cautela-ante-el-suicidio-de-una-trabajadora-de-la-fabrica-en-madrid\/","title":{"rendered":"CGT Iveco pide cautela ante el suicidio de una trabajadora de la f\u00e1brica en Madrid"},"content":{"rendered":"<div class=\"meta clear-block\">\n<hr \/>\n<\/div>\n<div class=\"content column grid-10\">\n<div class=\"node-body\">\n<p>La secci\u00f3n sindical de CGT en Iveco Madrid ha emitido un comunicado lamentando el fallecimiento de una compa\u00f1era, trabajadora de esta planta en la capital, por entender que los hechos alrededor del mismo no se han aclarado todav\u00eda.<\/p>\n<p>Esta secci\u00f3n de la Confederaci\u00f3n General del Trabajo en Iveco Madrid manifiesta que no har\u00e1n ning\u00fan tipo de declaraci\u00f3n como organizaci\u00f3n a ning\u00fan medio por respeto a la situaci\u00f3n de dolor que atraviesa la familia, los amigos y los compa\u00f1eros de la planta en la que trabajaba Ver\u00f3nica, para preservar su intimidad y privacidad hasta que las investigaciones que se est\u00e1n llevando a cabo no hayan finalizado con los resultados y las responsabilidades que se deriven.<\/p>\n<p>Desde CGT lamentan profundamente toda la situaci\u00f3n de desconcierto que se ha producido al trascender la noticia a la prensa nacional y solicitan paciencia y prudencia.<\/p>\n<p>Gabinete de prensa del Comit\u00e9 Confederal de la CGT<\/p>\n<\/div>\n<\/div>\n","protected":false},"excerpt":{"rendered":"<p style=\"text-align: left\"><a href=\"https:\/\/www.cgt-lkn.org\/wp-content\/uploads\/sites\/20\/2019\/05\/cgt-iveco.jpg\"><img loading=\"lazy\" decoding=\"async\" class=\"wp-image-6464 alignleft\" src=\"https:\/\/www.cgt-lkn.org\/wp-content\/uploads\/sites\/20\/2019\/05\/cgt-iveco.jpg\" alt=\"\" width=\"135\" height=\"135\" srcset=\"https:\/\/www.cgt-lkn.org\/bizkaia-gestamp\/wp-content\/uploads\/sites\/20\/2019\/05\/cgt-iveco.jpg 225w, https:\/\/www.cgt-lkn.org\/bizkaia-gestamp\/wp-content\/uploads\/sites\/20\/2019\/05\/cgt-iveco-150x150.jpg 150w\" sizes=\"auto, (max-width: 135px) 100vw, 135px\" \/><\/a>CGT pide a los medios de informaci\u00f3n que no se especule con lo acontecido hasta que se aclaren todas las circunstancias<\/p>\n","protected":false},"author":72,"featured_media":0,"comment_status":"closed","ping_status":"open","sticky":false,"template":"","format":"standard","meta":{"footnotes":"","_links_to":"","_links_to_target":""},"categories":[5,57],"tags":[],"class_list":["post-6463","post","type-post","status-publish","format-standard","hentry","category-automocion","category-iveco"],"publishpress_future_action":{"enabled":false,"date":"2026-05-07 08:01:07","action":"change-status","newStatus":"draft","terms":[],"taxonomy":"category","extraData":[]},"publishpress_future_workflow_manual_trigger":{"enabledWorkflows":[]},"_links":{"self":[{"href":"https:\/\/www.cgt-lkn.org\/bizkaia-gestamp\/wp-json\/wp\/v2\/posts\/6463","targetHints":{"allow":["GET"]}}],"collection":[{"href":"https:\/\/www.cgt-lkn.org\/bizkaia-gestamp\/wp-json\/wp\/v2\/posts"}],"about":[{"href":"https:\/\/www.cgt-lkn.org\/bizkaia-gestamp\/wp-json\/wp\/v2\/types\/post"}],"author":[{"embeddable":true,"href":"https:\/\/www.cgt-lkn.org\/bizkaia-gestamp\/wp-json\/wp\/v2\/users\/72"}],"replies":[{"embeddable":true,"href":"https:\/\/www.cgt-lkn.org\/bizkaia-gestamp\/wp-json\/wp\/v2\/comments?post=6463"}],"version-history":[{"count":1,"href":"https:\/\/www.cgt-lkn.org\/bizkaia-gestamp\/wp-json\/wp\/v2\/posts\/6463\/revisions"}],"predecessor-version":[{"id":6465,"href":"https:\/\/www.cgt-lkn.org\/bizkaia-gestamp\/wp-json\/wp\/v2\/posts\/6463\/revisions\/6465"}],"wp:attachment":[{"href":"https:\/\/www.cgt-lkn.org\/bizkaia-gestamp\/wp-json\/wp\/v2\/media?parent=6463"}],"wp:term":[{"taxonomy":"category","embeddable":true,"href":"https:\/\/www.cgt-lkn.org\/bizkaia-gestamp\/wp-json\/wp\/v2\/categories?post=6463"},{"taxonomy":"post_tag","embeddable":true,"href":"https:\/\/www.cgt-lkn.org\/bizkaia-gestamp\/wp-json\/wp\/v2\/tags?post=6463"}],"curies":[{"name":"wp","href":"https:\/\/api.w.org\/{rel}","templated":true}]}}