{"id":6459,"date":"2019-05-24T13:31:13","date_gmt":"2019-05-24T11:31:13","guid":{"rendered":"http:\/\/www.cgt-lkn.org\/bizkaia\/gestamp\/?p=6459"},"modified":"2020-11-25T16:56:20","modified_gmt":"2020-11-25T15:56:20","slug":"agradecimiento-por-participar-en-la-huelga-metal","status":"publish","type":"post","link":"https:\/\/www.cgt-lkn.org\/bizkaia-gestamp\/2019\/05\/24\/agradecimiento-por-participar-en-la-huelga-metal\/","title":{"rendered":"Agradecimiento por participar en la huelga metal"},"content":{"rendered":"<p>Ayer\u00a0<strong>23 de mayo de 2019,\u00a0<\/strong>en la jornada de huelga por el convenio provincial del metal de Bizkaia, CGT-LKN se sum\u00f3 activamente a la Marea de personas y sindicatos con un fin com\u00fan.<\/p>\n<p>Se puede decir con toda seguridad que fue un \u00e9xito de la clase trabajadora bizkaia. Un levantamiento que hac\u00eda tiempo no se ve\u00eda.<\/p>\n<p style=\"text-align: center\"><a href=\"https:\/\/www.cgt-lkn.org\/wp-content\/uploads\/sites\/20\/2019\/05\/esquirol.jpg\"><img loading=\"lazy\" decoding=\"async\" class=\"alignnone wp-image-6460\" src=\"https:\/\/www.cgt-lkn.org\/wp-content\/uploads\/sites\/20\/2019\/05\/esquirol.jpg\" alt=\"\" width=\"618\" height=\"491\" srcset=\"https:\/\/www.cgt-lkn.org\/bizkaia-gestamp\/wp-content\/uploads\/sites\/20\/2019\/05\/esquirol.jpg 580w, https:\/\/www.cgt-lkn.org\/bizkaia-gestamp\/wp-content\/uploads\/sites\/20\/2019\/05\/esquirol-300x238.jpg 300w, https:\/\/www.cgt-lkn.org\/bizkaia-gestamp\/wp-content\/uploads\/sites\/20\/2019\/05\/esquirol-150x119.jpg 150w, https:\/\/www.cgt-lkn.org\/bizkaia-gestamp\/wp-content\/uploads\/sites\/20\/2019\/05\/esquirol-400x318.jpg 400w\" sizes=\"auto, (max-width: 618px) 100vw, 618px\" \/><\/a><\/p>\n<p><strong>Queremos agradecer\u00a0<\/strong><strong>la participaci\u00f3n de quienes hicisteis posible que el d\u00eda de ayer tuviera tinte de unidad y lucha obrera a favor de un convenio provincial del metal de Bizkaia justo.<\/strong><\/p>\n<p><strong>CU<\/strong><b>ANDO ACUDES AL TRABAJO PARA HACER HORAS EXTRAS\u00a0 DESPU\u00c9S DE UNA HUELGA EST\u00c1S BOICOTEANDO LA HUELGA<\/b><strong>.<\/strong><\/p>\n<p><strong>CUANDO ACUDES AL TRABAJO MIENTRAS SE HACE HUELGA, TE EST\u00c1S HACIENDO TRAMPAS JUGANDO AL SOLITARIO.<\/strong><\/p>\n<p><strong>CUANDO PISOTEEN TUS DERECHOS TENDR\u00c1S QUE ARREGLARTELAS CON TU INDIVIDUALISMO<\/strong><\/p>\n","protected":false},"excerpt":{"rendered":"<p><strong><a href=\"https:\/\/www.cgt-lkn.org\/wp-content\/uploads\/sites\/20\/2019\/05\/esquirol.jpg\"><img loading=\"lazy\" decoding=\"async\" class=\" wp-image-6460 aligncenter\" src=\"https:\/\/www.cgt-lkn.org\/wp-content\/uploads\/sites\/20\/2019\/05\/esquirol.jpg\" alt=\"\" width=\"666\" height=\"529\" srcset=\"https:\/\/www.cgt-lkn.org\/bizkaia-gestamp\/wp-content\/uploads\/sites\/20\/2019\/05\/esquirol.jpg 580w, https:\/\/www.cgt-lkn.org\/bizkaia-gestamp\/wp-content\/uploads\/sites\/20\/2019\/05\/esquirol-300x238.jpg 300w, https:\/\/www.cgt-lkn.org\/bizkaia-gestamp\/wp-content\/uploads\/sites\/20\/2019\/05\/esquirol-150x119.jpg 150w, https:\/\/www.cgt-lkn.org\/bizkaia-gestamp\/wp-content\/uploads\/sites\/20\/2019\/05\/esquirol-400x318.jpg 400w\" sizes=\"auto, (max-width: 666px) 100vw, 666px\" \/><\/a>Queremos agradecer\u00a0<\/strong><strong>la participaci\u00f3n de quienes hicisteis posible que el d\u00eda de ayer tuviera tinte de unidad y lucha obrera a favor de un convenio provincial del metal de Bizkaia justo.<\/strong><\/p>\n<p><strong>CU<\/strong><b>ANDO ACUDES AL TRABAJO PARA HACER HORAS EXTRAS DESPU\u00c9S DE UNA HUELGA EST\u00c1S BOICOTEANDO LA HUELGA<\/b><strong>.<\/strong><\/p>\n<p><strong>CUANDO ACUDES AL TRABAJO MIENTRAS SE HACE HUELGA, TE EST\u00c1S HACIENDO TRAMPAS JUGANDO AL SOLITARIO.<\/strong>\u00a0<strong>CUANDO PISOTEEN TUS DERECHOS TENDR\u00c1S QUE ARREGLARTELAS CON TU INDIVIDUALISMO<\/strong><\/p>\n","protected":false},"author":72,"featured_media":0,"comment_status":"closed","ping_status":"open","sticky":false,"template":"","format":"standard","meta":{"footnotes":"","_links_to":"","_links_to_target":""},"categories":[7,79],"tags":[],"class_list":["post-6459","post","type-post","status-publish","format-standard","hentry","category-comunicados","category-gestamp-bizkaia"],"publishpress_future_action":{"enabled":false,"date":"2026-05-07 06:40:35","action":"change-status","newStatus":"draft","terms":[],"taxonomy":"category","extraData":[]},"publishpress_future_workflow_manual_trigger":{"enabledWorkflows":[]},"_links":{"self":[{"href":"https:\/\/www.cgt-lkn.org\/bizkaia-gestamp\/wp-json\/wp\/v2\/posts\/6459","targetHints":{"allow":["GET"]}}],"collection":[{"href":"https:\/\/www.cgt-lkn.org\/bizkaia-gestamp\/wp-json\/wp\/v2\/posts"}],"about":[{"href":"https:\/\/www.cgt-lkn.org\/bizkaia-gestamp\/wp-json\/wp\/v2\/types\/post"}],"author":[{"embeddable":true,"href":"https:\/\/www.cgt-lkn.org\/bizkaia-gestamp\/wp-json\/wp\/v2\/users\/72"}],"replies":[{"embeddable":true,"href":"https:\/\/www.cgt-lkn.org\/bizkaia-gestamp\/wp-json\/wp\/v2\/comments?post=6459"}],"version-history":[{"count":1,"href":"https:\/\/www.cgt-lkn.org\/bizkaia-gestamp\/wp-json\/wp\/v2\/posts\/6459\/revisions"}],"predecessor-version":[{"id":6461,"href":"https:\/\/www.cgt-lkn.org\/bizkaia-gestamp\/wp-json\/wp\/v2\/posts\/6459\/revisions\/6461"}],"wp:attachment":[{"href":"https:\/\/www.cgt-lkn.org\/bizkaia-gestamp\/wp-json\/wp\/v2\/media?parent=6459"}],"wp:term":[{"taxonomy":"category","embeddable":true,"href":"https:\/\/www.cgt-lkn.org\/bizkaia-gestamp\/wp-json\/wp\/v2\/categories?post=6459"},{"taxonomy":"post_tag","embeddable":true,"href":"https:\/\/www.cgt-lkn.org\/bizkaia-gestamp\/wp-json\/wp\/v2\/tags?post=6459"}],"curies":[{"name":"wp","href":"https:\/\/api.w.org\/{rel}","templated":true}]}}