{"id":6376,"date":"2019-04-02T13:26:41","date_gmt":"2019-04-02T11:26:41","guid":{"rendered":"http:\/\/www.cgt-lkn.org\/bizkaia\/gestamp\/?p=6376"},"modified":"2019-04-02T13:26:41","modified_gmt":"2019-04-02T11:26:41","slug":"renault-valladolid-no-invita-en-un-acto-de-reconocimiento-a-la-plantilla-al-presidente-del-comite-de-empresa-representante-de-cgt","status":"publish","type":"post","link":"https:\/\/www.cgt-lkn.org\/bizkaia-gestamp\/2019\/04\/02\/renault-valladolid-no-invita-en-un-acto-de-reconocimiento-a-la-plantilla-al-presidente-del-comite-de-empresa-representante-de-cgt\/","title":{"rendered":"Renault Valladolid no invita, en un acto de reconocimiento a la plantilla, al presidente del Comit\u00e9 de Empresa, representante de CGT"},"content":{"rendered":"<p><a href=\"https:\/\/www.cgt-lkn.org\/wp-content\/uploads\/sites\/20\/2019\/03\/cgt-renault.jpg\"><img loading=\"lazy\" decoding=\"async\" class=\"size-full wp-image-6355 alignleft\" src=\"https:\/\/www.cgt-lkn.org\/wp-content\/uploads\/sites\/20\/2019\/03\/cgt-renault.jpg\" alt=\"\" width=\"225\" height=\"224\" \/><\/a>En el Teatro Calder\u00f3n de Valladolid, a petici\u00f3n de VTLP, se ha celebrado un acto de reconocimiento a todas y todos los trabajadores de Renault Valladolid a lo largo de su historia. El reconocimiento, organizado por el Ayuntamiento de la ciudad, se ha visto empa\u00f1ado por la decisi\u00f3n de no invitar al Presidente del Comit\u00e9 de Empresa de Renault en Valladolid, que casualmente forma parte de la candidatura de CGT. Finalmente, para poder contar con la presencia de la figura que representa a toda la plantilla, el Delegado General de CGT en Renault Espa\u00f1a ha cedido su puesto de acompa\u00f1ante al Presidente del Comit\u00e9, para que las trabajadoras y trabajadores de la planta vallisoletana pudieran estar debidamente representados.<\/p>\n<p>Desde CGT no entendemos que entre la gran afluencia de p\u00fablico no se les haya ocurrido a los organizadores invitar al Presidente del Comit\u00e9 que representa a las personas galardonadas.<\/p>\n<p>Esperemos que estos errores no se vuelvan a cometer y que los reconocimientos al trabajo y sacrificio de las personas que d\u00eda tras d\u00eda ponen en marcha las factor\u00edas del rombo, sean completamente sinceros. Confiamos que en lo sucesivo se convoque a los \u00f3rganos de representaci\u00f3n de los trabajadores, como hist\u00f3ricamente se ha venido haciendo.<\/p>\n<p>Valladolid, 30 de marzo de 2019<\/p>\n","protected":false},"excerpt":{"rendered":"<p>En el Teatro Calder\u00f3n de Valladolid, a petici\u00f3n de VTLP, se ha celebrado un acto de reconocimiento a todas y<\/p>\n","protected":false},"author":6,"featured_media":0,"comment_status":"closed","ping_status":"open","sticky":false,"template":"","format":"standard","meta":{"footnotes":"","_links_to":"","_links_to_target":""},"categories":[8,24],"tags":[],"class_list":["post-6376","post","type-post","status-publish","format-standard","hentry","category-coordinadora-de-automocion","category-renault-automocion"],"publishpress_future_action":{"enabled":false,"date":"2026-05-07 18:14:20","action":"change-status","newStatus":"draft","terms":[],"taxonomy":"category","extraData":[]},"publishpress_future_workflow_manual_trigger":{"enabledWorkflows":[]},"_links":{"self":[{"href":"https:\/\/www.cgt-lkn.org\/bizkaia-gestamp\/wp-json\/wp\/v2\/posts\/6376","targetHints":{"allow":["GET"]}}],"collection":[{"href":"https:\/\/www.cgt-lkn.org\/bizkaia-gestamp\/wp-json\/wp\/v2\/posts"}],"about":[{"href":"https:\/\/www.cgt-lkn.org\/bizkaia-gestamp\/wp-json\/wp\/v2\/types\/post"}],"author":[{"embeddable":true,"href":"https:\/\/www.cgt-lkn.org\/bizkaia-gestamp\/wp-json\/wp\/v2\/users\/6"}],"replies":[{"embeddable":true,"href":"https:\/\/www.cgt-lkn.org\/bizkaia-gestamp\/wp-json\/wp\/v2\/comments?post=6376"}],"version-history":[{"count":1,"href":"https:\/\/www.cgt-lkn.org\/bizkaia-gestamp\/wp-json\/wp\/v2\/posts\/6376\/revisions"}],"predecessor-version":[{"id":6377,"href":"https:\/\/www.cgt-lkn.org\/bizkaia-gestamp\/wp-json\/wp\/v2\/posts\/6376\/revisions\/6377"}],"wp:attachment":[{"href":"https:\/\/www.cgt-lkn.org\/bizkaia-gestamp\/wp-json\/wp\/v2\/media?parent=6376"}],"wp:term":[{"taxonomy":"category","embeddable":true,"href":"https:\/\/www.cgt-lkn.org\/bizkaia-gestamp\/wp-json\/wp\/v2\/categories?post=6376"},{"taxonomy":"post_tag","embeddable":true,"href":"https:\/\/www.cgt-lkn.org\/bizkaia-gestamp\/wp-json\/wp\/v2\/tags?post=6376"}],"curies":[{"name":"wp","href":"https:\/\/api.w.org\/{rel}","templated":true}]}}