{"id":6354,"date":"2019-03-19T18:49:33","date_gmt":"2019-03-19T17:49:33","guid":{"rendered":"http:\/\/www.cgt-lkn.org\/bizkaia\/gestamp\/?p=6354"},"modified":"2019-03-19T18:49:33","modified_gmt":"2019-03-19T17:49:33","slug":"cgt-consigue-la-presidencia-del-comite-de-empresa-de-renault-valladolid","status":"publish","type":"post","link":"https:\/\/www.cgt-lkn.org\/bizkaia-gestamp\/2019\/03\/19\/cgt-consigue-la-presidencia-del-comite-de-empresa-de-renault-valladolid\/","title":{"rendered":"CGT CONSIGUE LA PRESIDENCIA DEL COMITE DE EMPRESA DE RENAULT VALLADOLID"},"content":{"rendered":"<p>Agradecemos una vez m\u00e1s el apoyo recibido por todos los compa\u00f1eros y compa\u00f1eras que depositaron su confianza en nosotros el pasado 21 de febrero.<\/p>\n<p>&nbsp;<\/p>\n<p>Secci\u00f3n Sindical de CGT en Renault Valladolid<\/p>\n","protected":false},"excerpt":{"rendered":"<p><a href=\"https:\/\/www.cgt-lkn.org\/wp-content\/uploads\/sites\/20\/2019\/03\/cgt-renault.jpg\"><img loading=\"lazy\" decoding=\"async\" class=\" wp-image-6355 alignleft\" src=\"https:\/\/www.cgt-lkn.org\/wp-content\/uploads\/sites\/20\/2019\/03\/cgt-renault.jpg\" alt=\"\" width=\"108\" height=\"108\" \/><\/a>Tras los buenos resultados obtenidos en las elecciones sindicales celebradas el pasado 21 de febrero, CGT hemos accedido a la presidencia del Comit\u00e9 de empresa en Renault Valladolid. Este es un hecho hist\u00f3rico, sin precedentes en la empresa del rombo. Se abre una nueva \u00e9poca en la que desde CGT trabajaremos en beneficio de todas las trabajadoras y trabajadores de Renault, como hemos hecho siempre, pero en esta ocasi\u00f3n desde una posici\u00f3n de mayor relevancia.<\/p>\n","protected":false},"author":72,"featured_media":0,"comment_status":"closed","ping_status":"open","sticky":false,"template":"","format":"standard","meta":{"footnotes":"","_links_to":"","_links_to_target":""},"categories":[5,24],"tags":[],"class_list":["post-6354","post","type-post","status-publish","format-standard","hentry","category-automocion","category-renault-automocion"],"publishpress_future_action":{"enabled":false,"date":"2026-05-09 15:06:47","action":"change-status","newStatus":"draft","terms":[],"taxonomy":"category","extraData":[]},"publishpress_future_workflow_manual_trigger":{"enabledWorkflows":[]},"_links":{"self":[{"href":"https:\/\/www.cgt-lkn.org\/bizkaia-gestamp\/wp-json\/wp\/v2\/posts\/6354","targetHints":{"allow":["GET"]}}],"collection":[{"href":"https:\/\/www.cgt-lkn.org\/bizkaia-gestamp\/wp-json\/wp\/v2\/posts"}],"about":[{"href":"https:\/\/www.cgt-lkn.org\/bizkaia-gestamp\/wp-json\/wp\/v2\/types\/post"}],"author":[{"embeddable":true,"href":"https:\/\/www.cgt-lkn.org\/bizkaia-gestamp\/wp-json\/wp\/v2\/users\/72"}],"replies":[{"embeddable":true,"href":"https:\/\/www.cgt-lkn.org\/bizkaia-gestamp\/wp-json\/wp\/v2\/comments?post=6354"}],"version-history":[{"count":2,"href":"https:\/\/www.cgt-lkn.org\/bizkaia-gestamp\/wp-json\/wp\/v2\/posts\/6354\/revisions"}],"predecessor-version":[{"id":6357,"href":"https:\/\/www.cgt-lkn.org\/bizkaia-gestamp\/wp-json\/wp\/v2\/posts\/6354\/revisions\/6357"}],"wp:attachment":[{"href":"https:\/\/www.cgt-lkn.org\/bizkaia-gestamp\/wp-json\/wp\/v2\/media?parent=6354"}],"wp:term":[{"taxonomy":"category","embeddable":true,"href":"https:\/\/www.cgt-lkn.org\/bizkaia-gestamp\/wp-json\/wp\/v2\/categories?post=6354"},{"taxonomy":"post_tag","embeddable":true,"href":"https:\/\/www.cgt-lkn.org\/bizkaia-gestamp\/wp-json\/wp\/v2\/tags?post=6354"}],"curies":[{"name":"wp","href":"https:\/\/api.w.org\/{rel}","templated":true}]}}