{"id":6310,"date":"2019-02-08T09:30:28","date_gmt":"2019-02-08T08:30:28","guid":{"rendered":"http:\/\/www.cgt-lkn.org\/bizkaia\/gestamp\/?p=6310"},"modified":"2019-02-08T09:30:28","modified_gmt":"2019-02-08T08:30:28","slug":"cgt-lanza-un-cortometraje-para-reivindicar-la-importancia-de-la-organizacion-sindical","status":"publish","type":"post","link":"https:\/\/www.cgt-lkn.org\/bizkaia-gestamp\/2019\/02\/08\/cgt-lanza-un-cortometraje-para-reivindicar-la-importancia-de-la-organizacion-sindical\/","title":{"rendered":"CGT lanza un cortometraje para reivindicar la importancia de la organizaci\u00f3n sindical"},"content":{"rendered":"<div class=\"meta clear-block\">\n<hr \/>\n<\/div>\n<div class=\"content column grid-10\">\n<div class=\"node-body\">\n<p>La Confederaci\u00f3n General del Trabajo (CGT) ha editado un cortometraje que lanzar\u00e1 el pr\u00f3ximo lunes, 11 de febrero a partir de las 12 de la ma\u00f1ana, en las principales redes sociales para reivindicar la importancia que tiene la organizaci\u00f3n sindical en la actualidad.<\/p>\n<p><img decoding=\"async\" src=\"http:\/\/rojoynegro.info\/sites\/default\/files\/imagecache\/nodo_logo_150\/funcion.jpg\" \/><\/p>\n<p>En esta ocasi\u00f3n, para la realizaci\u00f3n de este cortometraje, se han unido la productora Grupo Spcie Films donde se ha contado con Isabel Ruiz como directora de fotograf\u00eda y Manuel Torres como productor y realizador creativo. Igualmente se ha contado con la participaci\u00f3n del actor Juan Ceacero y la colaboraci\u00f3n de militantes de CGT para la realizaci\u00f3n de este cortometraje.<\/p>\n<p>El avance del v\u00eddeo se ha anunciado durante varios d\u00edas a trav\u00e9s de las redes sociales, e igualmente se emitir\u00e1 de forma oficial en las principales cuentas en redes sociales de la Confederaci\u00f3n General del Trabajo a partir del 11 de febrero de 2019.<\/p>\n<p>Gabinete de prensa del Comit\u00e9 Confederal de la CGT<\/p>\n<\/div>\n<\/div>\n","protected":false},"excerpt":{"rendered":"<div class=\"node-logo\">\n<div class=\"field field-type-filefield field-field-logo-articulo\">\n<div class=\"field-items\">\n<div class=\"field-item odd\"><img loading=\"lazy\" decoding=\"async\" class=\"imagecache imagecache-nodo_logo_150 imagecache-default imagecache-nodo_logo_150_default\" title=\"\" src=\"http:\/\/rojoynegro.info\/sites\/default\/files\/imagecache\/nodo_logo_150\/funcion.jpg\" alt=\"\" width=\"146\" height=\"150\" \/><\/div>\n<\/div>\n<\/div>\n<\/div>\n<div class=\"node-teaser\">\n<p>\u2018La Funci\u00f3n\u2019 se estrenar\u00e1 el pr\u00f3ximo 11 de febrero a trav\u00e9s de las redes sociales<\/p>\n<\/div>\n","protected":false},"author":72,"featured_media":0,"comment_status":"closed","ping_status":"open","sticky":false,"template":"","format":"standard","meta":{"footnotes":"","_links_to":"","_links_to_target":""},"categories":[1],"tags":[],"class_list":["post-6310","post","type-post","status-publish","format-standard","hentry","category-general"],"publishpress_future_action":{"enabled":false,"date":"2026-05-09 13:38:44","action":"change-status","newStatus":"draft","terms":[],"taxonomy":"category","extraData":[]},"publishpress_future_workflow_manual_trigger":{"enabledWorkflows":[]},"_links":{"self":[{"href":"https:\/\/www.cgt-lkn.org\/bizkaia-gestamp\/wp-json\/wp\/v2\/posts\/6310","targetHints":{"allow":["GET"]}}],"collection":[{"href":"https:\/\/www.cgt-lkn.org\/bizkaia-gestamp\/wp-json\/wp\/v2\/posts"}],"about":[{"href":"https:\/\/www.cgt-lkn.org\/bizkaia-gestamp\/wp-json\/wp\/v2\/types\/post"}],"author":[{"embeddable":true,"href":"https:\/\/www.cgt-lkn.org\/bizkaia-gestamp\/wp-json\/wp\/v2\/users\/72"}],"replies":[{"embeddable":true,"href":"https:\/\/www.cgt-lkn.org\/bizkaia-gestamp\/wp-json\/wp\/v2\/comments?post=6310"}],"version-history":[{"count":2,"href":"https:\/\/www.cgt-lkn.org\/bizkaia-gestamp\/wp-json\/wp\/v2\/posts\/6310\/revisions"}],"predecessor-version":[{"id":6312,"href":"https:\/\/www.cgt-lkn.org\/bizkaia-gestamp\/wp-json\/wp\/v2\/posts\/6310\/revisions\/6312"}],"wp:attachment":[{"href":"https:\/\/www.cgt-lkn.org\/bizkaia-gestamp\/wp-json\/wp\/v2\/media?parent=6310"}],"wp:term":[{"taxonomy":"category","embeddable":true,"href":"https:\/\/www.cgt-lkn.org\/bizkaia-gestamp\/wp-json\/wp\/v2\/categories?post=6310"},{"taxonomy":"post_tag","embeddable":true,"href":"https:\/\/www.cgt-lkn.org\/bizkaia-gestamp\/wp-json\/wp\/v2\/tags?post=6310"}],"curies":[{"name":"wp","href":"https:\/\/api.w.org\/{rel}","templated":true}]}}