{"id":6165,"date":"2018-12-02T10:10:30","date_gmt":"2018-12-02T09:10:30","guid":{"rendered":"http:\/\/www.cgt-lkn.org\/bizkaia\/gestamp\/?p=6165"},"modified":"2018-12-02T10:10:52","modified_gmt":"2018-12-02T09:10:52","slug":"mercedes-anuncia-otros-cuatro-dias-de-paron-en-la-planta-de-vitoria","status":"publish","type":"post","link":"https:\/\/www.cgt-lkn.org\/bizkaia-gestamp\/2018\/12\/02\/mercedes-anuncia-otros-cuatro-dias-de-paron-en-la-planta-de-vitoria\/","title":{"rendered":"Mercedes anuncia otros cuatro d\u00edas de par\u00f3n en la planta de Vitoria"},"content":{"rendered":"<p><img loading=\"lazy\" decoding=\"async\" class=\"alignleft\" src=\"https:\/\/static.elcorreo.com\/www\/multimedia\/201811\/29\/media\/cortadas\/mercedes-kPaE-U601727241646DwF-624x385@El%20Correo.jpg\" alt=\"Mercedes parar\u00c3\u00a1 otros cuatro d\u00c3\u00adas y su producci\u00c3\u00b3n se reducir\u00c3\u00a1 este a\u00c3\u00b1o a 146.000 veh\u00c3\u00adculos\" width=\"331\" height=\"204\" \/>M\u00e1s paradas de actividad en diciembre en la planta de\u00a0Mercedes Benz en Vitoria\u00a0debido a la ca\u00edda de pedidos por la &#8216;crisis del di\u00e9sel&#8217; y a la existencia de &#8216;stock&#8217; de los modelos Clase V y Vito que se fabrican en la capital alavesa. Y un nuevo descenso en la producci\u00f3n ser\u00e1 la consecuencia directa de estos parones. Porque\u00a0<strong>los d\u00edas 13, 14, 19 y 20 no tendr\u00e1n actividad en las l\u00edneas de pintura y montaje bruto y final<\/strong>\u00a0de la principal industria vasca y se suman al 21, en el que ya hab\u00eda quedado suspendido. Con el puente de diciembre y las vacaciones de Navidad de por medio, el calendario del mes que arranca ma\u00f1ana reduce a ocho las fechas productivas en la factor\u00eda automovil\u00edstica, mientras que el turno de noche tampoco se retomar\u00e1 hasta enero.<\/p>\n<p>La nueva cifra de producci\u00f3n prevista seg\u00fan el programa que manejan en la principal industria de\u00a0Euskadi\u00a0se reduce a 146.000 unidades,\u00a0<strong>1.900 menos de las planificadas hace un mes y 4.000 menos del dato con el que se cerr\u00f3 el pasado a\u00f1o<\/strong>, que supuso un r\u00e9cord en el lanzamiento de veh\u00edculos. Se esperaba que tambi\u00e9n fuera hist\u00f3rico este 2018, hasta que tras el verano la incertidumbre que comenzaba a rodear a los modelos di\u00e9sel se agrav\u00f3 de tal forma que los fabricantes de autom\u00f3viles reaccionaron con paradas en las l\u00edneas y en algunos casos con expedientes de regulaci\u00f3n de empleo.<\/p>\n<p>En el caso de Mercedes en\u00a0Vitoria\u00a0se aplicaron cinco d\u00edas de parada en octubre, los cuatro anteriores viernes de noviembre \u2013hoy ya no\u2013 y el 21 de diciembre, diez fechas en total a las que ahora se suman otras cuatro. Parece que la furgoneta Vito, sobre todo, y la Clase V han dejado de tener tan buena aceptaci\u00f3n en los mercados como consecuencia de\u00a0<strong>lo que consideran desde el sector de la automoci\u00f3n un \u00abataque\u00bb al\u00a0<\/strong>di\u00e9sel.<\/p>\n<p>A pesar de estos contratiempos, la direcci\u00f3n de la factor\u00eda alavesa considera que se trata de un\u00abbache\u00bb y\u00a0<strong>de cara a 2019 vuelve a elevar la cifra de producci\u00f3n a m\u00e1ximos hist\u00f3ricos, en concreto a 154.000 unidades<\/strong>. De hecho, la actividad en f\u00e1brica est\u00e1 ya programa desde el 3 de enero y a partir de mayo pr\u00e1cticamente todos los s\u00e1bados que tiene el calendario son fechas previstas para el montaje de veh\u00edculos.<\/p>\n","protected":false},"excerpt":{"rendered":"<p><a href=\"https:\/\/www.cgt-lkn.org\/bizkaia-gestamp\/?p=6165&amp;preview=true\"><img loading=\"lazy\" decoding=\"async\" class=\"alignleft\" src=\"https:\/\/static.elcorreo.com\/www\/multimedia\/201811\/29\/media\/cortadas\/mercedes-kPaE-U601727241646DwF-624x385@El%20Correo.jpg\" alt=\"Mercedes parar\u00c3\u00a1 otros cuatro d\u00c3\u00adas y su producci\u00c3\u00b3n se reducir\u00c3\u00a1 este a\u00c3\u00b1o a 146.000 veh\u00c3\u00adculos\" width=\"331\" height=\"204\" \/><\/a><\/p>\n<p>M\u00e1s paradas de actividad en diciembre en la planta de\u00a0Mercedes Benz en Vitoria\u00a0debido a la ca\u00edda de pedidos por la &#8216;crisis del di\u00e9sel&#8217; y a la existencia de &#8216;stock&#8217; de los modelos Clase V y Vito que se fabrican en la capital alavesa. Y un nuevo descenso en la producci\u00f3n ser\u00e1 la consecuencia directa de estos parones. Porque\u00a0<strong>los d\u00edas 13, 14, 19 y 20 no tendr\u00e1n actividad en las l\u00edneas de pintura y montaje bruto y final<\/strong>\u00a0de la principal industria vasca y se suman al 21, en el que ya hab\u00eda quedado suspendido. Con el puente de diciembre y las vacaciones de Navidad de por medio, el calendario del mes que arranca ma\u00f1ana reduce a ocho las fechas productivas en la factor\u00eda automovil\u00edstica, mientras que el turno de noche tampoco se retomar\u00e1 hasta enero.<\/p>\n<div class=\"teads-adCall\"><\/div>\n<p>&nbsp;<\/p>\n","protected":false},"author":72,"featured_media":0,"comment_status":"closed","ping_status":"open","sticky":false,"template":"","format":"standard","meta":{"footnotes":"","_links_to":"","_links_to_target":""},"categories":[1],"tags":[],"class_list":["post-6165","post","type-post","status-publish","format-standard","hentry","category-general"],"publishpress_future_action":{"enabled":false,"date":"2026-05-04 05:56:48","action":"change-status","newStatus":"draft","terms":[],"taxonomy":"category","extraData":[]},"publishpress_future_workflow_manual_trigger":{"enabledWorkflows":[]},"_links":{"self":[{"href":"https:\/\/www.cgt-lkn.org\/bizkaia-gestamp\/wp-json\/wp\/v2\/posts\/6165","targetHints":{"allow":["GET"]}}],"collection":[{"href":"https:\/\/www.cgt-lkn.org\/bizkaia-gestamp\/wp-json\/wp\/v2\/posts"}],"about":[{"href":"https:\/\/www.cgt-lkn.org\/bizkaia-gestamp\/wp-json\/wp\/v2\/types\/post"}],"author":[{"embeddable":true,"href":"https:\/\/www.cgt-lkn.org\/bizkaia-gestamp\/wp-json\/wp\/v2\/users\/72"}],"replies":[{"embeddable":true,"href":"https:\/\/www.cgt-lkn.org\/bizkaia-gestamp\/wp-json\/wp\/v2\/comments?post=6165"}],"version-history":[{"count":2,"href":"https:\/\/www.cgt-lkn.org\/bizkaia-gestamp\/wp-json\/wp\/v2\/posts\/6165\/revisions"}],"predecessor-version":[{"id":6167,"href":"https:\/\/www.cgt-lkn.org\/bizkaia-gestamp\/wp-json\/wp\/v2\/posts\/6165\/revisions\/6167"}],"wp:attachment":[{"href":"https:\/\/www.cgt-lkn.org\/bizkaia-gestamp\/wp-json\/wp\/v2\/media?parent=6165"}],"wp:term":[{"taxonomy":"category","embeddable":true,"href":"https:\/\/www.cgt-lkn.org\/bizkaia-gestamp\/wp-json\/wp\/v2\/categories?post=6165"},{"taxonomy":"post_tag","embeddable":true,"href":"https:\/\/www.cgt-lkn.org\/bizkaia-gestamp\/wp-json\/wp\/v2\/tags?post=6165"}],"curies":[{"name":"wp","href":"https:\/\/api.w.org\/{rel}","templated":true}]}}