{"id":6157,"date":"2018-12-02T09:48:53","date_gmt":"2018-12-02T08:48:53","guid":{"rendered":"http:\/\/www.cgt-lkn.org\/bizkaia\/gestamp\/?p=6157"},"modified":"2018-12-02T09:59:43","modified_gmt":"2018-12-02T08:59:43","slug":"erte-en-volkswagen-de-navarra","status":"publish","type":"post","link":"https:\/\/www.cgt-lkn.org\/bizkaia-gestamp\/2018\/12\/02\/erte-en-volkswagen-de-navarra\/","title":{"rendered":"ERTE en Volkswagen de Navarra"},"content":{"rendered":"<p style=\"text-align: left\">ERTE en Volkswagen de Navarra: A causa del \u201cDiesel Gate\u201d (Trucaje de los motores di\u00e9sel de m\u00e1s de 11 millones de veh\u00edculos para falsear las emisiones de gases) Volkswagen se encuentra sin capacidad para entregar todos los motores necesarios en las diferentes cadenas de montaje. Esta falta de motores ha producido, de momento, un ERTE de 8 d\u00edas en la factor\u00eda de Navarra<\/p>\n<p><iframe loading=\"lazy\" title=\"#RNtvLuchaVolkswagen\" width=\"700\" height=\"394\" src=\"https:\/\/www.youtube.com\/embed\/FfhYJfcH4vw?feature=oembed\" frameborder=\"0\" allow=\"accelerometer; autoplay; clipboard-write; encrypted-media; gyroscope; picture-in-picture\" allowfullscreen><\/iframe><\/p>\n","protected":false},"excerpt":{"rendered":"<p><a href=\"https:\/\/youtu.be\/FfhYJfcH4vw\"><img loading=\"lazy\" decoding=\"async\" class=\"size-full wp-image-6161 alignleft\" src=\"https:\/\/www.cgt-lkn.org\/wp-content\/uploads\/sites\/20\/2018\/12\/rn.jpg\" alt=\"\" width=\"600\" height=\"336\" srcset=\"https:\/\/www.cgt-lkn.org\/bizkaia-gestamp\/wp-content\/uploads\/sites\/20\/2018\/12\/rn.jpg 600w, https:\/\/www.cgt-lkn.org\/bizkaia-gestamp\/wp-content\/uploads\/sites\/20\/2018\/12\/rn-300x168.jpg 300w, https:\/\/www.cgt-lkn.org\/bizkaia-gestamp\/wp-content\/uploads\/sites\/20\/2018\/12\/rn-150x84.jpg 150w, https:\/\/www.cgt-lkn.org\/bizkaia-gestamp\/wp-content\/uploads\/sites\/20\/2018\/12\/rn-400x224.jpg 400w\" sizes=\"auto, (max-width: 600px) 100vw, 600px\" \/><\/a>ERTE en Volkswagen de Navarra: A causa del \u201cDiesel Gate\u201d (Trucaje de los motores di\u00e9sel de m\u00e1s de 11 millones de veh\u00edculos para falsear las emisiones de gases) Volkswagen se encuentra sin capacidad para entregar todos los motores necesarios en las diferentes cadenas de montaje. Esta falta de motores ha producido, de momento, un ERTE de 8 d\u00edas en la factor\u00eda de Navarra<\/p>\n","protected":false},"author":72,"featured_media":0,"comment_status":"closed","ping_status":"open","sticky":false,"template":"","format":"standard","meta":{"footnotes":"","_links_to":"","_links_to_target":""},"categories":[5,29],"tags":[],"class_list":["post-6157","post","type-post","status-publish","format-standard","hentry","category-automocion","category-volkswagen"],"publishpress_future_action":{"enabled":false,"date":"2026-05-04 08:10:16","action":"change-status","newStatus":"draft","terms":[],"taxonomy":"category","extraData":[]},"publishpress_future_workflow_manual_trigger":{"enabledWorkflows":[]},"_links":{"self":[{"href":"https:\/\/www.cgt-lkn.org\/bizkaia-gestamp\/wp-json\/wp\/v2\/posts\/6157","targetHints":{"allow":["GET"]}}],"collection":[{"href":"https:\/\/www.cgt-lkn.org\/bizkaia-gestamp\/wp-json\/wp\/v2\/posts"}],"about":[{"href":"https:\/\/www.cgt-lkn.org\/bizkaia-gestamp\/wp-json\/wp\/v2\/types\/post"}],"author":[{"embeddable":true,"href":"https:\/\/www.cgt-lkn.org\/bizkaia-gestamp\/wp-json\/wp\/v2\/users\/72"}],"replies":[{"embeddable":true,"href":"https:\/\/www.cgt-lkn.org\/bizkaia-gestamp\/wp-json\/wp\/v2\/comments?post=6157"}],"version-history":[{"count":5,"href":"https:\/\/www.cgt-lkn.org\/bizkaia-gestamp\/wp-json\/wp\/v2\/posts\/6157\/revisions"}],"predecessor-version":[{"id":6164,"href":"https:\/\/www.cgt-lkn.org\/bizkaia-gestamp\/wp-json\/wp\/v2\/posts\/6157\/revisions\/6164"}],"wp:attachment":[{"href":"https:\/\/www.cgt-lkn.org\/bizkaia-gestamp\/wp-json\/wp\/v2\/media?parent=6157"}],"wp:term":[{"taxonomy":"category","embeddable":true,"href":"https:\/\/www.cgt-lkn.org\/bizkaia-gestamp\/wp-json\/wp\/v2\/categories?post=6157"},{"taxonomy":"post_tag","embeddable":true,"href":"https:\/\/www.cgt-lkn.org\/bizkaia-gestamp\/wp-json\/wp\/v2\/tags?post=6157"}],"curies":[{"name":"wp","href":"https:\/\/api.w.org\/{rel}","templated":true}]}}