{"id":6007,"date":"2018-08-31T14:26:50","date_gmt":"2018-08-31T12:26:50","guid":{"rendered":"http:\/\/www.cgt-lkn.org\/bizkaia\/gestamp\/?p=6007"},"modified":"2018-09-14T10:26:10","modified_gmt":"2018-09-14T08:26:10","slug":"ertre-vw-navarra-comunicado-de-cgt-y-otra-ronda-que-pagamos","status":"publish","type":"post","link":"https:\/\/www.cgt-lkn.org\/bizkaia-gestamp\/2018\/08\/31\/ertre-vw-navarra-comunicado-de-cgt-y-otra-ronda-que-pagamos\/","title":{"rendered":"ERTE VW NAVARRA: COMUNICADO DE CGT \u00a1Y OTRA RONDA QUE PAGAMOS!"},"content":{"rendered":"<p style=\"font-weight: 400\">Ya se ha acabado el teatro, el Expediente de Regulaci\u00f3n Temporal de Empleo (ERTE), ha sido firmado por UGT y CCOO. Esta obra de teatro ha constado de dos actos.<\/p>\n<p style=\"font-weight: 400\">En el primer Acto todos los sindicatos defendimos que era la empresa quien deb\u00eda asumir el costo del cierre de esos d\u00edas. La dura posici\u00f3n de UGT (consensuada con la Direcci\u00f3n), que dec\u00eda que l@s trabajador@s no iban a pagar ni en A ni en B precipit\u00f3 sin ning\u00fan tipo de debate que la empresa decidiera ir al ERTE. Como el calendario de septiembre era fijo no se han querido arriesgar a activar la bolsa, por si alguien impugnaba el calendario\u2026.<\/p>\n<p style=\"font-weight: 400\">Desde la Reforma Laboral de 2012, los expedientes de Regulaci\u00f3n Temporal de Empleo facilita a las empresas su imposici\u00f3n ya que los organismos p\u00fablicos no los rechazan, simplemente valoran los tr\u00e1mites sujetos a normativa y la Inspecci\u00f3n de Trabajo emite un informe donde valora la falta de documentaci\u00f3n aportada y solo en casos donde se demuestre el Dolo, Fraude, Coacci\u00f3n o Abuso de Derecho puedan ser rechazados.<\/p>\n<p style=\"font-weight: 400\">Y aqu\u00ed\u00a0\u00a0comienza el segundo acto, orquestado al m\u00ednimo detalle. Con un calendario para la\u00a0\u00a0negociaci\u00f3n de 4 d\u00edas, todo seguido. \u00a1Y por si no fuera poco, nos ha sobrado uno!<\/p>\n<p style=\"font-weight: 400\">Desde que se dijo que no lo \u00edbamos a pagar l@s trabajador@s, a negociar el ERTE solo pas\u00f3 un segundo. Desde que la empresa presenta una propuesta con complementos, a la presentaci\u00f3n de la propuesta de UGT y CCOO con complementos solo pasa un segundo.<\/p>\n<p style=\"font-weight: 400\">Con la negativa de los que a la postre acabaron firmando (el ERTE) a hacer Asambleas Generales de todo el Comit\u00e9, si, ya sabemos que pod\u00eda favorecer a la empresa una p\u00e9rdida de producci\u00f3n por Asambleas, pero\u00a0<strong>en C.G.T. nos parece muy importante discutir esta situaci\u00f3n entre los trabajadores, cosa que a UGT y CCOO no les importa, y llevan a\u00f1os demostr\u00e1ndolo, como si tuvieran miedo de dar la cara ante toda la plantilla.<\/strong><\/p>\n<p style=\"font-weight: 400\"><strong>Desde C.G.T. no vamos a hacer un an\u00e1lisis del acuerdo firmado y de las prestaciones que aporta la empresa cuando entendemos que Volkswagen se deber\u00eda de haber hecho cargo de una situaci\u00f3n que no deja de ser un Paro T\u00e9cnico<\/strong>.\u00a0<strong>Y el ERTE le supone un gran ahorro. En C.G.T. no \u00edbamos a entrar a negociar algo que ni queremos, ni se necesita, ni es \u00e9tico.<\/strong><\/p>\n<p style=\"font-weight: 400\">La situaci\u00f3n de la empresa es boyante, este a\u00f1o vamos a hacer 50.000 Polos m\u00e1s que el a\u00f1o pasado y unas previsi\u00f3n de beneficios de 65 millones, un 16% m\u00e1s que el a\u00f1o anterior que fue de\u00a0\u00a056 millones de \u20ac. En lo que va de a\u00f1o el Consorcio lleva 6.600 millones de beneficios, con 5,7 millones de coches vendidos y\u00a0\u00a0l\u00edderes en ventas a nivel mundial.<\/p>\n<p style=\"font-weight: 400\"><strong>No puede ser que una multinacional con estos n\u00fameros sea capaz de esquilmar las arcas p\u00fablicas por un problema de la que solo ella es la responsable<\/strong>. Ella decide a qui\u00e9n da motores y a qui\u00e9n no da. Curiosamente l@s m\u00e1s perjudicados de este reparto hemos sido Pamplona y Barcelona. \u00bfSer\u00e1 una pataleta de Volkswagen por los 80 millones de \u20ac del rejuvenecimiento que ya no van a llegar?<\/p>\n<p style=\"font-weight: 400\">Y m\u00e1s curioso todav\u00eda es que s\u00f3lo afecta este problema al Grupo Volkswagen, las dem\u00e1s marcas del sector en el Estado no tienen problemas porque hab\u00edan hecho los deberes antes de la fecha l\u00edmite del 1 de septiembre de 2018.<a href=\"https:\/\/www.cgt-lkn.org\/wp-content\/uploads\/sites\/20\/2013\/03\/vw.jpg\"><img loading=\"lazy\" decoding=\"async\" class=\"size-full wp-image-1797 alignleft\" src=\"https:\/\/www.cgt-lkn.org\/wp-content\/uploads\/sites\/20\/2013\/03\/vw.jpg\" alt=\"\" width=\"199\" height=\"253\" \/><\/a><\/p>\n<p style=\"font-weight: 400\">\u00bfAcaso Volkswagen y su poderoso Lobby financiero, pretend\u00edan imponer a la Comunidad Europea una moratoria porque no han puesto los medios necesarios para llegar a tiempo a las homologaciones WLTP? Desde el a\u00f1o pasado sab\u00edan\u00a0\u00a0que ten\u00edan que hacer las homologaciones. Han tenido el mismo tiempo que el resto de fabricantes.<\/p>\n<p style=\"font-weight: 400\">Ya\u00a0sab\u00edan que las tendencias de los motores di\u00e9sel iban en ca\u00edda libre a consecuencias del di\u00e9sel-gate y sin embargo siguieron apostando por este tipo de motor.<\/p>\n<p style=\"font-weight: 400\">L@s \u00faltim@s dirigentes del Consorcio est\u00e1n\u00a0\u00a0investigados, algunos con las cuentas en Suiza intervenidas e incluso algun@ que otr@ en la c\u00e1rcel. Mal ambiente por Alemania. Malos humos. Todo esto le est\u00e1 costando al Consorcio m\u00e1s de 25.000 millones de euros y lo que falta por aparecer del resto de denuncias pendientes en Europa y otras partes del mundo.<\/p>\n<p style=\"font-weight: 400\">Y a la primera de cambio se fijan en Volkswagen Navarra para ver de d\u00f3nde pueden sacar tajada con esta falta de motores. Evidentemente, en Volkswagen Navarra seguimos siendo un laboratorio y la plantilla sus cobayas. No s\u00f3lo para temas t\u00e9cnicos y de producci\u00f3n sino tambi\u00e9n de comportamiento social y respuesta ante las agresiones que sufrimos constantemente los trabajador@s.<\/p>\n<p style=\"font-weight: 400\"><strong>C.G.T. ha preparado un Informe Contradictorio al ERTE para presentar donde corresponda aunque al final la resoluci\u00f3n sea jur\u00eddica. Pero los trabajador@s algo tendremos que decir y hacer; vamos a tratar por todos los medios de organizar con aquellos sindicatos, organizaciones y\/o trabajador@s que est\u00e9n dispuestas, las acciones que consideremos oportunas ante este fraudulento ERTE<\/strong>.<\/p>\n<p style=\"font-weight: 400\">Esperamos tambi\u00e9n de l@s responsables pol\u00edticos de esta comunidad una actitud clara y tajante ante los chantajes a los que puedan ser sometidos.<\/p>\n<p style=\"font-weight: 400\"><strong>No podemos permitir que se privaticen los beneficios y socialicen las p\u00e9rdidas<\/strong>.<\/p>\n<p style=\"font-weight: 400\">Salud.\u00a0\u00a0\u00a0\u00a0\u00a0\u00a0\u00a0\u00a0\u00a0\u00a0\u00a0\u00a0\u00a0\u00a0\u00a0\u00a0\u00a0\u00a0\u00a0\u00a0\u00a0\u00a0\u00a0\u00a0\u00a0\u00a0\u00a0\u00a0\u00a0\u00a0Landaben, a 31 de Agosto de 2018.<\/p>\n","protected":false},"excerpt":{"rendered":"<p style=\"font-weight: 400\"><strong><a href=\"https:\/\/www.cgt-lkn.org\/wp-content\/uploads\/sites\/20\/2013\/03\/vw.jpg\"><img loading=\"lazy\" decoding=\"async\" class=\"size-full wp-image-1797 alignleft\" src=\"https:\/\/www.cgt-lkn.org\/wp-content\/uploads\/sites\/20\/2013\/03\/vw.jpg\" alt=\"\" width=\"199\" height=\"253\" \/><\/a>C.G.T. ha preparado un Informe Contradictorio al ERTE para presentar donde corresponda aunque al final la resoluci\u00f3n sea jur\u00eddica. Pero los trabajador@s algo tendremos que decir y hacer; vamos a tratar por todos los medios de organizar con aquellos sindicatos, organizaciones y\/o trabajador@s que est\u00e9n dispuestas, las acciones que consideremos oportunas ante este fraudulento ERTE<\/strong>.<\/p>\n<p style=\"font-weight: 400\">Esperamos tambi\u00e9n de l@s responsables pol\u00edticos de esta comunidad una actitud clara y tajante ante los chantajes a los que puedan ser sometidos.<\/p>\n<p style=\"font-weight: 400\"><strong>No podemos permitir que se privaticen los beneficios y socialicen las p\u00e9rdidas<\/strong>.<\/p>\n","protected":false},"author":72,"featured_media":0,"comment_status":"closed","ping_status":"open","sticky":false,"template":"","format":"standard","meta":{"footnotes":"","_links_to":"","_links_to_target":""},"categories":[5,8,29],"tags":[],"class_list":["post-6007","post","type-post","status-publish","format-standard","hentry","category-automocion","category-coordinadora-de-automocion","category-volkswagen"],"publishpress_future_action":{"enabled":false,"date":"2026-05-09 15:05:15","action":"change-status","newStatus":"draft","terms":[],"taxonomy":"category","extraData":[]},"publishpress_future_workflow_manual_trigger":{"enabledWorkflows":[]},"_links":{"self":[{"href":"https:\/\/www.cgt-lkn.org\/bizkaia-gestamp\/wp-json\/wp\/v2\/posts\/6007","targetHints":{"allow":["GET"]}}],"collection":[{"href":"https:\/\/www.cgt-lkn.org\/bizkaia-gestamp\/wp-json\/wp\/v2\/posts"}],"about":[{"href":"https:\/\/www.cgt-lkn.org\/bizkaia-gestamp\/wp-json\/wp\/v2\/types\/post"}],"author":[{"embeddable":true,"href":"https:\/\/www.cgt-lkn.org\/bizkaia-gestamp\/wp-json\/wp\/v2\/users\/72"}],"replies":[{"embeddable":true,"href":"https:\/\/www.cgt-lkn.org\/bizkaia-gestamp\/wp-json\/wp\/v2\/comments?post=6007"}],"version-history":[{"count":2,"href":"https:\/\/www.cgt-lkn.org\/bizkaia-gestamp\/wp-json\/wp\/v2\/posts\/6007\/revisions"}],"predecessor-version":[{"id":6019,"href":"https:\/\/www.cgt-lkn.org\/bizkaia-gestamp\/wp-json\/wp\/v2\/posts\/6007\/revisions\/6019"}],"wp:attachment":[{"href":"https:\/\/www.cgt-lkn.org\/bizkaia-gestamp\/wp-json\/wp\/v2\/media?parent=6007"}],"wp:term":[{"taxonomy":"category","embeddable":true,"href":"https:\/\/www.cgt-lkn.org\/bizkaia-gestamp\/wp-json\/wp\/v2\/categories?post=6007"},{"taxonomy":"post_tag","embeddable":true,"href":"https:\/\/www.cgt-lkn.org\/bizkaia-gestamp\/wp-json\/wp\/v2\/tags?post=6007"}],"curies":[{"name":"wp","href":"https:\/\/api.w.org\/{rel}","templated":true}]}}