{"id":5989,"date":"2018-08-08T08:51:09","date_gmt":"2018-08-08T06:51:09","guid":{"rendered":"http:\/\/www.cgt-lkn.org\/bizkaia\/gestamp\/?p=5989"},"modified":"2018-08-08T16:39:11","modified_gmt":"2018-08-08T14:39:11","slug":"las-familias-con-un-segundo-hijo-pueden-solicitar-desde-hoy-la-ayuda-extra","status":"publish","type":"post","link":"https:\/\/www.cgt-lkn.org\/bizkaia-gestamp\/2018\/08\/08\/las-familias-con-un-segundo-hijo-pueden-solicitar-desde-hoy-la-ayuda-extra\/","title":{"rendered":"Las familias con un segundo hijo pueden solicitar desde hoy la ayuda extra"},"content":{"rendered":"<p><img loading=\"lazy\" decoding=\"async\" class=\"alignleft\" src=\"https:\/\/static3.diariovasco.com\/www\/multimedia\/201808\/07\/media\/cortadas\/36913286-ksfD-U60568154563aKB-624x385@Diario%20Vasco.JPG\" alt=\"Un padre muestra el mar a su beb\u00c3\u00a9 en una playa. \/\" width=\"331\" height=\"204\" \/><\/p>\n<p>El nuevo decreto de ayudas econ\u00f3micas de apoyo a las\u00a0<strong>familias con hijos<\/strong>\u00a0se public\u00f3 este pasado lunes en el bolet\u00edn oficial vasco y, a partir de hoy, las familias podr\u00e1n solicitar la subvenci\u00f3n que ampl\u00eda de dos a tres las anualidades por\u00a0<strong>segundo hijo<\/strong>. Lo explic\u00f3 el director de Pol\u00edticas Familiares y Diversidad, Ernesto Sainz Lanchares, que record\u00f3 que la medida tiene efectos retroactivos, de manera que tambi\u00e9n se aplicar\u00e1 a todas aquellas familias con hijos que, siendo segundos, cumplan dos a\u00f1os de edad a lo largo de este 2018.<\/p>\n<p>\u00abHacemos hincapi\u00e9 en los nacidos en 2016 porque no queremos que ninguna familia se quede sin cobrar la ayuda y van a tener de<strong>\u00a0plazo para solicitarla hasta el 31 de diciembre<\/strong>\u00a0de este a\u00f1o\u00bb, se\u00f1al\u00f3 .<\/p>\n<p>Seg\u00fan el decreto aprobado por el Gobierno Vasco,\u00a0<strong>el segundo hijo dar\u00e1 derecho al cobro de una anualidad m\u00e1s de ayuda<\/strong>\u00a0en el a\u00f1o en el que ni\u00f1o cumpla 2 a\u00f1os, que oscilar\u00e1 entre 900 y 400 euros en funci\u00f3n de la renta familiar estandarizada. En la actual normativa las ayudas por segundo hijo se cobraban al nacimiento y al cumplir un a\u00f1o.<\/p>\n<p>Para este 2018 se han previsto 5,5 millones de euros de dotaci\u00f3n y el n\u00famero de familias est\u00e1 previsto que se acojan a la ayuda por segundo hijo es de 6.800, aproximadamente.<\/p>\n<p>Para una renta familiar estandarizada igual o inferior a 20.000 euros, la cuant\u00eda de la ayuda extra es de 900 euros; para una superior a 20.000 e igual o inferior a 30.000 euros, es 500 euros; y para una superior a 30.000 es de 400 euros. En total, los hogares que en 2016 dieron la bienvenida a su segundo beb\u00e9 ser\u00e1n los primeros en beneficiarse y<strong>\u00a0cobrar\u00e1n entre 1.200 y 2.700 euros<\/strong>\u00a0en total, lo que supone un 50% m\u00e1s que hasta ahora.<\/p>\n<p>Entre las novedades introducidas en el decreto, se incluye en el\u00a0<strong>c\u00f3mputo de hijos a los mayores de 18 a\u00f1os y menores de 25 a\u00f1os<\/strong>\u00a0que viven en el domicilio familiar y dependen econ\u00f3micamente de sus progenitores.<\/p>\n<p>El director de Pol\u00edticas Familiares y Diversidad apost\u00f3 por \u00abseguir dando pasos\u00bb en el<strong>\u00a0apoyo a las familias\u00a0<\/strong>e indic\u00f3, en este sentido, que este a\u00f1o se inicia la modificaci\u00f3n del decreto de ayudas a la conciliaci\u00f3n y se espera que el a\u00f1o que viene \u00abpor estas fechas\u00bb se ponga en marcha el decreto de las ayudas al\u00a0<strong>permiso de paternidad\u00a0<\/strong>para el c\u00f3nyuge no gestante, que permitir\u00e1 a los padres acogerse a una excedencia de once semanas, retribuidas por el\u00a0<strong>Gobierno Vasco<\/strong>, que se sumar\u00e1n a las cinco semanas de permiso a cargo de la\u00a0<strong>Seguridad Social<\/strong>\u00a0\u00abVamos en la buena direcci\u00f3n\u00bb, concluy\u00f3.<\/p>\n<p>&nbsp;<\/p>\n<p>Fuente:\u00a0https:\/\/www.diariovasco.com\/sociedad\/familias-segundo-hijo-20180807002009-ntvo.html<\/p>\n","protected":false},"excerpt":{"rendered":"<p><a href=\"https:\/\/www.cgt-lkn.org\/bizkaia-gestamp\/?p=5989&amp;preview=true\"><img loading=\"lazy\" decoding=\"async\" class=\"alignleft\" src=\"https:\/\/static3.diariovasco.com\/www\/multimedia\/201808\/07\/media\/cortadas\/36913286-ksfD-U60568154563aKB-624x385@Diario%20Vasco.JPG\" alt=\"Un padre muestra el mar a su beb\u00c3\u00a9 en una playa. \/\" width=\"331\" height=\"204\" \/><\/a><\/p>\n<p>El nuevo decreto de ayudas econ\u00f3micas de apoyo a las\u00a0<strong>familias con hijos<\/strong>\u00a0se public\u00f3 este pasado lunes en el bolet\u00edn oficial vasco y, a partir de hoy, las familias podr\u00e1n solicitar la subvenci\u00f3n que ampl\u00eda de dos a tres las anualidades por\u00a0<strong>segundo hijo<\/strong>.<\/p>\n<p>&nbsp;<\/p>\n<p>Fuente:\u00a0https:\/\/www.diariovasco.com<\/p>\n","protected":false},"author":72,"featured_media":0,"comment_status":"closed","ping_status":"open","sticky":false,"template":"","format":"standard","meta":{"footnotes":"","_links_to":"","_links_to_target":""},"categories":[1,22,28],"tags":[],"class_list":["post-5989","post","type-post","status-publish","format-standard","hentry","category-general","category-en-la-prensa","category-social"],"publishpress_future_action":{"enabled":false,"date":"2026-05-09 15:05:40","action":"change-status","newStatus":"draft","terms":[],"taxonomy":"category","extraData":[]},"publishpress_future_workflow_manual_trigger":{"enabledWorkflows":[]},"_links":{"self":[{"href":"https:\/\/www.cgt-lkn.org\/bizkaia-gestamp\/wp-json\/wp\/v2\/posts\/5989","targetHints":{"allow":["GET"]}}],"collection":[{"href":"https:\/\/www.cgt-lkn.org\/bizkaia-gestamp\/wp-json\/wp\/v2\/posts"}],"about":[{"href":"https:\/\/www.cgt-lkn.org\/bizkaia-gestamp\/wp-json\/wp\/v2\/types\/post"}],"author":[{"embeddable":true,"href":"https:\/\/www.cgt-lkn.org\/bizkaia-gestamp\/wp-json\/wp\/v2\/users\/72"}],"replies":[{"embeddable":true,"href":"https:\/\/www.cgt-lkn.org\/bizkaia-gestamp\/wp-json\/wp\/v2\/comments?post=5989"}],"version-history":[{"count":3,"href":"https:\/\/www.cgt-lkn.org\/bizkaia-gestamp\/wp-json\/wp\/v2\/posts\/5989\/revisions"}],"predecessor-version":[{"id":5994,"href":"https:\/\/www.cgt-lkn.org\/bizkaia-gestamp\/wp-json\/wp\/v2\/posts\/5989\/revisions\/5994"}],"wp:attachment":[{"href":"https:\/\/www.cgt-lkn.org\/bizkaia-gestamp\/wp-json\/wp\/v2\/media?parent=5989"}],"wp:term":[{"taxonomy":"category","embeddable":true,"href":"https:\/\/www.cgt-lkn.org\/bizkaia-gestamp\/wp-json\/wp\/v2\/categories?post=5989"},{"taxonomy":"post_tag","embeddable":true,"href":"https:\/\/www.cgt-lkn.org\/bizkaia-gestamp\/wp-json\/wp\/v2\/tags?post=5989"}],"curies":[{"name":"wp","href":"https:\/\/api.w.org\/{rel}","templated":true}]}}