{"id":5688,"date":"2018-02-23T11:47:41","date_gmt":"2018-02-23T10:47:41","guid":{"rendered":"http:\/\/www.cgt-lkn.org\/bizkaia\/gestamp\/?p=5688"},"modified":"2018-04-10T17:49:03","modified_gmt":"2018-04-10T15:49:03","slug":"comunicado-de-la-cgt-de-sallent-en-solidaridad-con-anna-gabriel","status":"publish","type":"post","link":"https:\/\/www.cgt-lkn.org\/bizkaia-gestamp\/2018\/02\/23\/comunicado-de-la-cgt-de-sallent-en-solidaridad-con-anna-gabriel\/","title":{"rendered":"Comunicado de la CGT de Sallent en solidaridad con Anna Gabriel"},"content":{"rendered":"<p><img loading=\"lazy\" decoding=\"async\" class=\"alignleft\" src=\"https:\/\/www.cgt-lkn.org\/wp-content\/uploads\/2018\/02\/arton12764-73032-200x134.jpg\" width=\"331\" height=\"222\" \/><\/p>\n<p>La ola represiva que se est\u00e1 extendiendo por todo el Estado espa\u00f1ol, y que en Catalu\u00f1a se ha agudizado m\u00e1s con la aplicaci\u00f3n del art\u00edculo 155, est\u00e1 llenando las c\u00e1rceles de gente s\u00f3lo pe decir lo que piensan y para denunciar este estado corrupto, podrido y policial hasta las cejas.<\/p>\n<p>Son muchos los afiliados de la CGT a los que ha llegado esta ola, uno de ellos nuestro Secretario General Ermengol Gassiot.\u00a0Ahora esta represi\u00f3n ha llegado a nuestra vecina, compa\u00f1era y afiliada Anna Gabriel, que ha tenido que exiliarse para no sufrir la injusticia espa\u00f1ola, que aprisiona las personas s\u00f3lo por defender pac\u00edficamente el derecho de Autodeterminaci\u00f3n.<\/p>\n<p>Sallent, con la CGT como uno m\u00e1s, es un pu\u00f1o cerrado pidiendo el retorno de nuestra vecina, ya la CGT no vamos a parar hasta que nuestra compa\u00f1era pueda pasear libremente por las calles defendiendo la libertad nacional y social de los trabajadores y trabajadoras.<\/p>\n<p>En CGT no abandonamos a nadie, aunque recordemos a Anna luchando con los mineros como una m\u00e1s y reivindicando los derechos de la clase obrera.\u00a0Eres una de las nuestras.<\/p>\n<p>Si tocan a Anna nos tocan a todas.<\/p>\n<p><strong>Federaci\u00f3n Local CGT Sallent<\/strong><br \/>\nSindicatos de Actividades Diversas y de Miner\u00eda<\/p>\n<p>Sallent, 22 de febrero de 2018<\/p>\n","protected":false},"excerpt":{"rendered":"<p><a href=\"https:\/\/www.cgt-lkn.org\/bizkaia-gestamp\/?p=5688&amp;preview=true\"><img loading=\"lazy\" decoding=\"async\" class=\"alignleft\" src=\"https:\/\/www.cgt-lkn.org\/wp-content\/uploads\/2018\/02\/arton12764-73032-200x134.jpg\" width=\"330\" height=\"221\" \/><\/a><\/p>\n<p>La ola represiva que se est\u00e1 extendiendo por todo el Estado espa\u00f1ol, y que en Catalu\u00f1a se ha agudizado m\u00e1s con la aplicaci\u00f3n del art\u00edculo 155, est\u00e1 llenando las c\u00e1rceles de gente s\u00f3lo pe decir lo que piensan y para denunciar este estado corrupto, podrido y policial hasta las cejas.<\/p>\n<p>Son muchos los afiliados de la CGT a los que ha llegado esta ola, uno de ellos nuestro Secretario General Ermengol Gassiot. Ahora esta represi\u00f3n ha llegado a nuestra vecina, compa\u00f1era y afiliada Anna Gabriel, que ha tenido que exiliarse para no sufrir la injusticia espa\u00f1ola, que aprisiona las personas s\u00f3lo por defender pac\u00edficamente el derecho de Autodeterminaci\u00f3n.<\/p>\n","protected":false},"author":72,"featured_media":0,"comment_status":"closed","ping_status":"open","sticky":false,"template":"","format":"standard","meta":{"footnotes":"","_links_to":"","_links_to_target":""},"categories":[1,77],"tags":[78],"class_list":["post-5688","post","type-post","status-publish","format-standard","hentry","category-general","category-represion","tag-represion"],"publishpress_future_action":{"enabled":false,"date":"2026-05-02 09:42:31","action":"change-status","newStatus":"draft","terms":[],"taxonomy":"category","extraData":[]},"publishpress_future_workflow_manual_trigger":{"enabledWorkflows":[]},"_links":{"self":[{"href":"https:\/\/www.cgt-lkn.org\/bizkaia-gestamp\/wp-json\/wp\/v2\/posts\/5688","targetHints":{"allow":["GET"]}}],"collection":[{"href":"https:\/\/www.cgt-lkn.org\/bizkaia-gestamp\/wp-json\/wp\/v2\/posts"}],"about":[{"href":"https:\/\/www.cgt-lkn.org\/bizkaia-gestamp\/wp-json\/wp\/v2\/types\/post"}],"author":[{"embeddable":true,"href":"https:\/\/www.cgt-lkn.org\/bizkaia-gestamp\/wp-json\/wp\/v2\/users\/72"}],"replies":[{"embeddable":true,"href":"https:\/\/www.cgt-lkn.org\/bizkaia-gestamp\/wp-json\/wp\/v2\/comments?post=5688"}],"version-history":[{"count":2,"href":"https:\/\/www.cgt-lkn.org\/bizkaia-gestamp\/wp-json\/wp\/v2\/posts\/5688\/revisions"}],"predecessor-version":[{"id":5690,"href":"https:\/\/www.cgt-lkn.org\/bizkaia-gestamp\/wp-json\/wp\/v2\/posts\/5688\/revisions\/5690"}],"wp:attachment":[{"href":"https:\/\/www.cgt-lkn.org\/bizkaia-gestamp\/wp-json\/wp\/v2\/media?parent=5688"}],"wp:term":[{"taxonomy":"category","embeddable":true,"href":"https:\/\/www.cgt-lkn.org\/bizkaia-gestamp\/wp-json\/wp\/v2\/categories?post=5688"},{"taxonomy":"post_tag","embeddable":true,"href":"https:\/\/www.cgt-lkn.org\/bizkaia-gestamp\/wp-json\/wp\/v2\/tags?post=5688"}],"curies":[{"name":"wp","href":"https:\/\/api.w.org\/{rel}","templated":true}]}}