{"id":5684,"date":"2018-02-23T11:39:23","date_gmt":"2018-02-23T10:39:23","guid":{"rendered":"http:\/\/www.cgt-lkn.org\/bizkaia\/gestamp\/?p=5684"},"modified":"2018-02-23T11:39:23","modified_gmt":"2018-02-23T10:39:23","slug":"cgt-lkn-de-euskal-herria-presenta-al-departamento-de-trabajo-y-justicia-del-gobierno-vasco-el-preaviso-de-huelga-general-de-24-horas-para-el-8-de-marzo","status":"publish","type":"post","link":"https:\/\/www.cgt-lkn.org\/bizkaia-gestamp\/2018\/02\/23\/cgt-lkn-de-euskal-herria-presenta-al-departamento-de-trabajo-y-justicia-del-gobierno-vasco-el-preaviso-de-huelga-general-de-24-horas-para-el-8-de-marzo\/","title":{"rendered":"CGT-LKN de Euskal Herria presenta al Departamento de Trabajo y Justicia del Gobierno Vasco el preaviso de Huelga General de 24 horas para el 8 de marzo"},"content":{"rendered":"<p><img decoding=\"async\" class=\"alignleft\" src=\"https:\/\/www.cgt-lkn.org\/wp-content\/uploads\/2018\/02\/P1080246-300x225.jpg\" \/><\/p>\n<p>Con la presentaci\u00f3n de este preaviso de Huelga General, de conformidad con el Real Decreto \u2013 Ley 17\/1977, de 4 de marzo,<strong>\u00a0todos las trabajadoras y trabajadores de empresas y organismos encargados de servicios p\u00fablicos, sin distinci\u00f3n alguna de situaci\u00f3n laboral, sexo, edad o condici\u00f3n social, tienen garantizado el derecho a secundar la Huelga General del 8 de Marzo<\/strong>, desde las 00 horas hasta\u00a0 las 24 de este d\u00eda.<\/p>\n<p>Ante la ineficacia por parte del Gobierno Central y Vasco a la hora de desarrollar y aplicar pol\u00edticas p\u00fablicas reales y eficaces para la igualdad material y efectiva de la mujer en el \u00e1mbito laboral y, por tanto, en el social y econ\u00f3mico, as\u00ed como para dar fin a los asesinatos y violencias machistas.<\/p>\n<p>Ante la falta de control del Gobierno Central y Vasco sobre las implantaciones de los Planes de Igualdad, la persistencia del acoso sexual laboral, la mayor tasa de paro femenina, la precariedad laboral, temporalidad y alta tasa de contratos con jornadas parciales, la brecha salarial y de pensiones, la falta de medidas de conciliaci\u00f3n de la vida laboral y personal, la falta de consideraci\u00f3n de las tareas de cuidados como trabajo con derecho a remuneraci\u00f3n y sin derecho a sus prestaciones contributivas independientes, la falta de medidas concretas y efectivas contra las violencias machistas o la falta de igualdad material efectiva de las mujeres migrantes y refugiadas.<\/p>\n<p><img loading=\"lazy\" decoding=\"async\" class=\"alignright wp-image-5118 size-medium\" src=\"https:\/\/www.cgt-lkn.org\/wp-content\/uploads\/2018\/02\/P1080258-300x225.jpg\" alt=\"\" width=\"300\" height=\"225\" \/>CGT-LKN de Euskal Heria atendiendo al llamamiento del Movimiento Feminista convoca HUELGA GENERAL el 8 de MARZO por las siguientes reivindicaciones:<strong>\u00a0\u00a0<\/strong><\/p>\n<p><strong>1.- La adopci\u00f3n de medidas concretas e inmediatas que acaben con la brecha salarial y la desigualdad en las pensiones<\/strong><\/p>\n<ol start=\"2\">\n<li><strong>El establecimiento de pol\u00edticas laborales sociales y econ\u00f3micas del gobierno que hagan efectivas la conciliaci\u00f3n real de la vida familiar laboral y personal, as\u00ed como la corresponsabilidad en los cuidados<\/strong><\/li>\n<li><strong>La retirada de las pol\u00edticas, leyes y actuaciones del capital que conllevan la discriminaci\u00f3n en el acceso al empleo de las mujeres y el establecimiento y fomento de medidas efectivas para la disminuci\u00f3n de la tasa de paro de mujeres.<\/strong><\/li>\n<li><strong>La erradicaci\u00f3n del acoso sexual laboral, la precariedad laboral, temporalidad y la alta tasa de contratos con jornadas parciales.<\/strong><\/li>\n<li><strong>La igualdad material efectiva de las mujeres migrantes y refugiadas.<\/strong><\/li>\n<li><strong>La equiparaci\u00f3n efectiva y real de las Empleadas del Hogar al r\u00e9gimen general.<\/strong><\/li>\n<li><strong>La consideraci\u00f3n de las tareas de cuidados como trabajo con derecho a remuneraci\u00f3n as\u00ed como el derecho a sus prestaciones contributivas independientes.<\/strong><\/li>\n<li><strong>La exigencia al gobierno de medidas concretas y efectivas contra las violencias machistas.<\/strong><\/li>\n<\/ol>\n<p>CGT-LKN de Euskal Herria llama a secundar la\u00a0<strong>Huelga General, laboral, estudiantil, de consumo y de cuidados y a participar en todas las movilizaciones que convoque el movimiento feminista para el 8 de marzo.<\/strong><\/p>\n<p><strong>\u00a0 \u00a1\u00a1 Huelga para vivir, huelga para cuidarnos !!<\/strong><\/p>\n","protected":false},"excerpt":{"rendered":"<p><img decoding=\"async\" class=\"alignleft\" src=\"https:\/\/www.cgt-lkn.org\/wp-content\/uploads\/2018\/02\/P1080246-300x225.jpg\" \/><\/p>\n<p>Con la presentaci\u00f3n de este preaviso de Huelga General, de conformidad con el Real Decreto \u2013 Ley 17\/1977, de 4 de marzo,<strong>\u00a0todos las trabajadoras y trabajadores de empresas y organismos encargados de servicios p\u00fablicos, sin distinci\u00f3n alguna de situaci\u00f3n laboral, sexo, edad o condici\u00f3n social, tienen garantizado el derecho a secundar la Huelga General del 8 de Marzo<\/strong>, desde las 00 horas hasta las 24 de este d\u00eda.<\/p>\n<p>Ante la ineficacia por parte del Gobierno Central y Vasco a la hora de desarrollar y aplicar pol\u00edticas p\u00fablicas reales y eficaces para la igualdad material y efectiva de la mujer en el \u00e1mbito laboral y, por tanto, en el social y econ\u00f3mico, as\u00ed como para dar fin a los asesinatos y violencias machistas.<\/p>\n","protected":false},"author":72,"featured_media":0,"comment_status":"closed","ping_status":"open","sticky":false,"template":"","format":"standard","meta":{"footnotes":"","_links_to":"","_links_to_target":""},"categories":[1,17,68,22,27,28],"tags":[],"class_list":["post-5684","post","type-post","status-publish","format-standard","hentry","category-general","category-movilizaciones","category-noticias-igualdad","category-en-la-prensa","category-sindical","category-social"],"publishpress_future_action":{"enabled":false,"date":"2026-05-07 05:27:30","action":"change-status","newStatus":"draft","terms":[],"taxonomy":"category","extraData":[]},"publishpress_future_workflow_manual_trigger":{"enabledWorkflows":[]},"_links":{"self":[{"href":"https:\/\/www.cgt-lkn.org\/bizkaia-gestamp\/wp-json\/wp\/v2\/posts\/5684","targetHints":{"allow":["GET"]}}],"collection":[{"href":"https:\/\/www.cgt-lkn.org\/bizkaia-gestamp\/wp-json\/wp\/v2\/posts"}],"about":[{"href":"https:\/\/www.cgt-lkn.org\/bizkaia-gestamp\/wp-json\/wp\/v2\/types\/post"}],"author":[{"embeddable":true,"href":"https:\/\/www.cgt-lkn.org\/bizkaia-gestamp\/wp-json\/wp\/v2\/users\/72"}],"replies":[{"embeddable":true,"href":"https:\/\/www.cgt-lkn.org\/bizkaia-gestamp\/wp-json\/wp\/v2\/comments?post=5684"}],"version-history":[{"count":1,"href":"https:\/\/www.cgt-lkn.org\/bizkaia-gestamp\/wp-json\/wp\/v2\/posts\/5684\/revisions"}],"predecessor-version":[{"id":5685,"href":"https:\/\/www.cgt-lkn.org\/bizkaia-gestamp\/wp-json\/wp\/v2\/posts\/5684\/revisions\/5685"}],"wp:attachment":[{"href":"https:\/\/www.cgt-lkn.org\/bizkaia-gestamp\/wp-json\/wp\/v2\/media?parent=5684"}],"wp:term":[{"taxonomy":"category","embeddable":true,"href":"https:\/\/www.cgt-lkn.org\/bizkaia-gestamp\/wp-json\/wp\/v2\/categories?post=5684"},{"taxonomy":"post_tag","embeddable":true,"href":"https:\/\/www.cgt-lkn.org\/bizkaia-gestamp\/wp-json\/wp\/v2\/tags?post=5684"}],"curies":[{"name":"wp","href":"https:\/\/api.w.org\/{rel}","templated":true}]}}