{"id":5482,"date":"2017-09-22T11:45:39","date_gmt":"2017-09-22T09:45:39","guid":{"rendered":"http:\/\/www.cgt-lkn.org\/bizkaia\/gestamp\/?p=5482"},"modified":"2017-09-22T11:47:15","modified_gmt":"2017-09-22T09:47:15","slug":"la-cgt-ante-la-represion-desatada-por-el-estado-en-catalunya","status":"publish","type":"post","link":"https:\/\/www.cgt-lkn.org\/bizkaia-gestamp\/2017\/09\/22\/la-cgt-ante-la-represion-desatada-por-el-estado-en-catalunya\/","title":{"rendered":"La CGT ante la represi\u00f3n desatada por el estado en Catalunya"},"content":{"rendered":"<p><img loading=\"lazy\" decoding=\"async\" class=\"alignleft\" src=\"http:\/\/cdn.20m.es\/img2\/recortes\/2014\/09\/11\/188777-943-534.jpg\" alt=\"Resultado de imagen de referendum catalu\u00f1a 2017\" width=\"330\" height=\"187\" \/>Ante los \u00faltimos acontecimientos represivos que se han producido en Catalunya tales como las detenciones a representantes pol\u00edticos, registros a medios de comunicaci\u00f3n y sedes de organizaciones, asaltos a domicilios, anulaci\u00f3n de las garant\u00edas constitucionales y de libertades p\u00fablicas como la libertad de expresi\u00f3n, de reuni\u00f3n\u2026 desde la CGT queremos manifestar que:<\/p>\n<p>&nbsp;<\/p>\n<p>&nbsp;<\/p>\n<p>&nbsp;<\/p>\n<div class=\"author\">\n<p>&nbsp;<\/p>\n<p>&nbsp;<\/p>\n<p>SECRETARIADO PERMANENTE DEL COMIT\u00c9 CONFEDERAL DE LA CGT<\/p>\n<\/div>\n<div class=\"content\">\n<div class=\"field-field-image\"><\/div>\n<ul>\n<li>Consideramos\u00a0<strong>absolutamente intolerable la respuesta autoritaria que desde el gobierno y las administraciones del Estado se est\u00e1 dando a lo que no es m\u00e1s que una manifestaci\u00f3n ciudadana del ejercicio a la libre expresi\u00f3n.<\/strong><\/li>\n<li>Es muy alarmante la escalada represiva que estamos viviendo estos d\u00edas en Catalunya pues supone\u00a0<strong>un grave e injustificado recorte de los espacios de participaci\u00f3n colectiva<\/strong>\u00a0pero, al margen del refer\u00e9ndum del 1-O, nos preocupa mucho que esta represi\u00f3n se extienda a otros espacios como el mundo sindical y el activismo social o ciudadano. Hist\u00f3ricamente, cuando las actitudes fascistas entran por la puerta, nunca salen si no se las expulsa.\u00a0<strong>El estado de excepci\u00f3n implantado en Catalunya nos recuerda a \u00e9pocas pasadas que cre\u00edamos definitivamente superadas.<\/strong><\/li>\n<li><strong>Desde la CGT manifestamos nuestro compromiso con la defensa de las libertades y en contra de la represi\u00f3n<\/strong>\u00a0que ha puesto en marcha el estado contra el pueblo catal\u00e1n. Hacemos un llamamiento a toda nuestra afiliaci\u00f3n\u00a0 y a sus sindicatos para que acudan defender en la pr\u00e1ctica estos principios, en la calle y donde sea necesario.\u00a0<strong>No vamos a dejar que nos quiten por la fuerza m\u00e1s derechos y libertades<\/strong>. Combatiremos estas formas de terrorismo de estado con todos nuestros medios y con todas sus consecuencias.<\/li>\n<\/ul>\n<p><a href=\"https:\/\/www.cgt-lkn.org\/wp-content\/uploads\/sites\/20\/2017\/09\/LA-CGT-ANTE-LA-REPRESI\u00d3N.pdf\" target=\"_blank\" rel=\"noopener\">LA CGT ANTE LA REPRESI\u00d3N EN PDF<\/a><\/p>\n<p><a href=\"https:\/\/www.cgt-lkn.org\/wp-content\/uploads\/sites\/20\/2017\/09\/Catalunya-1-O.pdf\" target=\"_blank\" rel=\"noopener\">Catalunya 1-O EN PDF<\/a><\/p>\n<\/div>\n","protected":false},"excerpt":{"rendered":"<p><a href=\"https:\/\/www.cgt-lkn.org\/bizkaia-gestamp\/2017\/09\/22\/la-cgt-ante-la-represion-desatada-por-el-estado-en-catalunya\/\"><img loading=\"lazy\" decoding=\"async\" class=\"alignleft\" src=\"http:\/\/cdn.20m.es\/img2\/recortes\/2014\/09\/11\/188777-943-534.jpg\" alt=\"Resultado de imagen de referendum catalu\u00f1a 2017\" width=\"330\" height=\"187\" \/><\/a><\/p>\n<p>Ante los \u00faltimos acontecimientos represivos que se han producido en Catalunya tales como las detenciones a representantes pol\u00edticos, registros a medios de comunicaci\u00f3n y sedes de organizaciones, asaltos a domicilios, anulaci\u00f3n de las garant\u00edas constitucionales y de libertades p\u00fablicas como la libertad de expresi\u00f3n, de reuni\u00f3n\u2026 desde la CGT queremos manifestar que:<\/p>\n<p>&nbsp;<\/p>\n","protected":false},"author":72,"featured_media":0,"comment_status":"closed","ping_status":"open","sticky":false,"template":"","format":"standard","meta":{"footnotes":"","_links_to":"","_links_to_target":""},"categories":[1,17,20,22,27,28],"tags":[],"class_list":["post-5482","post","type-post","status-publish","format-standard","hentry","category-general","category-movilizaciones","category-opinion-debate","category-en-la-prensa","category-sindical","category-social"],"publishpress_future_action":{"enabled":false,"date":"2026-05-06 19:04:53","action":"change-status","newStatus":"draft","terms":[],"taxonomy":"category","extraData":[]},"publishpress_future_workflow_manual_trigger":{"enabledWorkflows":[]},"_links":{"self":[{"href":"https:\/\/www.cgt-lkn.org\/bizkaia-gestamp\/wp-json\/wp\/v2\/posts\/5482","targetHints":{"allow":["GET"]}}],"collection":[{"href":"https:\/\/www.cgt-lkn.org\/bizkaia-gestamp\/wp-json\/wp\/v2\/posts"}],"about":[{"href":"https:\/\/www.cgt-lkn.org\/bizkaia-gestamp\/wp-json\/wp\/v2\/types\/post"}],"author":[{"embeddable":true,"href":"https:\/\/www.cgt-lkn.org\/bizkaia-gestamp\/wp-json\/wp\/v2\/users\/72"}],"replies":[{"embeddable":true,"href":"https:\/\/www.cgt-lkn.org\/bizkaia-gestamp\/wp-json\/wp\/v2\/comments?post=5482"}],"version-history":[{"count":3,"href":"https:\/\/www.cgt-lkn.org\/bizkaia-gestamp\/wp-json\/wp\/v2\/posts\/5482\/revisions"}],"predecessor-version":[{"id":5487,"href":"https:\/\/www.cgt-lkn.org\/bizkaia-gestamp\/wp-json\/wp\/v2\/posts\/5482\/revisions\/5487"}],"wp:attachment":[{"href":"https:\/\/www.cgt-lkn.org\/bizkaia-gestamp\/wp-json\/wp\/v2\/media?parent=5482"}],"wp:term":[{"taxonomy":"category","embeddable":true,"href":"https:\/\/www.cgt-lkn.org\/bizkaia-gestamp\/wp-json\/wp\/v2\/categories?post=5482"},{"taxonomy":"post_tag","embeddable":true,"href":"https:\/\/www.cgt-lkn.org\/bizkaia-gestamp\/wp-json\/wp\/v2\/tags?post=5482"}],"curies":[{"name":"wp","href":"https:\/\/api.w.org\/{rel}","templated":true}]}}